{"id":1058,"date":"2018-09-08T03:32:45","date_gmt":"2018-09-08T01:32:45","guid":{"rendered":"http:\/\/dev.anchor-relocation.ch\/de\/?p=1058"},"modified":"2023-08-15T22:01:27","modified_gmt":"2023-08-15T20:01:27","slug":"knabenschiessen-zurich","status":"publish","type":"post","link":"https:\/\/anchor-relocation.ch\/de\/knabenschiessen-zurich\/","title":{"rendered":"Knabenschiessen Z\u00fcrich"},"content":{"rendered":"\n<style type=\"text\/css\" data-created_by=\"avia_inline_auto\" id=\"style-css-av-av_heading-79b5b9f848dc64b487b3c0a21f04ecb1\">\n#top .av-special-heading.av-av_heading-79b5b9f848dc64b487b3c0a21f04ecb1{\npadding-bottom:10px;\n}\nbody .av-special-heading.av-av_heading-79b5b9f848dc64b487b3c0a21f04ecb1 .av-special-heading-tag .heading-char{\nfont-size:25px;\n}\n.av-special-heading.av-av_heading-79b5b9f848dc64b487b3c0a21f04ecb1 .av-subheading{\nfont-size:15px;\n}\n<\/style>\n<div  class='av-special-heading av-av_heading-79b5b9f848dc64b487b3c0a21f04ecb1 av-special-heading-h2 blockquote modern-quote  avia-builder-el-0  el_before_av_textblock  avia-builder-el-first '><h2 class='av-special-heading-tag '  itemprop=\"headline\"  >Knabenschiessen Z\u00fcrich<\/h2><div class=\"special-heading-border\"><div class=\"special-heading-inner-border\"><\/div><\/div><\/div>\n<section  class='av_textblock_section av-zhfgg-272816063b2ba77f1df118854dc4473f '   itemscope=\"itemscope\" itemtype=\"https:\/\/schema.org\/BlogPosting\" itemprop=\"blogPost\" ><div class='avia_textblock'  itemprop=\"text\" ><p><em>8. September 2018<\/em><\/p>\n<\/div><\/section>\n\n<style type=\"text\/css\" data-created_by=\"avia_inline_auto\" id=\"style-css-av-po0go-6450c6e3901347e6788d1e526ed4fb95\">\n.avia-image-container.av-po0go-6450c6e3901347e6788d1e526ed4fb95 img.avia_image{\nbox-shadow:none;\n}\n.avia-image-container.av-po0go-6450c6e3901347e6788d1e526ed4fb95 .av-image-caption-overlay-center{\ncolor:#ffffff;\n}\n<\/style>\n<div  class='avia-image-container av-po0go-6450c6e3901347e6788d1e526ed4fb95 av-styling-no-styling avia-align-left  avia-builder-el-2  el_after_av_textblock  el_before_av_hr '   itemprop=\"image\" itemscope=\"itemscope\" itemtype=\"https:\/\/schema.org\/ImageObject\" ><div class=\"avia-image-container-inner\"><div class=\"avia-image-overlay-wrap\"><img decoding=\"async\" fetchpriority=\"high\" class='wp-image-1012 avia-img-lazy-loading-not-1012 avia_image ' src=\"https:\/\/anchor-relocation.ch\/wp-content\/uploads\/2015\/10\/RUetliberg-mit-Mond-2-1030x684.jpg\" alt='' title='Knabenschiessen Zurich'  height=\"684\" width=\"1030\"  itemprop=\"thumbnailUrl\" srcset=\"https:\/\/anchor-relocation.ch\/wp-content\/uploads\/2015\/10\/RUetliberg-mit-Mond-2-1030x684.jpg 1030w, https:\/\/anchor-relocation.ch\/wp-content\/uploads\/2015\/10\/RUetliberg-mit-Mond-2-300x199.jpg 300w, https:\/\/anchor-relocation.ch\/wp-content\/uploads\/2015\/10\/RUetliberg-mit-Mond-2-1500x996.jpg 1500w, https:\/\/anchor-relocation.ch\/wp-content\/uploads\/2015\/10\/RUetliberg-mit-Mond-2-705x468.jpg 705w, https:\/\/anchor-relocation.ch\/wp-content\/uploads\/2015\/10\/RUetliberg-mit-Mond-2-450x299.jpg 450w\" sizes=\"(max-width: 1030px) 100vw, 1030px\" \/><\/div><\/div><\/div>\n\n<style type=\"text\/css\" data-created_by=\"avia_inline_auto\" id=\"style-css-av-jd5so-e973480715221831044af034da646538\">\n#top .hr.hr-invisible.av-jd5so-e973480715221831044af034da646538{\nheight:20px;\n}\n<\/style>\n<div  class='hr av-jd5so-e973480715221831044af034da646538 hr-invisible  avia-builder-el-3  el_after_av_image  el_before_av_textblock '><span class='hr-inner '><span class=\"hr-inner-style\"><\/span><\/span><\/div>\n<section  class='av_textblock_section av-crs9s-2f40c2ac09b66013d549469e65320249 '   itemscope=\"itemscope\" itemtype=\"https:\/\/schema.org\/BlogPosting\" itemprop=\"blogPost\" ><div class='avia_textblock'  itemprop=\"text\" ><p>Heute ist Knabenschiessen in Z\u00fcrich. Falls Sie nicht in Z\u00fcrich wohnhaft sind, kennen Sie das Knabenschiessen wahrscheinlich nicht.<\/p>\n<p>Das Knabenschiessen ist ein traditioneller Schiesswettbewerb in Z\u00fcrich, der jedes Jahr am zweiten Septemberwochenende stattfindet. Der Montag ist in Z\u00fcrich ein halber offizieller Feiertag, an dem viele Gesch\u00e4fte und alle Schulen am Nachmittag geschlossen sind.<\/p>\n<p>Das Fest, das 1889 zum ersten Mal offiziell stattfand, ist eines der \u00e4ltesten der Schweiz und geht auf das 17. Jahrhundert zur\u00fcck. Es handelt sich um einen Wettbewerb im Gewehrschiessen, an dem 13- bis 17-J\u00e4hrige teilnehmen k\u00f6nnen, die ihren Wohnsitz im Kanton Z\u00fcrich haben oder an einer Schule im Kanton Z\u00fcrich eingeschrieben sind. Urspr\u00fcnglich war der Wettbewerb nur Jungen (Knaben) vorbehalten, seit 1991 ist er auch f\u00fcr M\u00e4dchen zug\u00e4nglich. Es findet in der Schiessanlage Albisg\u00fcetli s\u00fcdwestlich des Stadtzentrums am Hang des Uetlibergs statt.<\/p>\n<p>Zum Fest geh\u00f6rt auch ein grosser Rummelplatz mit vielen verschiedenen Bahnen und Spielen. Unten eine sch\u00f6ne Impression des Karnevals von Elan Schnider.<\/p>\n<p><em>(Bildnachweis <a href=\"http:\/\/www.knabenschiessen.ch\">knabenschiessen.ch<\/a>)<\/em><br \/>\n<em>(Inhaltsquelle <a href=\"https:\/\/en.wikipedia.org\/wiki\/Knabenschiessen\">wikipedia<\/a>)<\/em><\/p>\n<\/div><\/section>\n<div  class='avia-video av-addxk-1fe7f0c3361195c5d5faac9da494be55 avia-video-16-9 av-no-preview-image avia-video-load-always av-lazyload-immediate av-lazyload-video-embed'  itemprop=\"video\" itemtype=\"https:\/\/schema.org\/VideoObject\"  data-original_url='https:\/\/vimeo.com\/110361287'><script type='text\/html' class='av-video-tmpl'><div class='avia-iframe-wrap'><iframe loading=\"lazy\" src=\"https:\/\/player.vimeo.com\/video\/110361287?autoplay=0&loop=0&controls=1&muted=0\" width=\"1280\" height=\"720\" frameborder=\"0\" title=\"KNABENSCHIESSEN \/\/ ZURICH\" webkitallowfullscreen mozallowfullscreen allowfullscreen><\/iframe><\/div><\/script><div class='av-click-to-play-overlay'><div class=\"avia_playpause_icon\"><\/div><\/div><\/div>\n","protected":false},"excerpt":{"rendered":"<p>Heute ist Knabenschiessen in Z\u00fcrich. Falls Sie nicht in Z\u00fcrich wohnhaft sind, kennen Sie das Knabenschiessen wahrscheinlich nicht. Das Knabenschiessen ist ein traditioneller Schiesswettbewerb in Z\u00fcrich, der jedes Jahr am zweiten Septemberwochenende stattfindet. Der Montag ist in Z\u00fcrich ein halber offizieller Feiertag, an dem viele Gesch\u00e4fte und alle Schulen am Nachmittag geschlossen sind.<\/p>\n","protected":false},"author":2,"featured_media":1012,"comment_status":"closed","ping_status":"closed","sticky":false,"template":"","format":"standard","meta":{"footnotes":""},"categories":[24],"tags":[29,35],"class_list":["post-1058","post","type-post","status-publish","format-standard","has-post-thumbnail","hentry","category-wie-es-funktioniert","tag-knabenschiessen-de","tag-zuerich-fest"],"yoast_head":"<!-- This site is optimized with the Yoast SEO Premium plugin v28.4 (Yoast SEO v28.4) - https:\/\/yoast.com\/product\/yoast-seo-premium-wordpress\/ -->\n<title>Knabenschiessen Zurich - Anchor Relocation Services<\/title>\n<meta name=\"description\" content=\"Heute ist Knabenschiessen in Z\u00fcrich. Falls Sie nicht in Z\u00fcrich wohnhaft sind, kennen Sie das Knabenschiessen wahrscheinlich nicht. Das Knabenschiessen ist ein traditionelles ....\" \/>\n<meta name=\"robots\" content=\"index, follow, max-snippet:-1, max-image-preview:large, max-video-preview:-1\" \/>\n<link rel=\"canonical\" href=\"https:\/\/anchor-relocation.ch\/de\/knabenschiessen-zurich\/\" \/>\n<meta property=\"og:locale\" content=\"de_DE\" \/>\n<meta property=\"og:type\" content=\"article\" \/>\n<meta property=\"og:title\" content=\"Knabenschiessen Z\u00fcrich\" \/>\n<meta property=\"og:description\" content=\"Are you moving to Switzerland? Anchor Relocation is the first contact for expatriates from all over the world. We offer professional, efficient, in-depth and fully customised Home Search as well as Temporary Housing, Departure Support and many other services. How can we support you?\" \/>\n<meta property=\"og:url\" content=\"https:\/\/anchor-relocation.ch\/de\/knabenschiessen-zurich\/\" \/>\n<meta property=\"og:site_name\" content=\"Anchor Relocation Services\" \/>\n<meta property=\"article:published_time\" content=\"2018-09-08T01:32:45+00:00\" \/>\n<meta property=\"article:modified_time\" content=\"2023-08-15T20:01:27+00:00\" \/>\n<meta property=\"og:image\" content=\"https:\/\/anchor-relocation.ch\/wp-content\/uploads\/2015\/10\/RUetliberg-mit-Mond-2.jpg\" \/>\n\t<meta property=\"og:image:width\" content=\"2240\" \/>\n\t<meta property=\"og:image:height\" content=\"1488\" \/>\n\t<meta property=\"og:image:type\" content=\"image\/jpeg\" \/>\n<meta name=\"author\" content=\"cd2s\" \/>\n<meta name=\"twitter:card\" content=\"summary_large_image\" \/>\n<meta name=\"twitter:label1\" content=\"Written by\" \/>\n\t<meta name=\"twitter:data1\" content=\"cd2s\" \/>\n\t<meta name=\"twitter:label2\" content=\"Est. reading time\" \/>\n\t<meta name=\"twitter:data2\" content=\"2 minutes\" \/>\n<script type=\"application\/ld+json\" class=\"yoast-schema-graph\">{\"@context\":\"https:\\\/\\\/schema.org\",\"@graph\":[{\"@type\":\"Article\",\"@id\":\"https:\\\/\\\/anchor-relocation.ch\\\/de\\\/knabenschiessen-zurich\\\/#article\",\"isPartOf\":{\"@id\":\"https:\\\/\\\/anchor-relocation.ch\\\/de\\\/knabenschiessen-zurich\\\/\"},\"author\":{\"name\":\"cd2s\",\"@id\":\"https:\\\/\\\/anchor-relocation.ch\\\/de\\\/#\\\/schema\\\/person\\\/e44dbf33c25a80a1dafa3792d205ac96\"},\"headline\":\"Knabenschiessen Z\u00fcrich\",\"datePublished\":\"2018-09-08T01:32:45+00:00\",\"dateModified\":\"2023-08-15T20:01:27+00:00\",\"mainEntityOfPage\":{\"@id\":\"https:\\\/\\\/anchor-relocation.ch\\\/de\\\/knabenschiessen-zurich\\\/\"},\"wordCount\":373,\"publisher\":{\"@id\":\"https:\\\/\\\/anchor-relocation.ch\\\/de\\\/#organization\"},\"image\":{\"@id\":\"https:\\\/\\\/anchor-relocation.ch\\\/de\\\/knabenschiessen-zurich\\\/#primaryimage\"},\"thumbnailUrl\":\"https:\\\/\\\/anchor-relocation.ch\\\/wp-content\\\/uploads\\\/2015\\\/10\\\/RUetliberg-mit-Mond-2.jpg\",\"keywords\":[\"Knabenschiessen\",\"Z\u00fcrich Fest\"],\"articleSection\":[\"Wie es Funktioniert\"],\"inLanguage\":\"de-DE\"},{\"@type\":\"WebPage\",\"@id\":\"https:\\\/\\\/anchor-relocation.ch\\\/de\\\/knabenschiessen-zurich\\\/\",\"url\":\"https:\\\/\\\/anchor-relocation.ch\\\/de\\\/knabenschiessen-zurich\\\/\",\"name\":\"Knabenschiessen Zurich - Anchor Relocation Services\",\"isPartOf\":{\"@id\":\"https:\\\/\\\/anchor-relocation.ch\\\/de\\\/#website\"},\"primaryImageOfPage\":{\"@id\":\"https:\\\/\\\/anchor-relocation.ch\\\/de\\\/knabenschiessen-zurich\\\/#primaryimage\"},\"image\":{\"@id\":\"https:\\\/\\\/anchor-relocation.ch\\\/de\\\/knabenschiessen-zurich\\\/#primaryimage\"},\"thumbnailUrl\":\"https:\\\/\\\/anchor-relocation.ch\\\/wp-content\\\/uploads\\\/2015\\\/10\\\/RUetliberg-mit-Mond-2.jpg\",\"datePublished\":\"2018-09-08T01:32:45+00:00\",\"dateModified\":\"2023-08-15T20:01:27+00:00\",\"description\":\"Heute ist Knabenschiessen in Z\u00fcrich. Falls Sie nicht in Z\u00fcrich wohnhaft sind, kennen Sie das Knabenschiessen wahrscheinlich nicht. Das Knabenschiessen ist ein traditionelles ....\",\"breadcrumb\":{\"@id\":\"https:\\\/\\\/anchor-relocation.ch\\\/de\\\/knabenschiessen-zurich\\\/#breadcrumb\"},\"inLanguage\":\"de-DE\",\"potentialAction\":[{\"@type\":\"ReadAction\",\"target\":[\"https:\\\/\\\/anchor-relocation.ch\\\/de\\\/knabenschiessen-zurich\\\/\"]}]},{\"@type\":\"ImageObject\",\"inLanguage\":\"de-DE\",\"@id\":\"https:\\\/\\\/anchor-relocation.ch\\\/de\\\/knabenschiessen-zurich\\\/#primaryimage\",\"url\":\"https:\\\/\\\/anchor-relocation.ch\\\/wp-content\\\/uploads\\\/2015\\\/10\\\/RUetliberg-mit-Mond-2.jpg\",\"contentUrl\":\"https:\\\/\\\/anchor-relocation.ch\\\/wp-content\\\/uploads\\\/2015\\\/10\\\/RUetliberg-mit-Mond-2.jpg\",\"width\":2240,\"height\":1488},{\"@type\":\"BreadcrumbList\",\"@id\":\"https:\\\/\\\/anchor-relocation.ch\\\/de\\\/knabenschiessen-zurich\\\/#breadcrumb\",\"itemListElement\":[{\"@type\":\"ListItem\",\"position\":1,\"name\":\"Home\",\"item\":\"https:\\\/\\\/anchor-relocation.ch\\\/de\\\/home\\\/\"},{\"@type\":\"ListItem\",\"position\":2,\"name\":\"Knabenschiessen Z\u00fcrich\"}]},{\"@type\":\"WebSite\",\"@id\":\"https:\\\/\\\/anchor-relocation.ch\\\/de\\\/#website\",\"url\":\"https:\\\/\\\/anchor-relocation.ch\\\/de\\\/\",\"name\":\"Anchor Relocation Services\",\"description\":\"welcome home.\",\"publisher\":{\"@id\":\"https:\\\/\\\/anchor-relocation.ch\\\/de\\\/#organization\"},\"alternateName\":\"Relocation Services Zurich\",\"potentialAction\":[{\"@type\":\"SearchAction\",\"target\":{\"@type\":\"EntryPoint\",\"urlTemplate\":\"https:\\\/\\\/anchor-relocation.ch\\\/de\\\/?s={search_term_string}\"},\"query-input\":{\"@type\":\"PropertyValueSpecification\",\"valueRequired\":true,\"valueName\":\"search_term_string\"}}],\"inLanguage\":\"de-DE\"},{\"@type\":\"Organization\",\"@id\":\"https:\\\/\\\/anchor-relocation.ch\\\/de\\\/#organization\",\"name\":\"Anchor Relocation + Property Services\",\"url\":\"https:\\\/\\\/anchor-relocation.ch\\\/de\\\/\",\"logo\":{\"@type\":\"ImageObject\",\"inLanguage\":\"de-DE\",\"@id\":\"https:\\\/\\\/anchor-relocation.ch\\\/de\\\/#\\\/schema\\\/logo\\\/image\\\/\",\"url\":\"https:\\\/\\\/anchor-relocation.ch\\\/wp-content\\\/uploads\\\/2017\\\/01\\\/anchor_NoTagline_2016_2945U.png\",\"contentUrl\":\"https:\\\/\\\/anchor-relocation.ch\\\/wp-content\\\/uploads\\\/2017\\\/01\\\/anchor_NoTagline_2016_2945U.png\",\"width\":2961,\"height\":190,\"caption\":\"Anchor Relocation + Property Services\"},\"image\":{\"@id\":\"https:\\\/\\\/anchor-relocation.ch\\\/de\\\/#\\\/schema\\\/logo\\\/image\\\/\"}},{\"@type\":\"Person\",\"@id\":\"https:\\\/\\\/anchor-relocation.ch\\\/de\\\/#\\\/schema\\\/person\\\/e44dbf33c25a80a1dafa3792d205ac96\",\"name\":\"cd2s\",\"image\":{\"@type\":\"ImageObject\",\"inLanguage\":\"de-DE\",\"@id\":\"https:\\\/\\\/secure.gravatar.com\\\/avatar\\\/5d0fe13009dba9ab982f52abe74771dffee1bf00af91b29b8997003a872c07fe?s=96&d=mm&r=g\",\"url\":\"https:\\\/\\\/secure.gravatar.com\\\/avatar\\\/5d0fe13009dba9ab982f52abe74771dffee1bf00af91b29b8997003a872c07fe?s=96&d=mm&r=g\",\"contentUrl\":\"https:\\\/\\\/secure.gravatar.com\\\/avatar\\\/5d0fe13009dba9ab982f52abe74771dffee1bf00af91b29b8997003a872c07fe?s=96&d=mm&r=g\",\"caption\":\"cd2s\"}}]}<\/script>\n<!-- \/ Yoast SEO Premium plugin. -->","yoast_head_json":{"title":"Knabenschiessen Zurich - Anchor Relocation Services","description":"Heute ist Knabenschiessen in Z\u00fcrich. Falls Sie nicht in Z\u00fcrich wohnhaft sind, kennen Sie das Knabenschiessen wahrscheinlich nicht. Das Knabenschiessen ist ein traditionelles ....","robots":{"index":"index","follow":"follow","max-snippet":"max-snippet:-1","max-image-preview":"max-image-preview:large","max-video-preview":"max-video-preview:-1"},"canonical":"https:\/\/anchor-relocation.ch\/de\/knabenschiessen-zurich\/","og_locale":"de_DE","og_type":"article","og_title":"Knabenschiessen Z\u00fcrich","og_description":"Are you moving to Switzerland? Anchor Relocation is the first contact for expatriates from all over the world. We offer professional, efficient, in-depth and fully customised Home Search as well as Temporary Housing, Departure Support and many other services. How can we support you?","og_url":"https:\/\/anchor-relocation.ch\/de\/knabenschiessen-zurich\/","og_site_name":"Anchor Relocation Services","article_published_time":"2018-09-08T01:32:45+00:00","article_modified_time":"2023-08-15T20:01:27+00:00","og_image":[{"width":2240,"height":1488,"url":"https:\/\/anchor-relocation.ch\/wp-content\/uploads\/2015\/10\/RUetliberg-mit-Mond-2.jpg","type":"image\/jpeg"}],"author":"cd2s","twitter_card":"summary_large_image","twitter_misc":{"Written by":"cd2s","Est. reading time":"2 minutes"},"schema":{"@context":"https:\/\/schema.org","@graph":[{"@type":"Article","@id":"https:\/\/anchor-relocation.ch\/de\/knabenschiessen-zurich\/#article","isPartOf":{"@id":"https:\/\/anchor-relocation.ch\/de\/knabenschiessen-zurich\/"},"author":{"name":"cd2s","@id":"https:\/\/anchor-relocation.ch\/de\/#\/schema\/person\/e44dbf33c25a80a1dafa3792d205ac96"},"headline":"Knabenschiessen Z\u00fcrich","datePublished":"2018-09-08T01:32:45+00:00","dateModified":"2023-08-15T20:01:27+00:00","mainEntityOfPage":{"@id":"https:\/\/anchor-relocation.ch\/de\/knabenschiessen-zurich\/"},"wordCount":373,"publisher":{"@id":"https:\/\/anchor-relocation.ch\/de\/#organization"},"image":{"@id":"https:\/\/anchor-relocation.ch\/de\/knabenschiessen-zurich\/#primaryimage"},"thumbnailUrl":"https:\/\/anchor-relocation.ch\/wp-content\/uploads\/2015\/10\/RUetliberg-mit-Mond-2.jpg","keywords":["Knabenschiessen","Z\u00fcrich Fest"],"articleSection":["Wie es Funktioniert"],"inLanguage":"de-DE"},{"@type":"WebPage","@id":"https:\/\/anchor-relocation.ch\/de\/knabenschiessen-zurich\/","url":"https:\/\/anchor-relocation.ch\/de\/knabenschiessen-zurich\/","name":"Knabenschiessen Zurich - Anchor Relocation Services","isPartOf":{"@id":"https:\/\/anchor-relocation.ch\/de\/#website"},"primaryImageOfPage":{"@id":"https:\/\/anchor-relocation.ch\/de\/knabenschiessen-zurich\/#primaryimage"},"image":{"@id":"https:\/\/anchor-relocation.ch\/de\/knabenschiessen-zurich\/#primaryimage"},"thumbnailUrl":"https:\/\/anchor-relocation.ch\/wp-content\/uploads\/2015\/10\/RUetliberg-mit-Mond-2.jpg","datePublished":"2018-09-08T01:32:45+00:00","dateModified":"2023-08-15T20:01:27+00:00","description":"Heute ist Knabenschiessen in Z\u00fcrich. Falls Sie nicht in Z\u00fcrich wohnhaft sind, kennen Sie das Knabenschiessen wahrscheinlich nicht. Das Knabenschiessen ist ein traditionelles ....","breadcrumb":{"@id":"https:\/\/anchor-relocation.ch\/de\/knabenschiessen-zurich\/#breadcrumb"},"inLanguage":"de-DE","potentialAction":[{"@type":"ReadAction","target":["https:\/\/anchor-relocation.ch\/de\/knabenschiessen-zurich\/"]}]},{"@type":"ImageObject","inLanguage":"de-DE","@id":"https:\/\/anchor-relocation.ch\/de\/knabenschiessen-zurich\/#primaryimage","url":"https:\/\/anchor-relocation.ch\/wp-content\/uploads\/2015\/10\/RUetliberg-mit-Mond-2.jpg","contentUrl":"https:\/\/anchor-relocation.ch\/wp-content\/uploads\/2015\/10\/RUetliberg-mit-Mond-2.jpg","width":2240,"height":1488},{"@type":"BreadcrumbList","@id":"https:\/\/anchor-relocation.ch\/de\/knabenschiessen-zurich\/#breadcrumb","itemListElement":[{"@type":"ListItem","position":1,"name":"Home","item":"https:\/\/anchor-relocation.ch\/de\/home\/"},{"@type":"ListItem","position":2,"name":"Knabenschiessen Z\u00fcrich"}]},{"@type":"WebSite","@id":"https:\/\/anchor-relocation.ch\/de\/#website","url":"https:\/\/anchor-relocation.ch\/de\/","name":"Anchor Relocation Services","description":"welcome home.","publisher":{"@id":"https:\/\/anchor-relocation.ch\/de\/#organization"},"alternateName":"Relocation Services Zurich","potentialAction":[{"@type":"SearchAction","target":{"@type":"EntryPoint","urlTemplate":"https:\/\/anchor-relocation.ch\/de\/?s={search_term_string}"},"query-input":{"@type":"PropertyValueSpecification","valueRequired":true,"valueName":"search_term_string"}}],"inLanguage":"de-DE"},{"@type":"Organization","@id":"https:\/\/anchor-relocation.ch\/de\/#organization","name":"Anchor Relocation + Property Services","url":"https:\/\/anchor-relocation.ch\/de\/","logo":{"@type":"ImageObject","inLanguage":"de-DE","@id":"https:\/\/anchor-relocation.ch\/de\/#\/schema\/logo\/image\/","url":"https:\/\/anchor-relocation.ch\/wp-content\/uploads\/2017\/01\/anchor_NoTagline_2016_2945U.png","contentUrl":"https:\/\/anchor-relocation.ch\/wp-content\/uploads\/2017\/01\/anchor_NoTagline_2016_2945U.png","width":2961,"height":190,"caption":"Anchor Relocation + Property Services"},"image":{"@id":"https:\/\/anchor-relocation.ch\/de\/#\/schema\/logo\/image\/"}},{"@type":"Person","@id":"https:\/\/anchor-relocation.ch\/de\/#\/schema\/person\/e44dbf33c25a80a1dafa3792d205ac96","name":"cd2s","image":{"@type":"ImageObject","inLanguage":"de-DE","@id":"https:\/\/secure.gravatar.com\/avatar\/5d0fe13009dba9ab982f52abe74771dffee1bf00af91b29b8997003a872c07fe?s=96&d=mm&r=g","url":"https:\/\/secure.gravatar.com\/avatar\/5d0fe13009dba9ab982f52abe74771dffee1bf00af91b29b8997003a872c07fe?s=96&d=mm&r=g","contentUrl":"https:\/\/secure.gravatar.com\/avatar\/5d0fe13009dba9ab982f52abe74771dffee1bf00af91b29b8997003a872c07fe?s=96&d=mm&r=g","caption":"cd2s"}}]}},"_links":{"self":[{"href":"https:\/\/anchor-relocation.ch\/de\/wp-json\/wp\/v2\/posts\/1058","targetHints":{"allow":["GET"]}}],"collection":[{"href":"https:\/\/anchor-relocation.ch\/de\/wp-json\/wp\/v2\/posts"}],"about":[{"href":"https:\/\/anchor-relocation.ch\/de\/wp-json\/wp\/v2\/types\/post"}],"author":[{"embeddable":true,"href":"https:\/\/anchor-relocation.ch\/de\/wp-json\/wp\/v2\/users\/2"}],"replies":[{"embeddable":true,"href":"https:\/\/anchor-relocation.ch\/de\/wp-json\/wp\/v2\/comments?post=1058"}],"version-history":[{"count":11,"href":"https:\/\/anchor-relocation.ch\/de\/wp-json\/wp\/v2\/posts\/1058\/revisions"}],"predecessor-version":[{"id":4703,"href":"https:\/\/anchor-relocation.ch\/de\/wp-json\/wp\/v2\/posts\/1058\/revisions\/4703"}],"wp:featuredmedia":[{"embeddable":true,"href":"https:\/\/anchor-relocation.ch\/de\/wp-json\/wp\/v2\/media\/1012"}],"wp:attachment":[{"href":"https:\/\/anchor-relocation.ch\/de\/wp-json\/wp\/v2\/media?parent=1058"}],"wp:term":[{"taxonomy":"category","embeddable":true,"href":"https:\/\/anchor-relocation.ch\/de\/wp-json\/wp\/v2\/categories?post=1058"},{"taxonomy":"post_tag","embeddable":true,"href":"https:\/\/anchor-relocation.ch\/de\/wp-json\/wp\/v2\/tags?post=1058"}],"curies":[{"name":"wp","href":"https:\/\/api.w.org\/{rel}","templated":true}]}}