{"id":1064,"date":"2018-02-02T03:42:46","date_gmt":"2018-02-02T01:42:46","guid":{"rendered":"http:\/\/dev.anchor-relocation.ch\/de\/?p=1064"},"modified":"2023-08-15T21:57:50","modified_gmt":"2023-08-15T19:57:50","slug":"mitglied-der-sara-swiss-vereinigung-der-umzugsagenten","status":"publish","type":"post","link":"https:\/\/anchor-relocation.ch\/de\/mitglied-der-sara-swiss-vereinigung-der-umzugsagenten\/","title":{"rendered":"Mitglied von Sara &#8211; Schweizerischer Verband der Relocation Agents"},"content":{"rendered":"\n<style type=\"text\/css\" data-created_by=\"avia_inline_auto\" id=\"style-css-av-8ao41-3d21258c62dc661deb5ee758384af247\">\n#top .av-special-heading.av-8ao41-3d21258c62dc661deb5ee758384af247{\npadding-bottom:10px;\n}\nbody .av-special-heading.av-8ao41-3d21258c62dc661deb5ee758384af247 .av-special-heading-tag .heading-char{\nfont-size:25px;\n}\n.av-special-heading.av-8ao41-3d21258c62dc661deb5ee758384af247 .av-subheading{\nfont-size:15px;\n}\n<\/style>\n<div  class='av-special-heading av-8ao41-3d21258c62dc661deb5ee758384af247 av-special-heading-h2 blockquote modern-quote  avia-builder-el-0  el_before_av_textblock  avia-builder-el-first '><h2 class='av-special-heading-tag '  itemprop=\"headline\"  >Wir sind Mitglied von Sara<\/h2><div class=\"special-heading-border\"><div class=\"special-heading-inner-border\"><\/div><\/div><\/div>\n<section  class='av_textblock_section av-pwwo9-779742b11dc1915405959402e5342deb '   itemscope=\"itemscope\" itemtype=\"https:\/\/schema.org\/BlogPosting\" itemprop=\"blogPost\" ><div class='avia_textblock'  itemprop=\"text\" ><p><em>01. Februar 2018<\/em><\/p>\n<\/div><\/section>\n\n<style type=\"text\/css\" data-created_by=\"avia_inline_auto\" id=\"style-css-av-kqbup-124f153096bee5e53b33c4d5f3019124\">\n.avia-image-container.av-kqbup-124f153096bee5e53b33c4d5f3019124 img.avia_image{\nbox-shadow:none;\n}\n.avia-image-container.av-kqbup-124f153096bee5e53b33c4d5f3019124 .av-image-caption-overlay-center{\ncolor:#ffffff;\n}\n<\/style>\n<div  class='avia-image-container av-kqbup-124f153096bee5e53b33c4d5f3019124 av-styling-no-styling avia-align-center  avia-builder-el-2  el_after_av_textblock  el_before_av_textblock '   itemprop=\"image\" itemscope=\"itemscope\" itemtype=\"https:\/\/schema.org\/ImageObject\" ><div class=\"avia-image-container-inner\"><div class=\"avia-image-overlay-wrap\"><img decoding=\"async\" fetchpriority=\"high\" class='wp-image-1011 avia-img-lazy-loading-not-1011 avia_image ' src=\"https:\/\/anchor-relocation.ch\/wp-content\/uploads\/2015\/10\/sara.jpg\" alt='' title='sara'  height=\"1000\" width=\"1700\"  itemprop=\"thumbnailUrl\" srcset=\"https:\/\/anchor-relocation.ch\/wp-content\/uploads\/2015\/10\/sara.jpg 1700w, https:\/\/anchor-relocation.ch\/wp-content\/uploads\/2015\/10\/sara-300x176.jpg 300w, https:\/\/anchor-relocation.ch\/wp-content\/uploads\/2015\/10\/sara-1030x606.jpg 1030w, https:\/\/anchor-relocation.ch\/wp-content\/uploads\/2015\/10\/sara-1500x882.jpg 1500w, https:\/\/anchor-relocation.ch\/wp-content\/uploads\/2015\/10\/sara-705x415.jpg 705w, https:\/\/anchor-relocation.ch\/wp-content\/uploads\/2015\/10\/sara-450x265.jpg 450w\" sizes=\"(max-width: 1700px) 100vw, 1700px\" \/><\/div><\/div><\/div>\n<section  class='av_textblock_section av-ee29d-09fd947fe58831c773a3020be249c49a '   itemscope=\"itemscope\" itemtype=\"https:\/\/schema.org\/BlogPosting\" itemprop=\"blogPost\" ><div class='avia_textblock'  itemprop=\"text\" ><p>Wir sind freuen uns, dass wir Mitglied der <a href=\"http:\/\/www.sara-relocation.com\">Schweizerischen Vereinigung der Relocation Agents (Sara)<\/a> geworden sind. Damit k\u00f6nnen wir unser Netzwerk weiter ausbauen und haben die M\u00f6glichkeit, die Zukunft der Relocation-Branche und ihre Standards in der Schweiz mitzugestalten. Saras Aufgabe ist es, Wissen und Verst\u00e4ndnis f\u00fcr die Problematik der Unternehmensmobilit\u00e4t zu verbreiten und die Leistungsstandards der Branche durch Kommunikation und Bildung zu verbessern.<\/p>\n<\/div><\/section>\n\n<style type=\"text\/css\" data-created_by=\"avia_inline_auto\" id=\"style-css-av-y0c1-b0566c866a51a49555d824f457b76079\">\n.avia-image-container.av-y0c1-b0566c866a51a49555d824f457b76079 img.avia_image{\nbox-shadow:none;\n}\n.avia-image-container.av-y0c1-b0566c866a51a49555d824f457b76079 .av-image-caption-overlay-center{\ncolor:#ffffff;\n}\n<\/style>\n<div  class='avia-image-container av-y0c1-b0566c866a51a49555d824f457b76079 av-styling-no-styling avia-align-left  avia-builder-el-4  el_after_av_textblock  avia-builder-el-last '   itemprop=\"image\" itemscope=\"itemscope\" itemtype=\"https:\/\/schema.org\/ImageObject\" ><div class=\"avia-image-container-inner\"><div class=\"avia-image-overlay-wrap\"><img decoding=\"async\" fetchpriority=\"high\" class='wp-image-1010 avia-img-lazy-loading-not-1010 avia_image ' src=\"https:\/\/anchor-relocation.ch\/wp-content\/uploads\/2015\/10\/sara_logo-300x92.png\" alt='Sara Member | Anchor Relocation' title='Sara Member | Anchor Relocation'  height=\"92\" width=\"300\"  itemprop=\"thumbnailUrl\" srcset=\"https:\/\/anchor-relocation.ch\/wp-content\/uploads\/2015\/10\/sara_logo-300x92.png 300w, https:\/\/anchor-relocation.ch\/wp-content\/uploads\/2015\/10\/sara_logo-710x218.png 710w, https:\/\/anchor-relocation.ch\/wp-content\/uploads\/2015\/10\/sara_logo-705x216.png 705w, https:\/\/anchor-relocation.ch\/wp-content\/uploads\/2015\/10\/sara_logo-450x138.png 450w, https:\/\/anchor-relocation.ch\/wp-content\/uploads\/2015\/10\/sara_logo.png 713w\" sizes=\"(max-width: 300px) 100vw, 300px\" \/><\/div><\/div><\/div>\n","protected":false},"excerpt":{"rendered":"<p>Wir sind stolz darauf, dass wir Mitglied der Schweizerischen Vereinigung der Relocation Agents (Sara) geworden sind. Damit k\u00f6nnen wir unser Netzwerk weiter ausbauen und haben die M\u00f6glichkeit, die Zukunft der Relocation-Branche und ihre Standards in der Schweiz mitzugestalten. <\/p>\n","protected":false},"author":2,"featured_media":1011,"comment_status":"closed","ping_status":"closed","sticky":false,"template":"","format":"standard","meta":{"footnotes":""},"categories":[25],"tags":[33,34],"class_list":["post-1064","post","type-post","status-publish","format-standard","has-post-thumbnail","hentry","category-pressemedien","tag-sara-de","tag-swiss-association-of-relocation-agents-de"],"yoast_head":"<!-- This site is optimized with the Yoast SEO Premium plugin v28.4 (Yoast SEO v28.4) - https:\/\/yoast.com\/product\/yoast-seo-premium-wordpress\/ -->\n<title>Mitglied von Sara - Schweizerischer Verband der Relocation Agents &#8212; Anchor Relocation Services<\/title>\n<meta name=\"description\" content=\"Are you moving to Switzerland? Anchor Relocation is the first contact for expatriates from all over the world. We offer professional, efficient, in-depth and fully customised Home Search as well as Temporary Housing, Departure Support and many other services. How can we support you?\" \/>\n<meta name=\"robots\" content=\"index, follow, max-snippet:-1, max-image-preview:large, max-video-preview:-1\" \/>\n<link rel=\"canonical\" href=\"https:\/\/anchor-relocation.ch\/de\/mitglied-der-sara-swiss-vereinigung-der-umzugsagenten\/\" \/>\n<meta property=\"og:locale\" content=\"de_DE\" \/>\n<meta property=\"og:type\" content=\"article\" \/>\n<meta property=\"og:title\" content=\"Mitglied von Sara - Schweizerischer Verband der Relocation Agents\" \/>\n<meta property=\"og:description\" content=\"Are you moving to Switzerland? Anchor Relocation is the first contact for expatriates from all over the world. We offer professional, efficient, in-depth and fully customised Home Search as well as Temporary Housing, Departure Support and many other services. How can we support you?\" \/>\n<meta property=\"og:url\" content=\"https:\/\/anchor-relocation.ch\/de\/mitglied-der-sara-swiss-vereinigung-der-umzugsagenten\/\" \/>\n<meta property=\"og:site_name\" content=\"Anchor Relocation Services\" \/>\n<meta property=\"article:published_time\" content=\"2018-02-02T01:42:46+00:00\" \/>\n<meta property=\"article:modified_time\" content=\"2023-08-15T19:57:50+00:00\" \/>\n<meta property=\"og:image\" content=\"https:\/\/anchor-relocation.ch\/wp-content\/uploads\/2015\/10\/sara.jpg\" \/>\n\t<meta property=\"og:image:width\" content=\"1700\" \/>\n\t<meta property=\"og:image:height\" content=\"1000\" \/>\n\t<meta property=\"og:image:type\" content=\"image\/jpeg\" \/>\n<meta name=\"author\" content=\"cd2s\" \/>\n<meta name=\"twitter:card\" content=\"summary_large_image\" \/>\n<meta name=\"twitter:label1\" content=\"Written by\" \/>\n\t<meta name=\"twitter:data1\" content=\"cd2s\" \/>\n\t<meta name=\"twitter:label2\" content=\"Est. reading time\" \/>\n\t<meta name=\"twitter:data2\" content=\"2 minutes\" \/>\n<script type=\"application\/ld+json\" class=\"yoast-schema-graph\">{\"@context\":\"https:\\\/\\\/schema.org\",\"@graph\":[{\"@type\":\"Article\",\"@id\":\"https:\\\/\\\/anchor-relocation.ch\\\/de\\\/mitglied-der-sara-swiss-vereinigung-der-umzugsagenten\\\/#article\",\"isPartOf\":{\"@id\":\"https:\\\/\\\/anchor-relocation.ch\\\/de\\\/mitglied-der-sara-swiss-vereinigung-der-umzugsagenten\\\/\"},\"author\":{\"name\":\"cd2s\",\"@id\":\"https:\\\/\\\/anchor-relocation.ch\\\/de\\\/#\\\/schema\\\/person\\\/e44dbf33c25a80a1dafa3792d205ac96\"},\"headline\":\"Mitglied von Sara &#8211; Schweizerischer Verband der Relocation Agents\",\"datePublished\":\"2018-02-02T01:42:46+00:00\",\"dateModified\":\"2023-08-15T19:57:50+00:00\",\"mainEntityOfPage\":{\"@id\":\"https:\\\/\\\/anchor-relocation.ch\\\/de\\\/mitglied-der-sara-swiss-vereinigung-der-umzugsagenten\\\/\"},\"wordCount\":262,\"publisher\":{\"@id\":\"https:\\\/\\\/anchor-relocation.ch\\\/de\\\/#organization\"},\"image\":{\"@id\":\"https:\\\/\\\/anchor-relocation.ch\\\/de\\\/mitglied-der-sara-swiss-vereinigung-der-umzugsagenten\\\/#primaryimage\"},\"thumbnailUrl\":\"https:\\\/\\\/anchor-relocation.ch\\\/wp-content\\\/uploads\\\/2015\\\/10\\\/sara.jpg\",\"keywords\":[\"Sara\",\"Swiss Association of Relocation Agents\"],\"articleSection\":[\"Presse\\\/Medien\"],\"inLanguage\":\"de-DE\"},{\"@type\":\"WebPage\",\"@id\":\"https:\\\/\\\/anchor-relocation.ch\\\/de\\\/mitglied-der-sara-swiss-vereinigung-der-umzugsagenten\\\/\",\"url\":\"https:\\\/\\\/anchor-relocation.ch\\\/de\\\/mitglied-der-sara-swiss-vereinigung-der-umzugsagenten\\\/\",\"name\":\"Mitglied von Sara - Schweizerischer Verband der Relocation Agents &#8212; Anchor Relocation Services\",\"isPartOf\":{\"@id\":\"https:\\\/\\\/anchor-relocation.ch\\\/de\\\/#website\"},\"primaryImageOfPage\":{\"@id\":\"https:\\\/\\\/anchor-relocation.ch\\\/de\\\/mitglied-der-sara-swiss-vereinigung-der-umzugsagenten\\\/#primaryimage\"},\"image\":{\"@id\":\"https:\\\/\\\/anchor-relocation.ch\\\/de\\\/mitglied-der-sara-swiss-vereinigung-der-umzugsagenten\\\/#primaryimage\"},\"thumbnailUrl\":\"https:\\\/\\\/anchor-relocation.ch\\\/wp-content\\\/uploads\\\/2015\\\/10\\\/sara.jpg\",\"datePublished\":\"2018-02-02T01:42:46+00:00\",\"dateModified\":\"2023-08-15T19:57:50+00:00\",\"description\":\"Are you moving to Switzerland? Anchor Relocation is the first contact for expatriates from all over the world. We offer professional, efficient, in-depth and fully customised Home Search as well as Temporary Housing, Departure Support and many other services. How can we support you?\",\"breadcrumb\":{\"@id\":\"https:\\\/\\\/anchor-relocation.ch\\\/de\\\/mitglied-der-sara-swiss-vereinigung-der-umzugsagenten\\\/#breadcrumb\"},\"inLanguage\":\"de-DE\",\"potentialAction\":[{\"@type\":\"ReadAction\",\"target\":[\"https:\\\/\\\/anchor-relocation.ch\\\/de\\\/mitglied-der-sara-swiss-vereinigung-der-umzugsagenten\\\/\"]}]},{\"@type\":\"ImageObject\",\"inLanguage\":\"de-DE\",\"@id\":\"https:\\\/\\\/anchor-relocation.ch\\\/de\\\/mitglied-der-sara-swiss-vereinigung-der-umzugsagenten\\\/#primaryimage\",\"url\":\"https:\\\/\\\/anchor-relocation.ch\\\/wp-content\\\/uploads\\\/2015\\\/10\\\/sara.jpg\",\"contentUrl\":\"https:\\\/\\\/anchor-relocation.ch\\\/wp-content\\\/uploads\\\/2015\\\/10\\\/sara.jpg\",\"width\":1700,\"height\":1000},{\"@type\":\"BreadcrumbList\",\"@id\":\"https:\\\/\\\/anchor-relocation.ch\\\/de\\\/mitglied-der-sara-swiss-vereinigung-der-umzugsagenten\\\/#breadcrumb\",\"itemListElement\":[{\"@type\":\"ListItem\",\"position\":1,\"name\":\"Home\",\"item\":\"https:\\\/\\\/anchor-relocation.ch\\\/de\\\/home\\\/\"},{\"@type\":\"ListItem\",\"position\":2,\"name\":\"Mitglied von Sara &#8211; Schweizerischer Verband der Relocation Agents\"}]},{\"@type\":\"WebSite\",\"@id\":\"https:\\\/\\\/anchor-relocation.ch\\\/de\\\/#website\",\"url\":\"https:\\\/\\\/anchor-relocation.ch\\\/de\\\/\",\"name\":\"Anchor Relocation Services\",\"description\":\"welcome home.\",\"publisher\":{\"@id\":\"https:\\\/\\\/anchor-relocation.ch\\\/de\\\/#organization\"},\"alternateName\":\"Relocation Services Zurich\",\"potentialAction\":[{\"@type\":\"SearchAction\",\"target\":{\"@type\":\"EntryPoint\",\"urlTemplate\":\"https:\\\/\\\/anchor-relocation.ch\\\/de\\\/?s={search_term_string}\"},\"query-input\":{\"@type\":\"PropertyValueSpecification\",\"valueRequired\":true,\"valueName\":\"search_term_string\"}}],\"inLanguage\":\"de-DE\"},{\"@type\":\"Organization\",\"@id\":\"https:\\\/\\\/anchor-relocation.ch\\\/de\\\/#organization\",\"name\":\"Anchor Relocation + Property Services\",\"url\":\"https:\\\/\\\/anchor-relocation.ch\\\/de\\\/\",\"logo\":{\"@type\":\"ImageObject\",\"inLanguage\":\"de-DE\",\"@id\":\"https:\\\/\\\/anchor-relocation.ch\\\/de\\\/#\\\/schema\\\/logo\\\/image\\\/\",\"url\":\"https:\\\/\\\/anchor-relocation.ch\\\/wp-content\\\/uploads\\\/2017\\\/01\\\/anchor_NoTagline_2016_2945U.png\",\"contentUrl\":\"https:\\\/\\\/anchor-relocation.ch\\\/wp-content\\\/uploads\\\/2017\\\/01\\\/anchor_NoTagline_2016_2945U.png\",\"width\":2961,\"height\":190,\"caption\":\"Anchor Relocation + Property Services\"},\"image\":{\"@id\":\"https:\\\/\\\/anchor-relocation.ch\\\/de\\\/#\\\/schema\\\/logo\\\/image\\\/\"}},{\"@type\":\"Person\",\"@id\":\"https:\\\/\\\/anchor-relocation.ch\\\/de\\\/#\\\/schema\\\/person\\\/e44dbf33c25a80a1dafa3792d205ac96\",\"name\":\"cd2s\",\"image\":{\"@type\":\"ImageObject\",\"inLanguage\":\"de-DE\",\"@id\":\"https:\\\/\\\/secure.gravatar.com\\\/avatar\\\/5d0fe13009dba9ab982f52abe74771dffee1bf00af91b29b8997003a872c07fe?s=96&d=mm&r=g\",\"url\":\"https:\\\/\\\/secure.gravatar.com\\\/avatar\\\/5d0fe13009dba9ab982f52abe74771dffee1bf00af91b29b8997003a872c07fe?s=96&d=mm&r=g\",\"contentUrl\":\"https:\\\/\\\/secure.gravatar.com\\\/avatar\\\/5d0fe13009dba9ab982f52abe74771dffee1bf00af91b29b8997003a872c07fe?s=96&d=mm&r=g\",\"caption\":\"cd2s\"}}]}<\/script>\n<!-- \/ Yoast SEO Premium plugin. -->","yoast_head_json":{"title":"Mitglied von Sara - Schweizerischer Verband der Relocation Agents &#8212; Anchor Relocation Services","description":"Are you moving to Switzerland? Anchor Relocation is the first contact for expatriates from all over the world. We offer professional, efficient, in-depth and fully customised Home Search as well as Temporary Housing, Departure Support and many other services. How can we support you?","robots":{"index":"index","follow":"follow","max-snippet":"max-snippet:-1","max-image-preview":"max-image-preview:large","max-video-preview":"max-video-preview:-1"},"canonical":"https:\/\/anchor-relocation.ch\/de\/mitglied-der-sara-swiss-vereinigung-der-umzugsagenten\/","og_locale":"de_DE","og_type":"article","og_title":"Mitglied von Sara - Schweizerischer Verband der Relocation Agents","og_description":"Are you moving to Switzerland? Anchor Relocation is the first contact for expatriates from all over the world. We offer professional, efficient, in-depth and fully customised Home Search as well as Temporary Housing, Departure Support and many other services. How can we support you?","og_url":"https:\/\/anchor-relocation.ch\/de\/mitglied-der-sara-swiss-vereinigung-der-umzugsagenten\/","og_site_name":"Anchor Relocation Services","article_published_time":"2018-02-02T01:42:46+00:00","article_modified_time":"2023-08-15T19:57:50+00:00","og_image":[{"width":1700,"height":1000,"url":"https:\/\/anchor-relocation.ch\/wp-content\/uploads\/2015\/10\/sara.jpg","type":"image\/jpeg"}],"author":"cd2s","twitter_card":"summary_large_image","twitter_misc":{"Written by":"cd2s","Est. reading time":"2 minutes"},"schema":{"@context":"https:\/\/schema.org","@graph":[{"@type":"Article","@id":"https:\/\/anchor-relocation.ch\/de\/mitglied-der-sara-swiss-vereinigung-der-umzugsagenten\/#article","isPartOf":{"@id":"https:\/\/anchor-relocation.ch\/de\/mitglied-der-sara-swiss-vereinigung-der-umzugsagenten\/"},"author":{"name":"cd2s","@id":"https:\/\/anchor-relocation.ch\/de\/#\/schema\/person\/e44dbf33c25a80a1dafa3792d205ac96"},"headline":"Mitglied von Sara &#8211; Schweizerischer Verband der Relocation Agents","datePublished":"2018-02-02T01:42:46+00:00","dateModified":"2023-08-15T19:57:50+00:00","mainEntityOfPage":{"@id":"https:\/\/anchor-relocation.ch\/de\/mitglied-der-sara-swiss-vereinigung-der-umzugsagenten\/"},"wordCount":262,"publisher":{"@id":"https:\/\/anchor-relocation.ch\/de\/#organization"},"image":{"@id":"https:\/\/anchor-relocation.ch\/de\/mitglied-der-sara-swiss-vereinigung-der-umzugsagenten\/#primaryimage"},"thumbnailUrl":"https:\/\/anchor-relocation.ch\/wp-content\/uploads\/2015\/10\/sara.jpg","keywords":["Sara","Swiss Association of Relocation Agents"],"articleSection":["Presse\/Medien"],"inLanguage":"de-DE"},{"@type":"WebPage","@id":"https:\/\/anchor-relocation.ch\/de\/mitglied-der-sara-swiss-vereinigung-der-umzugsagenten\/","url":"https:\/\/anchor-relocation.ch\/de\/mitglied-der-sara-swiss-vereinigung-der-umzugsagenten\/","name":"Mitglied von Sara - Schweizerischer Verband der Relocation Agents &#8212; Anchor Relocation Services","isPartOf":{"@id":"https:\/\/anchor-relocation.ch\/de\/#website"},"primaryImageOfPage":{"@id":"https:\/\/anchor-relocation.ch\/de\/mitglied-der-sara-swiss-vereinigung-der-umzugsagenten\/#primaryimage"},"image":{"@id":"https:\/\/anchor-relocation.ch\/de\/mitglied-der-sara-swiss-vereinigung-der-umzugsagenten\/#primaryimage"},"thumbnailUrl":"https:\/\/anchor-relocation.ch\/wp-content\/uploads\/2015\/10\/sara.jpg","datePublished":"2018-02-02T01:42:46+00:00","dateModified":"2023-08-15T19:57:50+00:00","description":"Are you moving to Switzerland? Anchor Relocation is the first contact for expatriates from all over the world. We offer professional, efficient, in-depth and fully customised Home Search as well as Temporary Housing, Departure Support and many other services. How can we support you?","breadcrumb":{"@id":"https:\/\/anchor-relocation.ch\/de\/mitglied-der-sara-swiss-vereinigung-der-umzugsagenten\/#breadcrumb"},"inLanguage":"de-DE","potentialAction":[{"@type":"ReadAction","target":["https:\/\/anchor-relocation.ch\/de\/mitglied-der-sara-swiss-vereinigung-der-umzugsagenten\/"]}]},{"@type":"ImageObject","inLanguage":"de-DE","@id":"https:\/\/anchor-relocation.ch\/de\/mitglied-der-sara-swiss-vereinigung-der-umzugsagenten\/#primaryimage","url":"https:\/\/anchor-relocation.ch\/wp-content\/uploads\/2015\/10\/sara.jpg","contentUrl":"https:\/\/anchor-relocation.ch\/wp-content\/uploads\/2015\/10\/sara.jpg","width":1700,"height":1000},{"@type":"BreadcrumbList","@id":"https:\/\/anchor-relocation.ch\/de\/mitglied-der-sara-swiss-vereinigung-der-umzugsagenten\/#breadcrumb","itemListElement":[{"@type":"ListItem","position":1,"name":"Home","item":"https:\/\/anchor-relocation.ch\/de\/home\/"},{"@type":"ListItem","position":2,"name":"Mitglied von Sara &#8211; Schweizerischer Verband der Relocation Agents"}]},{"@type":"WebSite","@id":"https:\/\/anchor-relocation.ch\/de\/#website","url":"https:\/\/anchor-relocation.ch\/de\/","name":"Anchor Relocation Services","description":"welcome home.","publisher":{"@id":"https:\/\/anchor-relocation.ch\/de\/#organization"},"alternateName":"Relocation Services Zurich","potentialAction":[{"@type":"SearchAction","target":{"@type":"EntryPoint","urlTemplate":"https:\/\/anchor-relocation.ch\/de\/?s={search_term_string}"},"query-input":{"@type":"PropertyValueSpecification","valueRequired":true,"valueName":"search_term_string"}}],"inLanguage":"de-DE"},{"@type":"Organization","@id":"https:\/\/anchor-relocation.ch\/de\/#organization","name":"Anchor Relocation + Property Services","url":"https:\/\/anchor-relocation.ch\/de\/","logo":{"@type":"ImageObject","inLanguage":"de-DE","@id":"https:\/\/anchor-relocation.ch\/de\/#\/schema\/logo\/image\/","url":"https:\/\/anchor-relocation.ch\/wp-content\/uploads\/2017\/01\/anchor_NoTagline_2016_2945U.png","contentUrl":"https:\/\/anchor-relocation.ch\/wp-content\/uploads\/2017\/01\/anchor_NoTagline_2016_2945U.png","width":2961,"height":190,"caption":"Anchor Relocation + Property Services"},"image":{"@id":"https:\/\/anchor-relocation.ch\/de\/#\/schema\/logo\/image\/"}},{"@type":"Person","@id":"https:\/\/anchor-relocation.ch\/de\/#\/schema\/person\/e44dbf33c25a80a1dafa3792d205ac96","name":"cd2s","image":{"@type":"ImageObject","inLanguage":"de-DE","@id":"https:\/\/secure.gravatar.com\/avatar\/5d0fe13009dba9ab982f52abe74771dffee1bf00af91b29b8997003a872c07fe?s=96&d=mm&r=g","url":"https:\/\/secure.gravatar.com\/avatar\/5d0fe13009dba9ab982f52abe74771dffee1bf00af91b29b8997003a872c07fe?s=96&d=mm&r=g","contentUrl":"https:\/\/secure.gravatar.com\/avatar\/5d0fe13009dba9ab982f52abe74771dffee1bf00af91b29b8997003a872c07fe?s=96&d=mm&r=g","caption":"cd2s"}}]}},"_links":{"self":[{"href":"https:\/\/anchor-relocation.ch\/de\/wp-json\/wp\/v2\/posts\/1064","targetHints":{"allow":["GET"]}}],"collection":[{"href":"https:\/\/anchor-relocation.ch\/de\/wp-json\/wp\/v2\/posts"}],"about":[{"href":"https:\/\/anchor-relocation.ch\/de\/wp-json\/wp\/v2\/types\/post"}],"author":[{"embeddable":true,"href":"https:\/\/anchor-relocation.ch\/de\/wp-json\/wp\/v2\/users\/2"}],"replies":[{"embeddable":true,"href":"https:\/\/anchor-relocation.ch\/de\/wp-json\/wp\/v2\/comments?post=1064"}],"version-history":[{"count":11,"href":"https:\/\/anchor-relocation.ch\/de\/wp-json\/wp\/v2\/posts\/1064\/revisions"}],"predecessor-version":[{"id":4700,"href":"https:\/\/anchor-relocation.ch\/de\/wp-json\/wp\/v2\/posts\/1064\/revisions\/4700"}],"wp:featuredmedia":[{"embeddable":true,"href":"https:\/\/anchor-relocation.ch\/de\/wp-json\/wp\/v2\/media\/1011"}],"wp:attachment":[{"href":"https:\/\/anchor-relocation.ch\/de\/wp-json\/wp\/v2\/media?parent=1064"}],"wp:term":[{"taxonomy":"category","embeddable":true,"href":"https:\/\/anchor-relocation.ch\/de\/wp-json\/wp\/v2\/categories?post=1064"},{"taxonomy":"post_tag","embeddable":true,"href":"https:\/\/anchor-relocation.ch\/de\/wp-json\/wp\/v2\/tags?post=1064"}],"curies":[{"name":"wp","href":"https:\/\/api.w.org\/{rel}","templated":true}]}}