{"id":4219,"date":"2023-03-01T01:14:52","date_gmt":"2023-03-01T00:14:52","guid":{"rendered":"https:\/\/anchor-relocation.ch\/?p=4219"},"modified":"2023-07-31T17:04:36","modified_gmt":"2023-07-31T15:04:36","slug":"wir-suchen-mietobjekte","status":"publish","type":"post","link":"https:\/\/anchor-relocation.ch\/de\/wir-suchen-mietobjekte\/","title":{"rendered":"Mietobjekte \u2014 Gesucht"},"content":{"rendered":"<div id='av-layout-grid-1'  class='av-layout-grid-container av-bhl2ca-781c74626706c0edd5e4b58556a99d14 entry-content-wrapper main_color av-flex-cells  avia-builder-el-0  el_before_av_image  avia-builder-el-first   container_wrap fullsize'  >\n\n<style type=\"text\/css\" data-created_by=\"avia_inline_auto\" id=\"style-css-av-9c2n3e-aaf11eaece7b7b9069083bc65153c364\">\n.flex_cell.av-9c2n3e-aaf11eaece7b7b9069083bc65153c364{\nvertical-align:top;\n}\n.responsive #top #wrap_all .flex_cell.av-9c2n3e-aaf11eaece7b7b9069083bc65153c364{\npadding:10% 20% 20% 20% !important;\n}\n<\/style>\n<div class='flex_cell av-9c2n3e-aaf11eaece7b7b9069083bc65153c364 av-gridrow-cell av_one_full no_margin  avia-builder-el-1  avia-builder-el-no-sibling  content-align-top'  ><div class='flex_cell_inner'><p>\n<style type=\"text\/css\" data-created_by=\"avia_inline_auto\" id=\"style-css-av-24hnca-5493aa3f8a445cbf25ed5b8542a91181\">\n#top .av-special-heading.av-24hnca-5493aa3f8a445cbf25ed5b8542a91181{\npadding-bottom:10px;\n}\nbody .av-special-heading.av-24hnca-5493aa3f8a445cbf25ed5b8542a91181 .av-special-heading-tag .heading-char{\nfont-size:25px;\n}\n.av-special-heading.av-24hnca-5493aa3f8a445cbf25ed5b8542a91181 .av-subheading{\nfont-size:15px;\n}\n<\/style>\n<div  class='av-special-heading av-24hnca-5493aa3f8a445cbf25ed5b8542a91181 av-special-heading-h2 blockquote modern-quote  avia-builder-el-2  el_before_av_post_metadata  avia-builder-el-first  av-linked-heading'><h2 class='av-special-heading-tag '  itemprop=\"headline\"  >Mietobjekte \u2014 Gesucht<\/h2><div class=\"special-heading-border\"><div class=\"special-heading-inner-border\"><\/div><\/div><\/div><br \/>\n\n<style type=\"text\/css\" data-created_by=\"avia_inline_auto\" id=\"style-css-av-7pbsu2-d4d6e5bb7dea372711b9a227e400c4f1\">\n#top .av-post-metadata-container.av-7pbsu2-d4d6e5bb7dea372711b9a227e400c4f1{\nmargin:0 0 25px 0;\n}\n<\/style>\n<div  class='av-post-metadata-container av-7pbsu2-d4d6e5bb7dea372711b9a227e400c4f1 av-metadata-container-align-left  avia-builder-el-3  el_after_av_heading  el_before_av_image  av-metadata-container-1'><div class='av-post-metadata-container-inner'><span class=\"av-post-metadata-content av-post-metadata-meta-content\"><span class=\"av-post-metadata-content av-post-metadata-modified\"><span class=\"av-post-metadata-modified-date\" >31\/07\/2023<\/span><\/span><\/span><\/div><\/div><br \/>\n\n<style type=\"text\/css\" data-created_by=\"avia_inline_auto\" id=\"style-css-av-lbkjjzq2-ce23548ec565cef4f801afbb35eb7572\">\n.avia-image-container.av-lbkjjzq2-ce23548ec565cef4f801afbb35eb7572 img.avia_image{\nbox-shadow:none;\n}\n.avia-image-container.av-lbkjjzq2-ce23548ec565cef4f801afbb35eb7572 .av-image-caption-overlay-center{\ncolor:#ffffff;\n}\n<\/style>\n<div  class='avia-image-container av-lbkjjzq2-ce23548ec565cef4f801afbb35eb7572 av-styling-no-styling avia-align-left  avia-builder-el-4  el_after_av_post_metadata  el_before_av_hr '   itemprop=\"image\" itemscope=\"itemscope\" itemtype=\"https:\/\/schema.org\/ImageObject\" ><div class=\"avia-image-container-inner\"><div class=\"avia-image-overlay-wrap\"><img decoding=\"async\" fetchpriority=\"high\" class='wp-image-4223 avia-img-lazy-loading-not-4223 avia_image ' src=\"https:\/\/anchor-relocation.ch\/wp-content\/uploads\/2023\/02\/marko-kovic-x7WP4vuw3AM-unsplash-scaled.jpg\" alt='' title='Anchor \u2014 Mietobjekte Gesucht'  height=\"1707\" width=\"2560\"  itemprop=\"thumbnailUrl\" srcset=\"https:\/\/anchor-relocation.ch\/wp-content\/uploads\/2023\/02\/marko-kovic-x7WP4vuw3AM-unsplash-scaled.jpg 2560w, https:\/\/anchor-relocation.ch\/wp-content\/uploads\/2023\/02\/marko-kovic-x7WP4vuw3AM-unsplash-300x200.jpg 300w, https:\/\/anchor-relocation.ch\/wp-content\/uploads\/2023\/02\/marko-kovic-x7WP4vuw3AM-unsplash-1030x687.jpg 1030w, https:\/\/anchor-relocation.ch\/wp-content\/uploads\/2023\/02\/marko-kovic-x7WP4vuw3AM-unsplash-768x512.jpg 768w, https:\/\/anchor-relocation.ch\/wp-content\/uploads\/2023\/02\/marko-kovic-x7WP4vuw3AM-unsplash-1536x1024.jpg 1536w, https:\/\/anchor-relocation.ch\/wp-content\/uploads\/2023\/02\/marko-kovic-x7WP4vuw3AM-unsplash-2048x1365.jpg 2048w, https:\/\/anchor-relocation.ch\/wp-content\/uploads\/2023\/02\/marko-kovic-x7WP4vuw3AM-unsplash-1500x1000.jpg 1500w, https:\/\/anchor-relocation.ch\/wp-content\/uploads\/2023\/02\/marko-kovic-x7WP4vuw3AM-unsplash-705x470.jpg 705w\" sizes=\"(max-width: 2560px) 100vw, 2560px\" \/><\/div><\/div><\/div><br \/>\n\n<style type=\"text\/css\" data-created_by=\"avia_inline_auto\" id=\"style-css-av-3ssn7e-bbaae1b03471bd270d0fcc7e8e47814c\">\n#top .hr.hr-invisible.av-3ssn7e-bbaae1b03471bd270d0fcc7e8e47814c{\nheight:20px;\n}\n<\/style>\n<div  class='hr av-3ssn7e-bbaae1b03471bd270d0fcc7e8e47814c hr-invisible  avia-builder-el-5  el_after_av_image  el_before_av_textblock '><span class='hr-inner '><span class=\"hr-inner-style\"><\/span><\/span><\/div><br \/>\n<section  class='av_textblock_section av-3qhf70-247d20b5ef1152a0ef1ac23a9ed8982a '   itemscope=\"itemscope\" itemtype=\"https:\/\/schema.org\/BlogPosting\" itemprop=\"blogPost\" ><div class='avia_textblock'  itemprop=\"text\" ><p>M\u00fcssen Sie Ihren Mietvertrag f\u00fcr Ihr Haus oder Ihre Wohnung vorzeitig und ausserhalb der Laufzeit Ihres Mietvertrags k\u00fcndigen? Besitzen Sie ein Haus oder eine Wohnung, welche\/s Sie vermieten m\u00f6chten?<\/p>\n<p>Wir sind immer auf der Suche nach Mietwohnungen und -h\u00e4usern f\u00fcr unsere Kunden und w\u00fcrden sehr gerne, Ihr Mietobjekt in unser internes Verzeichnis aufzunehmen.<\/p>\n<p>Wir haben einen grossen Kundenstamm, und sind daher immer auf der Suche nach Mietobjekten. Wir sind dankbar \u00fcber jedes Angebot und freuen uns von Ihnen zu h\u00f6ren. Generell suchen wir Mietwohnungen und -h\u00e4user im Grossrau Z\u00fcrich, der Stadt Z\u00fcrich, Kanton Zug, Stadt Zug, Stadt und Kanton Luzern.<\/p>\n<p>Sollten Sie ein ein freiwerdendes Mietobjekt haben, freuen wir uns \u00fcber Details bevor Sie es auf den g\u00e4ngigen Portalen publizieren.<\/p>\n<p>Gerne k\u00f6nnen Sie uns die Details mittels dem nachstehenden Formular senden. Vielen Dank.<\/p>\n<\/div><\/section><br \/>\n\n<style type=\"text\/css\" data-created_by=\"avia_inline_auto\" id=\"style-css-av-le7dqxi7-134efcb0388429572ab60c82a515597c\">\n#top .hr.hr-invisible.av-le7dqxi7-134efcb0388429572ab60c82a515597c{\nheight:80px;\n}\n<\/style>\n<div  class='hr av-le7dqxi7-134efcb0388429572ab60c82a515597c hr-invisible  avia-builder-el-7  el_after_av_textblock  el_before_av_heading '><span class='hr-inner '><span class=\"hr-inner-style\"><\/span><\/span><\/div><br \/>\n\n<style type=\"text\/css\" data-created_by=\"avia_inline_auto\" id=\"style-css-av-1w6e57-4f7275b0f988f9e178c17f78c4e1be06\">\n#top .av-special-heading.av-1w6e57-4f7275b0f988f9e178c17f78c4e1be06{\nmargin:50px 0 20px 0;\npadding-bottom:10px;\n}\nbody .av-special-heading.av-1w6e57-4f7275b0f988f9e178c17f78c4e1be06 .av-special-heading-tag .heading-char{\nfont-size:25px;\n}\n.av-special-heading.av-1w6e57-4f7275b0f988f9e178c17f78c4e1be06 .av-subheading{\nfont-size:15px;\n}\n\n@media only screen and (min-width: 990px){ \n#top .av-special-heading.av-1w6e57-4f7275b0f988f9e178c17f78c4e1be06{\nmargin:50px 0 20px 0;\n}\n}\n\n@media only screen and (min-width: 768px) and (max-width: 989px){ \n#top .av-special-heading.av-1w6e57-4f7275b0f988f9e178c17f78c4e1be06{\nmargin:50px 0 20px 0;\n}\n}\n\n@media only screen and (min-width: 480px) and (max-width: 767px){ \n#top .av-special-heading.av-1w6e57-4f7275b0f988f9e178c17f78c4e1be06{\nmargin:50px 0 20px 0;\n}\n}\n\n@media only screen and (max-width: 479px){ \n#top .av-special-heading.av-1w6e57-4f7275b0f988f9e178c17f78c4e1be06{\nmargin:50px 0 20px 0;\n}\n}\n<\/style>\n<div  class='av-special-heading av-1w6e57-4f7275b0f988f9e178c17f78c4e1be06 av-special-heading-h3 blockquote modern-quote  avia-builder-el-8  el_after_av_hr  el_before_av_codeblock  av-linked-heading'><h3 class='av-special-heading-tag '  itemprop=\"headline\"  >Senden Sie uns Ihr Mietobjekt<\/h3><div class=\"special-heading-border\"><div class=\"special-heading-inner-border\"><\/div><\/div><\/div><br \/>\n<\/p>\n<\/div><\/div><\/div><div id='after_grid_row_1'  class='main_color av_default_container_wrap container_wrap fullsize'  ><div class='container av-section-cont-open' ><div class='template-page content  av-content-full alpha units'><div class='post-entry post-entry-type-page post-entry-4219'><div class='entry-content-wrapper clearfix'><\/p>\n","protected":false},"excerpt":{"rendered":"<p>M\u00fcssen Sie Ihren Mietvertrag f\u00fcr Ihr Haus oder Ihre Wohnung vorzeitig und ausserhalb der Laufzeit Ihres Mietvertrags k\u00fcndigen? Besitzen Sie ein Haus oder eine Wohnung, welche\/s Sie vermieten m\u00f6chten?<\/p>\n<p>Wir sind immer auf der Suche nach Mietwohnungen und -h\u00e4usern f\u00fcr unsere Kunden und w\u00fcrden sehr gerne, Ihr Mietobjekt in unser internes Verzeichnis aufzunehmen.<\/p>\n","protected":false},"author":2,"featured_media":4223,"comment_status":"closed","ping_status":"closed","sticky":false,"template":"","format":"standard","meta":{"footnotes":""},"categories":[26,23],"tags":[],"class_list":["post-4219","post","type-post","status-publish","format-standard","has-post-thumbnail","hentry","category-aktuelles","category-alle"],"yoast_head":"<!-- This site is optimized with the Yoast SEO Premium plugin v28.4 (Yoast SEO v28.4) - https:\/\/yoast.com\/product\/yoast-seo-premium-wordpress\/ -->\n<title>Mietobjekte \u2014 Gesucht &#8212; Anchor Relocation Services<\/title>\n<meta name=\"description\" content=\"M\u00fcssen Sie Ihren Mietvertrag f\u00fcr Ihr Haus oder Ihre Wohnung vorzeitig und ausserhalb der Laufzeit Ihres Mietvertrags k\u00fcndigen? Besitzen Sie ein Haus?\" \/>\n<meta name=\"robots\" content=\"index, follow, max-snippet:-1, max-image-preview:large, max-video-preview:-1\" \/>\n<link rel=\"canonical\" href=\"https:\/\/anchor-relocation.ch\/de\/wir-suchen-mietobjekte\/\" \/>\n<meta property=\"og:locale\" content=\"de_DE\" \/>\n<meta property=\"og:type\" content=\"article\" \/>\n<meta property=\"og:title\" content=\"Mietobjekte \u2014 Gesucht\" \/>\n<meta property=\"og:description\" content=\"Are you moving to Switzerland? Anchor Relocation is the first contact for expatriates from all over the world. We offer professional, efficient, in-depth and fully customised Home Search as well as Temporary Housing, Departure Support and many other services. How can we support you?\" \/>\n<meta property=\"og:url\" content=\"https:\/\/anchor-relocation.ch\/de\/wir-suchen-mietobjekte\/\" \/>\n<meta property=\"og:site_name\" content=\"Anchor Relocation Services\" \/>\n<meta property=\"article:published_time\" content=\"2023-03-01T00:14:52+00:00\" \/>\n<meta property=\"article:modified_time\" content=\"2023-07-31T15:04:36+00:00\" \/>\n<meta property=\"og:image\" content=\"https:\/\/anchor-relocation.ch\/wp-content\/uploads\/2023\/02\/marko-kovic-x7WP4vuw3AM-unsplash-scaled.jpg\" \/>\n\t<meta property=\"og:image:width\" content=\"2560\" \/>\n\t<meta property=\"og:image:height\" content=\"1707\" \/>\n\t<meta property=\"og:image:type\" content=\"image\/jpeg\" \/>\n<meta name=\"author\" content=\"cd2s\" \/>\n<meta name=\"twitter:card\" content=\"summary_large_image\" \/>\n<meta name=\"twitter:label1\" content=\"Written by\" \/>\n\t<meta name=\"twitter:data1\" content=\"cd2s\" \/>\n\t<meta name=\"twitter:label2\" content=\"Est. reading time\" \/>\n\t<meta name=\"twitter:data2\" content=\"3 minutes\" \/>\n<script type=\"application\/ld+json\" class=\"yoast-schema-graph\">{\"@context\":\"https:\\\/\\\/schema.org\",\"@graph\":[{\"@type\":\"Article\",\"@id\":\"https:\\\/\\\/anchor-relocation.ch\\\/de\\\/wir-suchen-mietobjekte\\\/#article\",\"isPartOf\":{\"@id\":\"https:\\\/\\\/anchor-relocation.ch\\\/de\\\/wir-suchen-mietobjekte\\\/\"},\"author\":{\"name\":\"cd2s\",\"@id\":\"https:\\\/\\\/anchor-relocation.ch\\\/de\\\/#\\\/schema\\\/person\\\/e44dbf33c25a80a1dafa3792d205ac96\"},\"headline\":\"Mietobjekte \u2014 Gesucht\",\"datePublished\":\"2023-03-01T00:14:52+00:00\",\"dateModified\":\"2023-07-31T15:04:36+00:00\",\"mainEntityOfPage\":{\"@id\":\"https:\\\/\\\/anchor-relocation.ch\\\/de\\\/wir-suchen-mietobjekte\\\/\"},\"wordCount\":1044,\"publisher\":{\"@id\":\"https:\\\/\\\/anchor-relocation.ch\\\/de\\\/#organization\"},\"image\":{\"@id\":\"https:\\\/\\\/anchor-relocation.ch\\\/de\\\/wir-suchen-mietobjekte\\\/#primaryimage\"},\"thumbnailUrl\":\"https:\\\/\\\/anchor-relocation.ch\\\/wp-content\\\/uploads\\\/2023\\\/02\\\/marko-kovic-x7WP4vuw3AM-unsplash-scaled.jpg\",\"articleSection\":[\"Aktuelles\",\"Alle\"],\"inLanguage\":\"de-DE\"},{\"@type\":\"WebPage\",\"@id\":\"https:\\\/\\\/anchor-relocation.ch\\\/de\\\/wir-suchen-mietobjekte\\\/\",\"url\":\"https:\\\/\\\/anchor-relocation.ch\\\/de\\\/wir-suchen-mietobjekte\\\/\",\"name\":\"Mietobjekte \u2014 Gesucht &#8212; Anchor Relocation Services\",\"isPartOf\":{\"@id\":\"https:\\\/\\\/anchor-relocation.ch\\\/de\\\/#website\"},\"primaryImageOfPage\":{\"@id\":\"https:\\\/\\\/anchor-relocation.ch\\\/de\\\/wir-suchen-mietobjekte\\\/#primaryimage\"},\"image\":{\"@id\":\"https:\\\/\\\/anchor-relocation.ch\\\/de\\\/wir-suchen-mietobjekte\\\/#primaryimage\"},\"thumbnailUrl\":\"https:\\\/\\\/anchor-relocation.ch\\\/wp-content\\\/uploads\\\/2023\\\/02\\\/marko-kovic-x7WP4vuw3AM-unsplash-scaled.jpg\",\"datePublished\":\"2023-03-01T00:14:52+00:00\",\"dateModified\":\"2023-07-31T15:04:36+00:00\",\"description\":\"M\u00fcssen Sie Ihren Mietvertrag f\u00fcr Ihr Haus oder Ihre Wohnung vorzeitig und ausserhalb der Laufzeit Ihres Mietvertrags k\u00fcndigen? Besitzen Sie ein Haus?\",\"breadcrumb\":{\"@id\":\"https:\\\/\\\/anchor-relocation.ch\\\/de\\\/wir-suchen-mietobjekte\\\/#breadcrumb\"},\"inLanguage\":\"de-DE\",\"potentialAction\":[{\"@type\":\"ReadAction\",\"target\":[\"https:\\\/\\\/anchor-relocation.ch\\\/de\\\/wir-suchen-mietobjekte\\\/\"]}]},{\"@type\":\"ImageObject\",\"inLanguage\":\"de-DE\",\"@id\":\"https:\\\/\\\/anchor-relocation.ch\\\/de\\\/wir-suchen-mietobjekte\\\/#primaryimage\",\"url\":\"https:\\\/\\\/anchor-relocation.ch\\\/wp-content\\\/uploads\\\/2023\\\/02\\\/marko-kovic-x7WP4vuw3AM-unsplash-scaled.jpg\",\"contentUrl\":\"https:\\\/\\\/anchor-relocation.ch\\\/wp-content\\\/uploads\\\/2023\\\/02\\\/marko-kovic-x7WP4vuw3AM-unsplash-scaled.jpg\",\"width\":2560,\"height\":1707},{\"@type\":\"BreadcrumbList\",\"@id\":\"https:\\\/\\\/anchor-relocation.ch\\\/de\\\/wir-suchen-mietobjekte\\\/#breadcrumb\",\"itemListElement\":[{\"@type\":\"ListItem\",\"position\":1,\"name\":\"Home\",\"item\":\"https:\\\/\\\/anchor-relocation.ch\\\/de\\\/home\\\/\"},{\"@type\":\"ListItem\",\"position\":2,\"name\":\"Mietobjekte \u2014 Gesucht\"}]},{\"@type\":\"WebSite\",\"@id\":\"https:\\\/\\\/anchor-relocation.ch\\\/de\\\/#website\",\"url\":\"https:\\\/\\\/anchor-relocation.ch\\\/de\\\/\",\"name\":\"Anchor Relocation Services\",\"description\":\"welcome home.\",\"publisher\":{\"@id\":\"https:\\\/\\\/anchor-relocation.ch\\\/de\\\/#organization\"},\"alternateName\":\"Relocation Services Zurich\",\"potentialAction\":[{\"@type\":\"SearchAction\",\"target\":{\"@type\":\"EntryPoint\",\"urlTemplate\":\"https:\\\/\\\/anchor-relocation.ch\\\/de\\\/?s={search_term_string}\"},\"query-input\":{\"@type\":\"PropertyValueSpecification\",\"valueRequired\":true,\"valueName\":\"search_term_string\"}}],\"inLanguage\":\"de-DE\"},{\"@type\":\"Organization\",\"@id\":\"https:\\\/\\\/anchor-relocation.ch\\\/de\\\/#organization\",\"name\":\"Anchor Relocation + Property Services\",\"url\":\"https:\\\/\\\/anchor-relocation.ch\\\/de\\\/\",\"logo\":{\"@type\":\"ImageObject\",\"inLanguage\":\"de-DE\",\"@id\":\"https:\\\/\\\/anchor-relocation.ch\\\/de\\\/#\\\/schema\\\/logo\\\/image\\\/\",\"url\":\"https:\\\/\\\/anchor-relocation.ch\\\/wp-content\\\/uploads\\\/2017\\\/01\\\/anchor_NoTagline_2016_2945U.png\",\"contentUrl\":\"https:\\\/\\\/anchor-relocation.ch\\\/wp-content\\\/uploads\\\/2017\\\/01\\\/anchor_NoTagline_2016_2945U.png\",\"width\":2961,\"height\":190,\"caption\":\"Anchor Relocation + Property Services\"},\"image\":{\"@id\":\"https:\\\/\\\/anchor-relocation.ch\\\/de\\\/#\\\/schema\\\/logo\\\/image\\\/\"}},{\"@type\":\"Person\",\"@id\":\"https:\\\/\\\/anchor-relocation.ch\\\/de\\\/#\\\/schema\\\/person\\\/e44dbf33c25a80a1dafa3792d205ac96\",\"name\":\"cd2s\",\"image\":{\"@type\":\"ImageObject\",\"inLanguage\":\"de-DE\",\"@id\":\"https:\\\/\\\/secure.gravatar.com\\\/avatar\\\/5d0fe13009dba9ab982f52abe74771dffee1bf00af91b29b8997003a872c07fe?s=96&d=mm&r=g\",\"url\":\"https:\\\/\\\/secure.gravatar.com\\\/avatar\\\/5d0fe13009dba9ab982f52abe74771dffee1bf00af91b29b8997003a872c07fe?s=96&d=mm&r=g\",\"contentUrl\":\"https:\\\/\\\/secure.gravatar.com\\\/avatar\\\/5d0fe13009dba9ab982f52abe74771dffee1bf00af91b29b8997003a872c07fe?s=96&d=mm&r=g\",\"caption\":\"cd2s\"}}]}<\/script>\n<!-- \/ Yoast SEO Premium plugin. -->","yoast_head_json":{"title":"Mietobjekte \u2014 Gesucht &#8212; Anchor Relocation Services","description":"M\u00fcssen Sie Ihren Mietvertrag f\u00fcr Ihr Haus oder Ihre Wohnung vorzeitig und ausserhalb der Laufzeit Ihres Mietvertrags k\u00fcndigen? Besitzen Sie ein Haus?","robots":{"index":"index","follow":"follow","max-snippet":"max-snippet:-1","max-image-preview":"max-image-preview:large","max-video-preview":"max-video-preview:-1"},"canonical":"https:\/\/anchor-relocation.ch\/de\/wir-suchen-mietobjekte\/","og_locale":"de_DE","og_type":"article","og_title":"Mietobjekte \u2014 Gesucht","og_description":"Are you moving to Switzerland? Anchor Relocation is the first contact for expatriates from all over the world. We offer professional, efficient, in-depth and fully customised Home Search as well as Temporary Housing, Departure Support and many other services. How can we support you?","og_url":"https:\/\/anchor-relocation.ch\/de\/wir-suchen-mietobjekte\/","og_site_name":"Anchor Relocation Services","article_published_time":"2023-03-01T00:14:52+00:00","article_modified_time":"2023-07-31T15:04:36+00:00","og_image":[{"width":2560,"height":1707,"url":"https:\/\/anchor-relocation.ch\/wp-content\/uploads\/2023\/02\/marko-kovic-x7WP4vuw3AM-unsplash-scaled.jpg","type":"image\/jpeg"}],"author":"cd2s","twitter_card":"summary_large_image","twitter_misc":{"Written by":"cd2s","Est. reading time":"3 minutes"},"schema":{"@context":"https:\/\/schema.org","@graph":[{"@type":"Article","@id":"https:\/\/anchor-relocation.ch\/de\/wir-suchen-mietobjekte\/#article","isPartOf":{"@id":"https:\/\/anchor-relocation.ch\/de\/wir-suchen-mietobjekte\/"},"author":{"name":"cd2s","@id":"https:\/\/anchor-relocation.ch\/de\/#\/schema\/person\/e44dbf33c25a80a1dafa3792d205ac96"},"headline":"Mietobjekte \u2014 Gesucht","datePublished":"2023-03-01T00:14:52+00:00","dateModified":"2023-07-31T15:04:36+00:00","mainEntityOfPage":{"@id":"https:\/\/anchor-relocation.ch\/de\/wir-suchen-mietobjekte\/"},"wordCount":1044,"publisher":{"@id":"https:\/\/anchor-relocation.ch\/de\/#organization"},"image":{"@id":"https:\/\/anchor-relocation.ch\/de\/wir-suchen-mietobjekte\/#primaryimage"},"thumbnailUrl":"https:\/\/anchor-relocation.ch\/wp-content\/uploads\/2023\/02\/marko-kovic-x7WP4vuw3AM-unsplash-scaled.jpg","articleSection":["Aktuelles","Alle"],"inLanguage":"de-DE"},{"@type":"WebPage","@id":"https:\/\/anchor-relocation.ch\/de\/wir-suchen-mietobjekte\/","url":"https:\/\/anchor-relocation.ch\/de\/wir-suchen-mietobjekte\/","name":"Mietobjekte \u2014 Gesucht &#8212; Anchor Relocation Services","isPartOf":{"@id":"https:\/\/anchor-relocation.ch\/de\/#website"},"primaryImageOfPage":{"@id":"https:\/\/anchor-relocation.ch\/de\/wir-suchen-mietobjekte\/#primaryimage"},"image":{"@id":"https:\/\/anchor-relocation.ch\/de\/wir-suchen-mietobjekte\/#primaryimage"},"thumbnailUrl":"https:\/\/anchor-relocation.ch\/wp-content\/uploads\/2023\/02\/marko-kovic-x7WP4vuw3AM-unsplash-scaled.jpg","datePublished":"2023-03-01T00:14:52+00:00","dateModified":"2023-07-31T15:04:36+00:00","description":"M\u00fcssen Sie Ihren Mietvertrag f\u00fcr Ihr Haus oder Ihre Wohnung vorzeitig und ausserhalb der Laufzeit Ihres Mietvertrags k\u00fcndigen? Besitzen Sie ein Haus?","breadcrumb":{"@id":"https:\/\/anchor-relocation.ch\/de\/wir-suchen-mietobjekte\/#breadcrumb"},"inLanguage":"de-DE","potentialAction":[{"@type":"ReadAction","target":["https:\/\/anchor-relocation.ch\/de\/wir-suchen-mietobjekte\/"]}]},{"@type":"ImageObject","inLanguage":"de-DE","@id":"https:\/\/anchor-relocation.ch\/de\/wir-suchen-mietobjekte\/#primaryimage","url":"https:\/\/anchor-relocation.ch\/wp-content\/uploads\/2023\/02\/marko-kovic-x7WP4vuw3AM-unsplash-scaled.jpg","contentUrl":"https:\/\/anchor-relocation.ch\/wp-content\/uploads\/2023\/02\/marko-kovic-x7WP4vuw3AM-unsplash-scaled.jpg","width":2560,"height":1707},{"@type":"BreadcrumbList","@id":"https:\/\/anchor-relocation.ch\/de\/wir-suchen-mietobjekte\/#breadcrumb","itemListElement":[{"@type":"ListItem","position":1,"name":"Home","item":"https:\/\/anchor-relocation.ch\/de\/home\/"},{"@type":"ListItem","position":2,"name":"Mietobjekte \u2014 Gesucht"}]},{"@type":"WebSite","@id":"https:\/\/anchor-relocation.ch\/de\/#website","url":"https:\/\/anchor-relocation.ch\/de\/","name":"Anchor Relocation Services","description":"welcome home.","publisher":{"@id":"https:\/\/anchor-relocation.ch\/de\/#organization"},"alternateName":"Relocation Services Zurich","potentialAction":[{"@type":"SearchAction","target":{"@type":"EntryPoint","urlTemplate":"https:\/\/anchor-relocation.ch\/de\/?s={search_term_string}"},"query-input":{"@type":"PropertyValueSpecification","valueRequired":true,"valueName":"search_term_string"}}],"inLanguage":"de-DE"},{"@type":"Organization","@id":"https:\/\/anchor-relocation.ch\/de\/#organization","name":"Anchor Relocation + Property Services","url":"https:\/\/anchor-relocation.ch\/de\/","logo":{"@type":"ImageObject","inLanguage":"de-DE","@id":"https:\/\/anchor-relocation.ch\/de\/#\/schema\/logo\/image\/","url":"https:\/\/anchor-relocation.ch\/wp-content\/uploads\/2017\/01\/anchor_NoTagline_2016_2945U.png","contentUrl":"https:\/\/anchor-relocation.ch\/wp-content\/uploads\/2017\/01\/anchor_NoTagline_2016_2945U.png","width":2961,"height":190,"caption":"Anchor Relocation + Property Services"},"image":{"@id":"https:\/\/anchor-relocation.ch\/de\/#\/schema\/logo\/image\/"}},{"@type":"Person","@id":"https:\/\/anchor-relocation.ch\/de\/#\/schema\/person\/e44dbf33c25a80a1dafa3792d205ac96","name":"cd2s","image":{"@type":"ImageObject","inLanguage":"de-DE","@id":"https:\/\/secure.gravatar.com\/avatar\/5d0fe13009dba9ab982f52abe74771dffee1bf00af91b29b8997003a872c07fe?s=96&d=mm&r=g","url":"https:\/\/secure.gravatar.com\/avatar\/5d0fe13009dba9ab982f52abe74771dffee1bf00af91b29b8997003a872c07fe?s=96&d=mm&r=g","contentUrl":"https:\/\/secure.gravatar.com\/avatar\/5d0fe13009dba9ab982f52abe74771dffee1bf00af91b29b8997003a872c07fe?s=96&d=mm&r=g","caption":"cd2s"}}]}},"_links":{"self":[{"href":"https:\/\/anchor-relocation.ch\/de\/wp-json\/wp\/v2\/posts\/4219","targetHints":{"allow":["GET"]}}],"collection":[{"href":"https:\/\/anchor-relocation.ch\/de\/wp-json\/wp\/v2\/posts"}],"about":[{"href":"https:\/\/anchor-relocation.ch\/de\/wp-json\/wp\/v2\/types\/post"}],"author":[{"embeddable":true,"href":"https:\/\/anchor-relocation.ch\/de\/wp-json\/wp\/v2\/users\/2"}],"replies":[{"embeddable":true,"href":"https:\/\/anchor-relocation.ch\/de\/wp-json\/wp\/v2\/comments?post=4219"}],"version-history":[{"count":16,"href":"https:\/\/anchor-relocation.ch\/de\/wp-json\/wp\/v2\/posts\/4219\/revisions"}],"predecessor-version":[{"id":4369,"href":"https:\/\/anchor-relocation.ch\/de\/wp-json\/wp\/v2\/posts\/4219\/revisions\/4369"}],"wp:featuredmedia":[{"embeddable":true,"href":"https:\/\/anchor-relocation.ch\/de\/wp-json\/wp\/v2\/media\/4223"}],"wp:attachment":[{"href":"https:\/\/anchor-relocation.ch\/de\/wp-json\/wp\/v2\/media?parent=4219"}],"wp:term":[{"taxonomy":"category","embeddable":true,"href":"https:\/\/anchor-relocation.ch\/de\/wp-json\/wp\/v2\/categories?post=4219"},{"taxonomy":"post_tag","embeddable":true,"href":"https:\/\/anchor-relocation.ch\/de\/wp-json\/wp\/v2\/tags?post=4219"}],"curies":[{"name":"wp","href":"https:\/\/api.w.org\/{rel}","templated":true}]}}