{"id":5615,"date":"2025-04-24T16:29:19","date_gmt":"2025-04-24T14:29:19","guid":{"rendered":"https:\/\/anchor-relocation.ch\/srf-rundschau-wohnungskrise-in-zuerich\/"},"modified":"2025-04-24T17:43:58","modified_gmt":"2025-04-24T15:43:58","slug":"srf-rundschau-wohnungskrise-in-zuerich","status":"publish","type":"post","link":"https:\/\/anchor-relocation.ch\/de\/srf-rundschau-wohnungskrise-in-zuerich\/","title":{"rendered":"SRF Rundschau \u2014 Wohnungsnot in Z\u00fcrich"},"content":{"rendered":"<div id='av-layout-grid-1'  class='av-layout-grid-container av-ah1pop-ed7f3f7cb38c62d067176fb5c324475b entry-content-wrapper main_color av-flex-cells  avia-builder-el-0  el_before_av_image  avia-builder-el-first   container_wrap fullsize'  >\n\n<style type=\"text\/css\" data-created_by=\"avia_inline_auto\" id=\"style-css-av-98vkbd-b4ff71a91c552618390cf2389fb8cbcc\">\n.flex_cell.av-98vkbd-b4ff71a91c552618390cf2389fb8cbcc{\nvertical-align:top;\n}\n.responsive #top #wrap_all .flex_cell.av-98vkbd-b4ff71a91c552618390cf2389fb8cbcc{\npadding:10% 20% 20% 20% !important;\n}\n\n@media only screen and (min-width: 990px){ \n.responsive #top #wrap_all .flex_cell.av-98vkbd-b4ff71a91c552618390cf2389fb8cbcc{\npadding:10% 20% 20% 20% !important;\n}\n}\n\n@media only screen and (min-width: 768px) and (max-width: 989px){ \n.responsive #top #wrap_all .flex_cell.av-98vkbd-b4ff71a91c552618390cf2389fb8cbcc{\npadding:10% 20% 20% 20% !important;\n}\n}\n\n@media only screen and (min-width: 480px) and (max-width: 767px){ \n.responsive #top #wrap_all .flex_cell.av-98vkbd-b4ff71a91c552618390cf2389fb8cbcc{\npadding:8% 8% 8% 8% !important;\n}\n}\n\n@media only screen and (max-width: 479px){ \n.responsive #top #wrap_all .flex_cell.av-98vkbd-b4ff71a91c552618390cf2389fb8cbcc{\npadding:8% 8% 8% 8% !important;\n}\n}\n<\/style>\n<div class='flex_cell av-98vkbd-b4ff71a91c552618390cf2389fb8cbcc av-gridrow-cell av_one_full no_margin  avia-builder-el-1  avia-builder-el-no-sibling  content-align-top'  ><div class='flex_cell_inner'><p>\n<style type=\"text\/css\" data-created_by=\"avia_inline_auto\" id=\"style-css-av-lxdcpvu3-66139d0a71e27018e601b2be15ea5ee8\">\n#top .av-special-heading.av-lxdcpvu3-66139d0a71e27018e601b2be15ea5ee8{\npadding-bottom:15px;\n}\nbody .av-special-heading.av-lxdcpvu3-66139d0a71e27018e601b2be15ea5ee8 .av-special-heading-tag .heading-char{\nfont-size:25px;\n}\n.av-special-heading.av-lxdcpvu3-66139d0a71e27018e601b2be15ea5ee8 .av-subheading{\nfont-size:15px;\n}\n<\/style>\n<div  class='av-special-heading av-lxdcpvu3-66139d0a71e27018e601b2be15ea5ee8 av-special-heading-h2 blockquote modern-quote  avia-builder-el-2  el_before_av_post_metadata  avia-builder-el-first  av-linked-heading'><h2 class='av-special-heading-tag '  itemprop=\"headline\"  >SRF Rundschau \u2014 Wohnungsnot in Z\u00fcrich<\/h2><div class=\"special-heading-border\"><div class=\"special-heading-inner-border\"><\/div><\/div><\/div><br \/>\n\n<style type=\"text\/css\" data-created_by=\"avia_inline_auto\" id=\"style-css-av-6vsajd-a6565c284bfa203c1532c04cfcd81104\">\n#top .av-post-metadata-container.av-6vsajd-a6565c284bfa203c1532c04cfcd81104{\nmargin:0 0 25px 0;\n}\n<\/style>\n<div  class='av-post-metadata-container av-6vsajd-a6565c284bfa203c1532c04cfcd81104 av-metadata-container-align-left  avia-builder-el-3  el_after_av_heading  el_before_av_hr  av-metadata-container-1'><div class='av-post-metadata-container-inner'><span class=\"av-post-metadata-content av-post-metadata-meta-content\"><span class=\"av-post-metadata-content av-post-metadata-modified\"><span class=\"av-post-metadata-modified-date\" >24\/04\/2025<\/span><\/span><\/span><\/div><\/div><br \/>\n\n<style type=\"text\/css\" data-created_by=\"avia_inline_auto\" id=\"style-css-av-3vy1qh-ad13b7c6a645883f7d9f3afc03ca0d50\">\n#top .hr.hr-invisible.av-3vy1qh-ad13b7c6a645883f7d9f3afc03ca0d50{\nheight:20px;\n}\n<\/style>\n<div  class='hr av-3vy1qh-ad13b7c6a645883f7d9f3afc03ca0d50 hr-invisible  avia-builder-el-4  el_after_av_post_metadata  el_before_av_textblock '><span class='hr-inner '><span class=\"hr-inner-style\"><\/span><\/span><\/div><br \/>\n<section  class='av_textblock_section av-lxdcr368-617cec0068be90d2d5af80a40fd2fe96 '   itemscope=\"itemscope\" itemtype=\"https:\/\/schema.org\/BlogPosting\" itemprop=\"blogPost\" ><div class='avia_textblock'  itemprop=\"text\" ><p><strong>Wir freuen uns sehr, dass Doris Hautle von Anchor Relocation eingeladen wurde, am 23. April 2025 an einem Beitrag <a href=\"https:\/\/www.srf.ch\/play\/tv\/rundschau\/video\/mit-gefaelschtem-pass-in-die-schweiz---das-business-mit-gekauften-papieren?urn=urn:srf:video:3fcc7c51-94b5-4f42-98b9-0fbb0f536fd6\">der SRF Rundschau<\/a> teilzunehmen, in dem es um die Wohnungsnot in Z\u00fcrich ging.<\/strong><\/p>\n<p>Der Beitrag fokussiert sich insbesondere auch auf Leerr\u00e4umungen ganzer Wohn\u00fcberbauungen, wie sie in gr\u00f6sseren St\u00e4dten oft vorkommen, um alte Siedlungen zu sanieren, neu zu bauen oder verdichteter zu nutzen. Dabei wird eindr\u00fccklich gezeigt, welche Auswirkungen solche Massnahmen auf die betroffenen Anwohnerinnen und Anwohner haben. <\/p>\n<p>Zugleich wird deutlich, dass selbst gutverdienende Zuziehende zunehmend M\u00fche haben, in Z\u00fcrich geeigneten Wohnraum zu finden. Doris Hautle besichtigt im Rahmen des Beitrags eine Wohnung f\u00fcr einen Kunden \u2013 trotz eines Budgets von bis zu 10&#8217;000 Franken gestaltet sich die Suche als herausfordernd. <\/p>\n<p>Anchor Relocation vermittelt Wohnraum f\u00fcr Kundinnen und Kunden in allen Preissegmenten, doch selbst im oberen Segment ist der Markt angespannt \u2013 nicht nur im unteren und mittleren Bereich. Viele Mietinteressierte sind zwar bereit, h\u00f6here Mieten zu zahlen, stellen jedoch auch hohe Anspr\u00fcche an Lage und Qualit\u00e4t. <\/p>\n<p>Langwierige Bewilligungsverfahren und h\u00e4ufige Einsprachen bremsen die Baut\u00e4tigkeit zus\u00e4tzlich \u2013 was den ohnehin bereits angespannten Wohnungsmarkt weiter unter Druck setzt und die Wohnungssuche noch schwieriger macht.<\/p>\n<\/div><\/section><br \/>\n\n<style type=\"text\/css\" data-created_by=\"avia_inline_auto\" id=\"style-css-av-23to1l-7a49db23533c9cf538c29f48e06489a9\">\n#top .hr.hr-invisible.av-23to1l-7a49db23533c9cf538c29f48e06489a9{\nheight:25px;\n}\n<\/style>\n<div  class='hr av-23to1l-7a49db23533c9cf538c29f48e06489a9 hr-invisible  avia-builder-el-6  el_after_av_textblock  el_before_av_codeblock '><span class='hr-inner '><span class=\"hr-inner-style\"><\/span><\/span><\/div><br \/>\n<br \/>\n\n<style type=\"text\/css\" data-created_by=\"avia_inline_auto\" id=\"style-css-av-1ucfxl-d9e7376341783f804f7a1c3d2696086d\">\n#top .hr.hr-invisible.av-1ucfxl-d9e7376341783f804f7a1c3d2696086d{\nheight:20px;\n}\n<\/style>\n<div  class='hr av-1ucfxl-d9e7376341783f804f7a1c3d2696086d hr-invisible  avia-builder-el-8  el_after_av_codeblock  avia-builder-el-last '><span class='hr-inner '><span class=\"hr-inner-style\"><\/span><\/span><\/div><\/p>\n<\/div><\/div><\/div><div id='after_grid_row_1'  class='main_color av_default_container_wrap container_wrap fullsize'  ><div class='container av-section-cont-open' ><div class='template-page content  av-content-full alpha units'><div class='post-entry post-entry-type-page post-entry-5615'><div class='entry-content-wrapper clearfix'><\/p>\n","protected":false},"excerpt":{"rendered":"<p>Wir freuen uns sehr, dass Anchor Relocation, Doris Hautle, eingeladen wurde, bei einem Beitrag der SRF Rundschau vom 23.04.2025 zur Wohnungsnot in Z\u00fcrich mitzuwirken.<\/p>\n","protected":false},"author":2,"featured_media":5607,"comment_status":"closed","ping_status":"closed","sticky":false,"template":"","format":"standard","meta":{"footnotes":""},"categories":[26,25],"tags":[],"class_list":["post-5615","post","type-post","status-publish","format-standard","has-post-thumbnail","hentry","category-aktuelles","category-pressemedien"],"yoast_head":"<!-- This site is optimized with the Yoast SEO Premium plugin v28.4 (Yoast SEO v28.4) - https:\/\/yoast.com\/product\/yoast-seo-premium-wordpress\/ -->\n<title>SRF Rundschau \u2014 Wohnungsnot in Z\u00fcrich &#8212; Anchor Relocation Services<\/title>\n<meta name=\"description\" content=\"Wir freuen uns sehr, dass Anchor Relocation, Doris Hautle, eingeladen wurde, bei einem Beitrag der SRF Rundschau vom 23.04.2025 zur Wohnungsnot in Z\u00fcrich mitzuwirken.\" \/>\n<meta name=\"robots\" content=\"index, follow, max-snippet:-1, max-image-preview:large, max-video-preview:-1\" \/>\n<link rel=\"canonical\" href=\"https:\/\/anchor-relocation.ch\/de\/srf-rundschau-wohnungskrise-in-zuerich\/\" \/>\n<meta property=\"og:locale\" content=\"de_DE\" \/>\n<meta property=\"og:type\" content=\"article\" \/>\n<meta property=\"og:title\" content=\"SRF Rundschau \u2014 Wohnungsnot in Z\u00fcrich\" \/>\n<meta property=\"og:description\" content=\"Are you moving to Switzerland? Anchor Relocation is the first contact for expatriates from all over the world. We offer professional, efficient, in-depth and fully customised Home Search as well as Temporary Housing, Departure Support and many other services. How can we support you?\" \/>\n<meta property=\"og:url\" content=\"https:\/\/anchor-relocation.ch\/de\/srf-rundschau-wohnungskrise-in-zuerich\/\" \/>\n<meta property=\"og:site_name\" content=\"Anchor Relocation Services\" \/>\n<meta property=\"article:published_time\" content=\"2025-04-24T14:29:19+00:00\" \/>\n<meta property=\"article:modified_time\" content=\"2025-04-24T15:43:58+00:00\" \/>\n<meta property=\"og:image\" content=\"https:\/\/anchor-relocation.ch\/wp-content\/uploads\/2025\/04\/Screenshot-2025-04-24-at-16.23.49-1030x577.png\" \/>\n\t<meta property=\"og:image:width\" content=\"1030\" \/>\n\t<meta property=\"og:image:height\" content=\"577\" \/>\n\t<meta property=\"og:image:type\" content=\"image\/png\" \/>\n<meta name=\"author\" content=\"cd2s\" \/>\n<meta name=\"twitter:card\" content=\"summary_large_image\" \/>\n<meta name=\"twitter:label1\" content=\"Written by\" \/>\n\t<meta name=\"twitter:data1\" content=\"cd2s\" \/>\n\t<meta name=\"twitter:label2\" content=\"Est. reading time\" \/>\n\t<meta name=\"twitter:data2\" content=\"5 minutes\" \/>\n<script type=\"application\/ld+json\" class=\"yoast-schema-graph\">{\"@context\":\"https:\\\/\\\/schema.org\",\"@graph\":[{\"@type\":\"Article\",\"@id\":\"https:\\\/\\\/anchor-relocation.ch\\\/de\\\/srf-rundschau-wohnungskrise-in-zuerich\\\/#article\",\"isPartOf\":{\"@id\":\"https:\\\/\\\/anchor-relocation.ch\\\/de\\\/srf-rundschau-wohnungskrise-in-zuerich\\\/\"},\"author\":{\"name\":\"cd2s\",\"@id\":\"https:\\\/\\\/anchor-relocation.ch\\\/de\\\/#\\\/schema\\\/person\\\/e44dbf33c25a80a1dafa3792d205ac96\"},\"headline\":\"SRF Rundschau \u2014 Wohnungsnot in Z\u00fcrich\",\"datePublished\":\"2025-04-24T14:29:19+00:00\",\"dateModified\":\"2025-04-24T15:43:58+00:00\",\"mainEntityOfPage\":{\"@id\":\"https:\\\/\\\/anchor-relocation.ch\\\/de\\\/srf-rundschau-wohnungskrise-in-zuerich\\\/\"},\"wordCount\":847,\"publisher\":{\"@id\":\"https:\\\/\\\/anchor-relocation.ch\\\/de\\\/#organization\"},\"image\":{\"@id\":\"https:\\\/\\\/anchor-relocation.ch\\\/de\\\/srf-rundschau-wohnungskrise-in-zuerich\\\/#primaryimage\"},\"thumbnailUrl\":\"https:\\\/\\\/anchor-relocation.ch\\\/wp-content\\\/uploads\\\/2025\\\/04\\\/Screenshot-2025-04-24-at-16.23.49.png\",\"articleSection\":[\"Aktuelles\",\"Presse\\\/Medien\"],\"inLanguage\":\"de-DE\"},{\"@type\":\"WebPage\",\"@id\":\"https:\\\/\\\/anchor-relocation.ch\\\/de\\\/srf-rundschau-wohnungskrise-in-zuerich\\\/\",\"url\":\"https:\\\/\\\/anchor-relocation.ch\\\/de\\\/srf-rundschau-wohnungskrise-in-zuerich\\\/\",\"name\":\"SRF Rundschau \u2014 Wohnungsnot in Z\u00fcrich &#8212; Anchor Relocation Services\",\"isPartOf\":{\"@id\":\"https:\\\/\\\/anchor-relocation.ch\\\/de\\\/#website\"},\"primaryImageOfPage\":{\"@id\":\"https:\\\/\\\/anchor-relocation.ch\\\/de\\\/srf-rundschau-wohnungskrise-in-zuerich\\\/#primaryimage\"},\"image\":{\"@id\":\"https:\\\/\\\/anchor-relocation.ch\\\/de\\\/srf-rundschau-wohnungskrise-in-zuerich\\\/#primaryimage\"},\"thumbnailUrl\":\"https:\\\/\\\/anchor-relocation.ch\\\/wp-content\\\/uploads\\\/2025\\\/04\\\/Screenshot-2025-04-24-at-16.23.49.png\",\"datePublished\":\"2025-04-24T14:29:19+00:00\",\"dateModified\":\"2025-04-24T15:43:58+00:00\",\"description\":\"Wir freuen uns sehr, dass Anchor Relocation, Doris Hautle, eingeladen wurde, bei einem Beitrag der SRF Rundschau vom 23.04.2025 zur Wohnungsnot in Z\u00fcrich mitzuwirken.\",\"breadcrumb\":{\"@id\":\"https:\\\/\\\/anchor-relocation.ch\\\/de\\\/srf-rundschau-wohnungskrise-in-zuerich\\\/#breadcrumb\"},\"inLanguage\":\"de-DE\",\"potentialAction\":[{\"@type\":\"ReadAction\",\"target\":[\"https:\\\/\\\/anchor-relocation.ch\\\/de\\\/srf-rundschau-wohnungskrise-in-zuerich\\\/\"]}]},{\"@type\":\"ImageObject\",\"inLanguage\":\"de-DE\",\"@id\":\"https:\\\/\\\/anchor-relocation.ch\\\/de\\\/srf-rundschau-wohnungskrise-in-zuerich\\\/#primaryimage\",\"url\":\"https:\\\/\\\/anchor-relocation.ch\\\/wp-content\\\/uploads\\\/2025\\\/04\\\/Screenshot-2025-04-24-at-16.23.49.png\",\"contentUrl\":\"https:\\\/\\\/anchor-relocation.ch\\\/wp-content\\\/uploads\\\/2025\\\/04\\\/Screenshot-2025-04-24-at-16.23.49.png\",\"width\":2780,\"height\":1556},{\"@type\":\"BreadcrumbList\",\"@id\":\"https:\\\/\\\/anchor-relocation.ch\\\/de\\\/srf-rundschau-wohnungskrise-in-zuerich\\\/#breadcrumb\",\"itemListElement\":[{\"@type\":\"ListItem\",\"position\":1,\"name\":\"Home\",\"item\":\"https:\\\/\\\/anchor-relocation.ch\\\/de\\\/home\\\/\"},{\"@type\":\"ListItem\",\"position\":2,\"name\":\"SRF Rundschau \u2014 Wohnungsnot in Z\u00fcrich\"}]},{\"@type\":\"WebSite\",\"@id\":\"https:\\\/\\\/anchor-relocation.ch\\\/de\\\/#website\",\"url\":\"https:\\\/\\\/anchor-relocation.ch\\\/de\\\/\",\"name\":\"Anchor Relocation Services\",\"description\":\"welcome home.\",\"publisher\":{\"@id\":\"https:\\\/\\\/anchor-relocation.ch\\\/de\\\/#organization\"},\"alternateName\":\"Relocation Services Zurich\",\"potentialAction\":[{\"@type\":\"SearchAction\",\"target\":{\"@type\":\"EntryPoint\",\"urlTemplate\":\"https:\\\/\\\/anchor-relocation.ch\\\/de\\\/?s={search_term_string}\"},\"query-input\":{\"@type\":\"PropertyValueSpecification\",\"valueRequired\":true,\"valueName\":\"search_term_string\"}}],\"inLanguage\":\"de-DE\"},{\"@type\":\"Organization\",\"@id\":\"https:\\\/\\\/anchor-relocation.ch\\\/de\\\/#organization\",\"name\":\"Anchor Relocation + Property Services\",\"url\":\"https:\\\/\\\/anchor-relocation.ch\\\/de\\\/\",\"logo\":{\"@type\":\"ImageObject\",\"inLanguage\":\"de-DE\",\"@id\":\"https:\\\/\\\/anchor-relocation.ch\\\/de\\\/#\\\/schema\\\/logo\\\/image\\\/\",\"url\":\"https:\\\/\\\/anchor-relocation.ch\\\/wp-content\\\/uploads\\\/2017\\\/01\\\/anchor_NoTagline_2016_2945U.png\",\"contentUrl\":\"https:\\\/\\\/anchor-relocation.ch\\\/wp-content\\\/uploads\\\/2017\\\/01\\\/anchor_NoTagline_2016_2945U.png\",\"width\":2961,\"height\":190,\"caption\":\"Anchor Relocation + Property Services\"},\"image\":{\"@id\":\"https:\\\/\\\/anchor-relocation.ch\\\/de\\\/#\\\/schema\\\/logo\\\/image\\\/\"}},{\"@type\":\"Person\",\"@id\":\"https:\\\/\\\/anchor-relocation.ch\\\/de\\\/#\\\/schema\\\/person\\\/e44dbf33c25a80a1dafa3792d205ac96\",\"name\":\"cd2s\",\"image\":{\"@type\":\"ImageObject\",\"inLanguage\":\"de-DE\",\"@id\":\"https:\\\/\\\/secure.gravatar.com\\\/avatar\\\/5d0fe13009dba9ab982f52abe74771dffee1bf00af91b29b8997003a872c07fe?s=96&d=mm&r=g\",\"url\":\"https:\\\/\\\/secure.gravatar.com\\\/avatar\\\/5d0fe13009dba9ab982f52abe74771dffee1bf00af91b29b8997003a872c07fe?s=96&d=mm&r=g\",\"contentUrl\":\"https:\\\/\\\/secure.gravatar.com\\\/avatar\\\/5d0fe13009dba9ab982f52abe74771dffee1bf00af91b29b8997003a872c07fe?s=96&d=mm&r=g\",\"caption\":\"cd2s\"}}]}<\/script>\n<!-- \/ Yoast SEO Premium plugin. -->","yoast_head_json":{"title":"SRF Rundschau \u2014 Wohnungsnot in Z\u00fcrich &#8212; Anchor Relocation Services","description":"Wir freuen uns sehr, dass Anchor Relocation, Doris Hautle, eingeladen wurde, bei einem Beitrag der SRF Rundschau vom 23.04.2025 zur Wohnungsnot in Z\u00fcrich mitzuwirken.","robots":{"index":"index","follow":"follow","max-snippet":"max-snippet:-1","max-image-preview":"max-image-preview:large","max-video-preview":"max-video-preview:-1"},"canonical":"https:\/\/anchor-relocation.ch\/de\/srf-rundschau-wohnungskrise-in-zuerich\/","og_locale":"de_DE","og_type":"article","og_title":"SRF Rundschau \u2014 Wohnungsnot in Z\u00fcrich","og_description":"Are you moving to Switzerland? Anchor Relocation is the first contact for expatriates from all over the world. We offer professional, efficient, in-depth and fully customised Home Search as well as Temporary Housing, Departure Support and many other services. How can we support you?","og_url":"https:\/\/anchor-relocation.ch\/de\/srf-rundschau-wohnungskrise-in-zuerich\/","og_site_name":"Anchor Relocation Services","article_published_time":"2025-04-24T14:29:19+00:00","article_modified_time":"2025-04-24T15:43:58+00:00","og_image":[{"width":1030,"height":577,"url":"https:\/\/anchor-relocation.ch\/wp-content\/uploads\/2025\/04\/Screenshot-2025-04-24-at-16.23.49-1030x577.png","type":"image\/png"}],"author":"cd2s","twitter_card":"summary_large_image","twitter_misc":{"Written by":"cd2s","Est. reading time":"5 minutes"},"schema":{"@context":"https:\/\/schema.org","@graph":[{"@type":"Article","@id":"https:\/\/anchor-relocation.ch\/de\/srf-rundschau-wohnungskrise-in-zuerich\/#article","isPartOf":{"@id":"https:\/\/anchor-relocation.ch\/de\/srf-rundschau-wohnungskrise-in-zuerich\/"},"author":{"name":"cd2s","@id":"https:\/\/anchor-relocation.ch\/de\/#\/schema\/person\/e44dbf33c25a80a1dafa3792d205ac96"},"headline":"SRF Rundschau \u2014 Wohnungsnot in Z\u00fcrich","datePublished":"2025-04-24T14:29:19+00:00","dateModified":"2025-04-24T15:43:58+00:00","mainEntityOfPage":{"@id":"https:\/\/anchor-relocation.ch\/de\/srf-rundschau-wohnungskrise-in-zuerich\/"},"wordCount":847,"publisher":{"@id":"https:\/\/anchor-relocation.ch\/de\/#organization"},"image":{"@id":"https:\/\/anchor-relocation.ch\/de\/srf-rundschau-wohnungskrise-in-zuerich\/#primaryimage"},"thumbnailUrl":"https:\/\/anchor-relocation.ch\/wp-content\/uploads\/2025\/04\/Screenshot-2025-04-24-at-16.23.49.png","articleSection":["Aktuelles","Presse\/Medien"],"inLanguage":"de-DE"},{"@type":"WebPage","@id":"https:\/\/anchor-relocation.ch\/de\/srf-rundschau-wohnungskrise-in-zuerich\/","url":"https:\/\/anchor-relocation.ch\/de\/srf-rundschau-wohnungskrise-in-zuerich\/","name":"SRF Rundschau \u2014 Wohnungsnot in Z\u00fcrich &#8212; Anchor Relocation Services","isPartOf":{"@id":"https:\/\/anchor-relocation.ch\/de\/#website"},"primaryImageOfPage":{"@id":"https:\/\/anchor-relocation.ch\/de\/srf-rundschau-wohnungskrise-in-zuerich\/#primaryimage"},"image":{"@id":"https:\/\/anchor-relocation.ch\/de\/srf-rundschau-wohnungskrise-in-zuerich\/#primaryimage"},"thumbnailUrl":"https:\/\/anchor-relocation.ch\/wp-content\/uploads\/2025\/04\/Screenshot-2025-04-24-at-16.23.49.png","datePublished":"2025-04-24T14:29:19+00:00","dateModified":"2025-04-24T15:43:58+00:00","description":"Wir freuen uns sehr, dass Anchor Relocation, Doris Hautle, eingeladen wurde, bei einem Beitrag der SRF Rundschau vom 23.04.2025 zur Wohnungsnot in Z\u00fcrich mitzuwirken.","breadcrumb":{"@id":"https:\/\/anchor-relocation.ch\/de\/srf-rundschau-wohnungskrise-in-zuerich\/#breadcrumb"},"inLanguage":"de-DE","potentialAction":[{"@type":"ReadAction","target":["https:\/\/anchor-relocation.ch\/de\/srf-rundschau-wohnungskrise-in-zuerich\/"]}]},{"@type":"ImageObject","inLanguage":"de-DE","@id":"https:\/\/anchor-relocation.ch\/de\/srf-rundschau-wohnungskrise-in-zuerich\/#primaryimage","url":"https:\/\/anchor-relocation.ch\/wp-content\/uploads\/2025\/04\/Screenshot-2025-04-24-at-16.23.49.png","contentUrl":"https:\/\/anchor-relocation.ch\/wp-content\/uploads\/2025\/04\/Screenshot-2025-04-24-at-16.23.49.png","width":2780,"height":1556},{"@type":"BreadcrumbList","@id":"https:\/\/anchor-relocation.ch\/de\/srf-rundschau-wohnungskrise-in-zuerich\/#breadcrumb","itemListElement":[{"@type":"ListItem","position":1,"name":"Home","item":"https:\/\/anchor-relocation.ch\/de\/home\/"},{"@type":"ListItem","position":2,"name":"SRF Rundschau \u2014 Wohnungsnot in Z\u00fcrich"}]},{"@type":"WebSite","@id":"https:\/\/anchor-relocation.ch\/de\/#website","url":"https:\/\/anchor-relocation.ch\/de\/","name":"Anchor Relocation Services","description":"welcome home.","publisher":{"@id":"https:\/\/anchor-relocation.ch\/de\/#organization"},"alternateName":"Relocation Services Zurich","potentialAction":[{"@type":"SearchAction","target":{"@type":"EntryPoint","urlTemplate":"https:\/\/anchor-relocation.ch\/de\/?s={search_term_string}"},"query-input":{"@type":"PropertyValueSpecification","valueRequired":true,"valueName":"search_term_string"}}],"inLanguage":"de-DE"},{"@type":"Organization","@id":"https:\/\/anchor-relocation.ch\/de\/#organization","name":"Anchor Relocation + Property Services","url":"https:\/\/anchor-relocation.ch\/de\/","logo":{"@type":"ImageObject","inLanguage":"de-DE","@id":"https:\/\/anchor-relocation.ch\/de\/#\/schema\/logo\/image\/","url":"https:\/\/anchor-relocation.ch\/wp-content\/uploads\/2017\/01\/anchor_NoTagline_2016_2945U.png","contentUrl":"https:\/\/anchor-relocation.ch\/wp-content\/uploads\/2017\/01\/anchor_NoTagline_2016_2945U.png","width":2961,"height":190,"caption":"Anchor Relocation + Property Services"},"image":{"@id":"https:\/\/anchor-relocation.ch\/de\/#\/schema\/logo\/image\/"}},{"@type":"Person","@id":"https:\/\/anchor-relocation.ch\/de\/#\/schema\/person\/e44dbf33c25a80a1dafa3792d205ac96","name":"cd2s","image":{"@type":"ImageObject","inLanguage":"de-DE","@id":"https:\/\/secure.gravatar.com\/avatar\/5d0fe13009dba9ab982f52abe74771dffee1bf00af91b29b8997003a872c07fe?s=96&d=mm&r=g","url":"https:\/\/secure.gravatar.com\/avatar\/5d0fe13009dba9ab982f52abe74771dffee1bf00af91b29b8997003a872c07fe?s=96&d=mm&r=g","contentUrl":"https:\/\/secure.gravatar.com\/avatar\/5d0fe13009dba9ab982f52abe74771dffee1bf00af91b29b8997003a872c07fe?s=96&d=mm&r=g","caption":"cd2s"}}]}},"_links":{"self":[{"href":"https:\/\/anchor-relocation.ch\/de\/wp-json\/wp\/v2\/posts\/5615","targetHints":{"allow":["GET"]}}],"collection":[{"href":"https:\/\/anchor-relocation.ch\/de\/wp-json\/wp\/v2\/posts"}],"about":[{"href":"https:\/\/anchor-relocation.ch\/de\/wp-json\/wp\/v2\/types\/post"}],"author":[{"embeddable":true,"href":"https:\/\/anchor-relocation.ch\/de\/wp-json\/wp\/v2\/users\/2"}],"replies":[{"embeddable":true,"href":"https:\/\/anchor-relocation.ch\/de\/wp-json\/wp\/v2\/comments?post=5615"}],"version-history":[{"count":37,"href":"https:\/\/anchor-relocation.ch\/de\/wp-json\/wp\/v2\/posts\/5615\/revisions"}],"predecessor-version":[{"id":5675,"href":"https:\/\/anchor-relocation.ch\/de\/wp-json\/wp\/v2\/posts\/5615\/revisions\/5675"}],"wp:featuredmedia":[{"embeddable":true,"href":"https:\/\/anchor-relocation.ch\/de\/wp-json\/wp\/v2\/media\/5607"}],"wp:attachment":[{"href":"https:\/\/anchor-relocation.ch\/de\/wp-json\/wp\/v2\/media?parent=5615"}],"wp:term":[{"taxonomy":"category","embeddable":true,"href":"https:\/\/anchor-relocation.ch\/de\/wp-json\/wp\/v2\/categories?post=5615"},{"taxonomy":"post_tag","embeddable":true,"href":"https:\/\/anchor-relocation.ch\/de\/wp-json\/wp\/v2\/tags?post=5615"}],"curies":[{"name":"wp","href":"https:\/\/api.w.org\/{rel}","templated":true}]}}