{"id":5910,"date":"2025-11-06T13:22:49","date_gmt":"2025-11-06T12:22:49","guid":{"rendered":"https:\/\/anchor-relocation.ch\/?p=5910"},"modified":"2026-01-13T14:50:48","modified_gmt":"2026-01-13T13:50:48","slug":"zu-vermieten-8038-zuerich-5-5-zimmer-doppelhaushaelfte-2","status":"publish","type":"post","link":"https:\/\/anchor-relocation.ch\/de\/zu-vermieten-8038-zuerich-5-5-zimmer-doppelhaushaelfte-2\/","title":{"rendered":"Vermietet &#8211; 8038 Z\u00fcrich (Wollishofen) &#8211; 5.5 Zimmer-Doppelhaush\u00e4lfte"},"content":{"rendered":"<div id='av-layout-grid-1'  class='av-layout-grid-container av-ah1pop-ed7f3f7cb38c62d067176fb5c324475b entry-content-wrapper main_color av-flex-cells  avia-builder-el-0  el_before_av_image  avia-builder-el-first   container_wrap fullsize'  >\n\n<style type=\"text\/css\" data-created_by=\"avia_inline_auto\" id=\"style-css-av-98vkbd-b4ff71a91c552618390cf2389fb8cbcc\">\n.flex_cell.av-98vkbd-b4ff71a91c552618390cf2389fb8cbcc{\nvertical-align:top;\n}\n.responsive #top #wrap_all .flex_cell.av-98vkbd-b4ff71a91c552618390cf2389fb8cbcc{\npadding:10% 20% 20% 20% !important;\n}\n\n@media only screen and (min-width: 990px){ \n.responsive #top #wrap_all .flex_cell.av-98vkbd-b4ff71a91c552618390cf2389fb8cbcc{\npadding:10% 20% 20% 20% !important;\n}\n}\n\n@media only screen and (min-width: 768px) and (max-width: 989px){ \n.responsive #top #wrap_all .flex_cell.av-98vkbd-b4ff71a91c552618390cf2389fb8cbcc{\npadding:10% 20% 20% 20% !important;\n}\n}\n\n@media only screen and (min-width: 480px) and (max-width: 767px){ \n.responsive #top #wrap_all .flex_cell.av-98vkbd-b4ff71a91c552618390cf2389fb8cbcc{\npadding:8% 8% 8% 8% !important;\n}\n}\n\n@media only screen and (max-width: 479px){ \n.responsive #top #wrap_all .flex_cell.av-98vkbd-b4ff71a91c552618390cf2389fb8cbcc{\npadding:8% 8% 8% 8% !important;\n}\n}\n<\/style>\n<div class='flex_cell av-98vkbd-b4ff71a91c552618390cf2389fb8cbcc av-gridrow-cell av_one_full no_margin  avia-builder-el-1  avia-builder-el-no-sibling  content-align-top'  ><div class='flex_cell_inner'><p>\n<style type=\"text\/css\" data-created_by=\"avia_inline_auto\" id=\"style-css-av-ksz024-14fab73c45bf8adc1ed37ad5314749ad\">\n#top .av-special-heading.av-ksz024-14fab73c45bf8adc1ed37ad5314749ad{\npadding-bottom:15px;\n}\nbody .av-special-heading.av-ksz024-14fab73c45bf8adc1ed37ad5314749ad .av-special-heading-tag .heading-char{\nfont-size:25px;\n}\n.av-special-heading.av-ksz024-14fab73c45bf8adc1ed37ad5314749ad .av-subheading{\nfont-size:15px;\n}\n<\/style>\n<div  class='av-special-heading av-ksz024-14fab73c45bf8adc1ed37ad5314749ad av-special-heading-h2 blockquote modern-quote  avia-builder-el-2  el_before_av_post_metadata  avia-builder-el-first  av-linked-heading'><h2 class='av-special-heading-tag '  itemprop=\"headline\"  >Vermietet &#8211; 8038 Z\u00fcrich (Wollishofen) &#8211; 5.5 Zimmer-Doppelhaush\u00e4lfte<\/h2><div class=\"special-heading-border\"><div class=\"special-heading-inner-border\"><\/div><\/div><\/div><br \/>\n\n<style type=\"text\/css\" data-created_by=\"avia_inline_auto\" id=\"style-css-av-6vsajd-a6565c284bfa203c1532c04cfcd81104\">\n#top .av-post-metadata-container.av-6vsajd-a6565c284bfa203c1532c04cfcd81104{\nmargin:0 0 25px 0;\n}\n<\/style>\n<div  class='av-post-metadata-container av-6vsajd-a6565c284bfa203c1532c04cfcd81104 av-metadata-container-align-left  avia-builder-el-3  el_after_av_heading  el_before_av_hr  av-metadata-container-1'><div class='av-post-metadata-container-inner'><span class=\"av-post-metadata-content av-post-metadata-meta-content\"><span class=\"av-post-metadata-content av-post-metadata-modified\"><span class=\"av-post-metadata-modified-date\" >13\/01\/2026<\/span><\/span><\/span><\/div><\/div><br \/>\n\n<style type=\"text\/css\" data-created_by=\"avia_inline_auto\" id=\"style-css-av-3vy1qh-ad13b7c6a645883f7d9f3afc03ca0d50\">\n#top .hr.hr-invisible.av-3vy1qh-ad13b7c6a645883f7d9f3afc03ca0d50{\nheight:20px;\n}\n<\/style>\n<div  class='hr av-3vy1qh-ad13b7c6a645883f7d9f3afc03ca0d50 hr-invisible  avia-builder-el-4  el_after_av_post_metadata  el_before_av_image '><span class='hr-inner '><span class=\"hr-inner-style\"><\/span><\/span><\/div><br \/>\n\n<style type=\"text\/css\" data-created_by=\"avia_inline_auto\" id=\"style-css-av-227klvg-fa6c6f7773d1057ebaccbb4afd94e049\">\n.avia-image-container.av-227klvg-fa6c6f7773d1057ebaccbb4afd94e049 img.avia_image{\nbox-shadow:none;\n}\n.avia-image-container.av-227klvg-fa6c6f7773d1057ebaccbb4afd94e049 .av-image-caption-overlay-center{\ncolor:#ffffff;\n}\n<\/style>\n<div  class='avia-image-container av-227klvg-fa6c6f7773d1057ebaccbb4afd94e049 av-styling-no-styling avia-align-center  avia-builder-el-5  el_after_av_hr  el_before_av_hr '   itemprop=\"image\" itemscope=\"itemscope\" itemtype=\"https:\/\/schema.org\/ImageObject\" ><div class=\"avia-image-container-inner\"><div class=\"avia-image-overlay-wrap\"><img decoding=\"async\" fetchpriority=\"high\" class='wp-image-6013 avia-img-lazy-loading-not-6013 avia_image ' src=\"https:\/\/anchor-relocation.ch\/wp-content\/uploads\/2025\/11\/Zurich-Seeblickstrasse-62-IMG_5819-3.jpg\" alt='5.5-Zimmer-Doppelhaush\u00e4lfte \u2014 Seeblickstrasse 62, 8038 Z\u00fcrich' title='Z\u00fcrich (8038) - Seeblickstrasse 62'  height=\"1875\" width=\"2500\"  itemprop=\"thumbnailUrl\" srcset=\"https:\/\/anchor-relocation.ch\/wp-content\/uploads\/2025\/11\/Zurich-Seeblickstrasse-62-IMG_5819-3.jpg 2500w, https:\/\/anchor-relocation.ch\/wp-content\/uploads\/2025\/11\/Zurich-Seeblickstrasse-62-IMG_5819-3-300x225.jpg 300w, https:\/\/anchor-relocation.ch\/wp-content\/uploads\/2025\/11\/Zurich-Seeblickstrasse-62-IMG_5819-3-1030x773.jpg 1030w, https:\/\/anchor-relocation.ch\/wp-content\/uploads\/2025\/11\/Zurich-Seeblickstrasse-62-IMG_5819-3-768x576.jpg 768w, https:\/\/anchor-relocation.ch\/wp-content\/uploads\/2025\/11\/Zurich-Seeblickstrasse-62-IMG_5819-3-1536x1152.jpg 1536w, https:\/\/anchor-relocation.ch\/wp-content\/uploads\/2025\/11\/Zurich-Seeblickstrasse-62-IMG_5819-3-2048x1536.jpg 2048w, https:\/\/anchor-relocation.ch\/wp-content\/uploads\/2025\/11\/Zurich-Seeblickstrasse-62-IMG_5819-3-1500x1125.jpg 1500w, https:\/\/anchor-relocation.ch\/wp-content\/uploads\/2025\/11\/Zurich-Seeblickstrasse-62-IMG_5819-3-705x529.jpg 705w\" sizes=\"(max-width: 2500px) 100vw, 2500px\" \/><\/div><\/div><\/div><br \/>\n\n<style type=\"text\/css\" data-created_by=\"avia_inline_auto\" id=\"style-css-av-1oec30-35077201d592fe04f6b0ff95e6b5330d\">\n#top .hr.hr-invisible.av-1oec30-35077201d592fe04f6b0ff95e6b5330d{\nheight:50px;\n}\n<\/style>\n<div  class='hr av-1oec30-35077201d592fe04f6b0ff95e6b5330d hr-invisible  avia-builder-el-6  el_after_av_image  el_before_av_textblock '><span class='hr-inner '><span class=\"hr-inner-style\"><\/span><\/span><\/div><br \/>\n<section  class='av_textblock_section av-lxdcr368-60b69b09b62850e8efccd48043b688ab '   itemscope=\"itemscope\" itemtype=\"https:\/\/schema.org\/BlogPosting\" itemprop=\"blogPost\" ><div class='avia_textblock'  itemprop=\"text\" ><p><strong>Mit einem seltenen, unverbaubaren Blick auf den Z\u00fcrichsee bietet diese moderne Doppelhaush\u00e4lfte einen luxuri\u00f6sen und zugleich nachhaltigen Lebensstil in einer der begehrtesten Wohngegenden der Region. Die Immobilie, die ab dem 15. Januar 2026 verf\u00fcgbar ist, kombiniert moderne, energieeffiziente Ausstattungsmerkmale wie Sonnenkollektoren, Erdw\u00e4rmeheizung und ein Free-Cooling-System mit raffinierten, lichtdurchfluteten Wohnr\u00e4umen, die sich auf etwa 190 m\u00b2 \u00fcber drei Ebenen erstrecken. Vier Schlafzimmer, drei Vollb\u00e4der, ein gro\u00dfz\u00fcgiger Wohn-\/Essbereich mit Zugang zum Garten und ein Kamin schaffen die perfekte Umgebung f\u00fcr Paare oder Familien, die Ruhe, Privatsph\u00e4re und Komfort am Ende einer ruhigen Sackgasse suchen. Mit einer Doppelgarage (EV-Ladestation), zwei Au\u00dfenparkpl\u00e4tzen und Zugang zu Tennispl\u00e4tzen und einem Erholungsgebiet direkt hinter dem Grundst\u00fcck ist dies eine au\u00dfergew\u00f6hnliche Mietgelegenheit.   <\/strong><\/p>\n<\/div><\/section><br \/>\n\n<style type=\"text\/css\" data-created_by=\"avia_inline_auto\" id=\"style-css-av-375cyd-cd3cb974cb62e433291740ed1355f9e5\">\n#top .hr.hr-invisible.av-375cyd-cd3cb974cb62e433291740ed1355f9e5{\nheight:50px;\n}\n<\/style>\n<div  class='hr av-375cyd-cd3cb974cb62e433291740ed1355f9e5 hr-invisible  avia-builder-el-8  el_after_av_textblock  el_before_av_textblock '><span class='hr-inner '><span class=\"hr-inner-style\"><\/span><\/span><\/div><br \/>\n<section  class='av_textblock_section av-mfxyncq3-3a42b913becd3627e98fc465edc8cedf '   itemscope=\"itemscope\" itemtype=\"https:\/\/schema.org\/BlogPosting\" itemprop=\"blogPost\" ><div class='avia_textblock'  itemprop=\"text\" ><p><strong>Lage \u2014 Seeblickstrasse 62, 8038 Z\u00fcrich<br \/>\nNettomiete \u2014 CHF 6&#8217;700\/Monat<\/strong><br \/>\n<strong>Verf\u00fcgbar \u2014 15.01.2026<\/strong><\/p>\n<\/div><\/section><br \/>\n\n<style type=\"text\/css\" data-created_by=\"avia_inline_auto\" id=\"style-css-av-f6ujwc-c2c3aa197d3951c973fc8e803d7458e5\">\n#top .hr.hr-invisible.av-f6ujwc-c2c3aa197d3951c973fc8e803d7458e5{\nheight:50px;\n}\n<\/style>\n<div  class='hr av-f6ujwc-c2c3aa197d3951c973fc8e803d7458e5 hr-invisible  avia-builder-el-10  el_after_av_textblock  el_before_av_textblock '><span class='hr-inner '><span class=\"hr-inner-style\"><\/span><\/span><\/div><br \/>\n<section  class='av_textblock_section av-npcaek-3cbf9e844aa1050995a7d8ee5605752c '   itemscope=\"itemscope\" itemtype=\"https:\/\/schema.org\/BlogPosting\" itemprop=\"blogPost\" ><div class='avia_textblock'  itemprop=\"text\" ><p class=\"p1\">Die moderne Doppelhaush\u00e4lfte, die ab Mitte Januar 2026 verf\u00fcgbar ist, liegt in einer friedlichen, sonnigen Umgebung am Ende einer ruhigen Sackgasse ohne Durchgangsverkehr und bietet einen au\u00dfergew\u00f6hnlichen, ungehinderten Panoramablick auf den See.<\/p>\n<p class=\"p1\"><span class=\"s1\">Auf rund 190 m\u00b2 Wohnfl\u00e4che \u00fcber drei Etagen bietet das Haus grossz\u00fcgige, helle R\u00e4ume mit einer warmen, einladenden Atmosph\u00e4re. Die im Jahr 2000 erbaute Immobilie wurde laufend gepflegt und verf\u00fcgt \u00fcber eine moderne K\u00fcche sowie B\u00e4der in sehr gutem Zustand. <\/span><\/p>\n<p class=\"p1\"><span class=\"s1\">Das Haus verbindet Komfort, hohe Energieeffizienz und einen freien Blick auf den See \u2014 eine passende Wahl f\u00fcr Paare oder Familien, die Ruhe, nat\u00fcrliches Licht und ein gepflegtes Wohnambiente sch\u00e4tzen.<\/span><\/p>\n<\/div><\/section><br \/>\n\n<style type=\"text\/css\" data-created_by=\"avia_inline_auto\" id=\"style-css-av-dpbgwc-2c15adcaafe0f109dad10afd03eb9069\">\n#top .hr.hr-invisible.av-dpbgwc-2c15adcaafe0f109dad10afd03eb9069{\nheight:50px;\n}\n<\/style>\n<div  class='hr av-dpbgwc-2c15adcaafe0f109dad10afd03eb9069 hr-invisible  avia-builder-el-12  el_after_av_textblock  el_before_av_heading '><span class='hr-inner '><span class=\"hr-inner-style\"><\/span><\/span><\/div><br \/>\n\n<style type=\"text\/css\" data-created_by=\"avia_inline_auto\" id=\"style-css-av-iqvlto-e0ac559436651769a4de95223c219cbf\">\n#top .av-special-heading.av-iqvlto-e0ac559436651769a4de95223c219cbf{\npadding-bottom:15px;\n}\nbody .av-special-heading.av-iqvlto-e0ac559436651769a4de95223c219cbf .av-special-heading-tag .heading-char{\nfont-size:25px;\n}\n.av-special-heading.av-iqvlto-e0ac559436651769a4de95223c219cbf .av-subheading{\nfont-size:15px;\n}\n<\/style>\n<div  class='av-special-heading av-iqvlto-e0ac559436651769a4de95223c219cbf av-special-heading-h3 blockquote modern-quote  avia-builder-el-13  el_after_av_hr  el_before_av_textblock  av-linked-heading'><h3 class='av-special-heading-tag '  itemprop=\"headline\"  >Highlights<\/h3><div class=\"special-heading-border\"><div class=\"special-heading-inner-border\"><\/div><\/div><\/div><br \/>\n<section  class='av_textblock_section av-kl8d70-059e6324819cf56eb13c6e5f991fc158 '   itemscope=\"itemscope\" itemtype=\"https:\/\/schema.org\/BlogPosting\" itemprop=\"blogPost\" ><div class='avia_textblock'  itemprop=\"text\" ><ul>\n<li class=\"p3\">Einzigartige, freie Sicht auf \u00fcber den ganzen Z\u00fcrichsee<\/li>\n<li class=\"p3\">Vier Schlafzimmer und drei voll ausgestattete Badezimmer<\/li>\n<li class=\"p3\">Sch\u00f6ne Abendsonne<\/li>\n<li class=\"p3\">Grossz\u00fcgiger Wohn- und Essbereich mit direktem Zugang zum Garten<\/li>\n<li class=\"p3\">Cheminee f\u00fcr gem\u00fctliche Stunden<\/li>\n<li class=\"p3\">Hochwertiger Parkettboden in allen Wohnr\u00e4umen<\/li>\n<li class=\"p3\">Doppelgarage mit Elektroanschluss f\u00fcr ein E-Auto<\/li>\n<li class=\"p3\">Zwei Aussenparkpl\u00e4tze<\/li>\n<li class=\"p3\">Keller mit zus\u00e4tzlichem Stauraum<\/li>\n<li class=\"p3\">Solaranlage, Erdsondenheizung und Freecooling-System f\u00fcr ein nachhaltiges und angenehmes Wohnklima<\/li>\n<li class=\"p3\">Einfacher Zugang zu Tennispl\u00e4tzen und einem Erholungsgebiet hinter dem Grundst\u00fcck<\/li>\n<\/ul>\n<\/div><\/section><br \/>\n\n<style type=\"text\/css\" data-created_by=\"avia_inline_auto\" id=\"style-css-av-2xsur9-e341baaeee0d2f7fbcc23a554930fdee\">\n#top .hr.hr-invisible.av-2xsur9-e341baaeee0d2f7fbcc23a554930fdee{\nheight:50px;\n}\n<\/style>\n<div  class='hr av-2xsur9-e341baaeee0d2f7fbcc23a554930fdee hr-invisible  avia-builder-el-15  el_after_av_textblock  el_before_av_textblock '><span class='hr-inner '><span class=\"hr-inner-style\"><\/span><\/span><\/div><br \/>\n<section  class='av_textblock_section av-heo4z0-dbe58977e9a23c5a7e2f373effc680ce '   itemscope=\"itemscope\" itemtype=\"https:\/\/schema.org\/BlogPosting\" itemprop=\"blogPost\" ><div class='avia_textblock'  itemprop=\"text\" ><p>Wir w\u00fcrden uns freuen, Ihnen diese sch\u00f6ne Immobilie zu zeigen. F\u00fcr weitere Informationen, Grundrisse oder eine Besichtigung kontaktieren Sie bitte Doris Hautle &#8211; property@anchor-relocation.ch.<\/p>\n<\/div><\/section><br \/>\n\n<style type=\"text\/css\" data-created_by=\"avia_inline_auto\" id=\"style-css-av-d61gbw-03a832fb1792a3cbd4d7ff4daf4eb66a\">\n#top .hr.hr-invisible.av-d61gbw-03a832fb1792a3cbd4d7ff4daf4eb66a{\nheight:50px;\n}\n<\/style>\n<div  class='hr av-d61gbw-03a832fb1792a3cbd4d7ff4daf4eb66a hr-invisible  avia-builder-el-17  el_after_av_textblock  el_before_av_image '><span class='hr-inner '><span class=\"hr-inner-style\"><\/span><\/span><\/div><br \/>\n\n<style type=\"text\/css\" data-created_by=\"avia_inline_auto\" id=\"style-css-av-mfy0eywv-e668e4a18b0e3b6c830dae2cdedafafb\">\n.avia-image-container.av-mfy0eywv-e668e4a18b0e3b6c830dae2cdedafafb img.avia_image{\nbox-shadow:none;\n}\n.avia-image-container.av-mfy0eywv-e668e4a18b0e3b6c830dae2cdedafafb .av-image-caption-overlay-center{\ncolor:#ffffff;\n}\n<\/style>\n<div  class='avia-image-container av-mfy0eywv-e668e4a18b0e3b6c830dae2cdedafafb av-styling- avia-align-center  avia-builder-el-18  el_after_av_hr  el_before_av_hr '   itemprop=\"image\" itemscope=\"itemscope\" itemtype=\"https:\/\/schema.org\/ImageObject\" ><div class=\"avia-image-container-inner\"><div class=\"avia-image-overlay-wrap\"><img decoding=\"async\" fetchpriority=\"high\" class='wp-image-5938 avia-img-lazy-loading-not-5938 avia_image ' src=\"https:\/\/anchor-relocation.ch\/wp-content\/uploads\/2025\/11\/Zurich-Seeblickstrasse-62-IMG_5815.jpg\" alt='' title='Z\u00fcrich - Seeblickstrasse 62 - IMG_5815'  height=\"1875\" width=\"2500\"  itemprop=\"thumbnailUrl\" srcset=\"https:\/\/anchor-relocation.ch\/wp-content\/uploads\/2025\/11\/Zurich-Seeblickstrasse-62-IMG_5815.jpg 2500w, https:\/\/anchor-relocation.ch\/wp-content\/uploads\/2025\/11\/Zurich-Seeblickstrasse-62-IMG_5815-300x225.jpg 300w, https:\/\/anchor-relocation.ch\/wp-content\/uploads\/2025\/11\/Zurich-Seeblickstrasse-62-IMG_5815-1030x773.jpg 1030w, https:\/\/anchor-relocation.ch\/wp-content\/uploads\/2025\/11\/Zurich-Seeblickstrasse-62-IMG_5815-768x576.jpg 768w, https:\/\/anchor-relocation.ch\/wp-content\/uploads\/2025\/11\/Zurich-Seeblickstrasse-62-IMG_5815-1536x1152.jpg 1536w, https:\/\/anchor-relocation.ch\/wp-content\/uploads\/2025\/11\/Zurich-Seeblickstrasse-62-IMG_5815-2048x1536.jpg 2048w, https:\/\/anchor-relocation.ch\/wp-content\/uploads\/2025\/11\/Zurich-Seeblickstrasse-62-IMG_5815-1500x1125.jpg 1500w, https:\/\/anchor-relocation.ch\/wp-content\/uploads\/2025\/11\/Zurich-Seeblickstrasse-62-IMG_5815-705x529.jpg 705w\" sizes=\"(max-width: 2500px) 100vw, 2500px\" \/><\/div><\/div><\/div><br \/>\n\n<style type=\"text\/css\" data-created_by=\"avia_inline_auto\" id=\"style-css-av-3aigfw-e6d62b368712a02cb7392b5626fc09a7\">\n#top .hr.hr-invisible.av-3aigfw-e6d62b368712a02cb7392b5626fc09a7{\nheight:50px;\n}\n<\/style>\n<div  class='hr av-3aigfw-e6d62b368712a02cb7392b5626fc09a7 hr-invisible  avia-builder-el-19  el_after_av_image  el_before_av_heading '><span class='hr-inner '><span class=\"hr-inner-style\"><\/span><\/span><\/div><br \/>\n\n<style type=\"text\/css\" data-created_by=\"avia_inline_auto\" id=\"style-css-av-8iii4s-64ac186f5fa47ed086bf99c7f82c2be6\">\n#top .av-special-heading.av-8iii4s-64ac186f5fa47ed086bf99c7f82c2be6{\npadding-bottom:15px;\n}\nbody .av-special-heading.av-8iii4s-64ac186f5fa47ed086bf99c7f82c2be6 .av-special-heading-tag .heading-char{\nfont-size:25px;\n}\n.av-special-heading.av-8iii4s-64ac186f5fa47ed086bf99c7f82c2be6 .av-subheading{\nfont-size:15px;\n}\n<\/style>\n<div  class='av-special-heading av-8iii4s-64ac186f5fa47ed086bf99c7f82c2be6 av-special-heading-h3 blockquote modern-quote  avia-builder-el-20  el_after_av_hr  el_before_av_masonry_gallery  avia-builder-el-last  av-linked-heading'><h3 class='av-special-heading-tag '  itemprop=\"headline\"  >Erkunden Sie das Grundst\u00fcck<\/h3><div class=\"special-heading-border\"><div class=\"special-heading-inner-border\"><\/div><\/div><\/div><br \/>\n\n<style type=\"text\/css\" data-created_by=\"avia_inline_auto\" id=\"style-css-av-mfy1mblg-b330bfad66eea495e631fd312586e7dc\">\n#top .av-masonry.av-mfy1mblg-b330bfad66eea495e631fd312586e7dc{\nbackground-color:#ffffff;\n}\n<\/style>\n<div id='av-masonry-1' class='av-masonry av-mfy1mblg-b330bfad66eea495e631fd312586e7dc noHover av-flex-size av-large-gap av-hover-overlay-active av-masonry-animation- av-masonry-col-2 av-caption-always av-caption-style- av-masonry-gallery av-desktop-columns-overwrite av-desktop-columns-2 av-medium-columns-overwrite av-medium-columns-2 av-small-columns-overwrite av-small-columns-2 av-mini-columns-overwrite av-mini-columns-1 ' data-post_id=\"5910\"><div class=\"av-masonry-container isotope av-js-disabled\"><div class='av-masonry-entry isotope-item av-masonry-item-no-image '><\/div><a href=\"https:\/\/anchor-relocation.ch\/wp-content\/uploads\/2025\/11\/Zurich-Seeblickstrasse-62-IMG_5838-1030x773.jpg\" data-srcset=\"https:\/\/anchor-relocation.ch\/wp-content\/uploads\/2025\/11\/Zurich-Seeblickstrasse-62-IMG_5838-1030x773.jpg 1030w, https:\/\/anchor-relocation.ch\/wp-content\/uploads\/2025\/11\/Zurich-Seeblickstrasse-62-IMG_5838-300x225.jpg 300w, https:\/\/anchor-relocation.ch\/wp-content\/uploads\/2025\/11\/Zurich-Seeblickstrasse-62-IMG_5838-768x576.jpg 768w, https:\/\/anchor-relocation.ch\/wp-content\/uploads\/2025\/11\/Zurich-Seeblickstrasse-62-IMG_5838-1536x1152.jpg 1536w, https:\/\/anchor-relocation.ch\/wp-content\/uploads\/2025\/11\/Zurich-Seeblickstrasse-62-IMG_5838-2048x1536.jpg 2048w, https:\/\/anchor-relocation.ch\/wp-content\/uploads\/2025\/11\/Zurich-Seeblickstrasse-62-IMG_5838-1500x1125.jpg 1500w, https:\/\/anchor-relocation.ch\/wp-content\/uploads\/2025\/11\/Zurich-Seeblickstrasse-62-IMG_5838-705x529.jpg 705w\" data-sizes=\"(max-width: 1030px) 100vw, 1030px\"  aria-label=\"Bild Z\u00fcrich &#8211; Seeblickstrasse 62 &#8211; IMG_5838\"  id='av-masonry-1-item-5957' data-av-masonry-item='5957' class='av-masonry-entry isotope-item post-5957 attachment type-attachment status-inherit hentry  av-masonry-item-with-image' title=\"Z\u00fcrich &#8211; Seeblickstrasse 62 &#8211; IMG_5838\" alt=\"\"    itemprop=\"thumbnailUrl\" ><div class='av-inner-masonry-sizer'><\/div><figure class='av-inner-masonry main_color'><div class=\"av-masonry-outerimage-container\"><div class='av-masonry-image-container'  ><img decoding=\"async\" width=\"2500\" height=\"1875\" fetchpriority=\"high\" class=\"wp-image-5957 avia-img-lazy-loading-not-5957\"  src=\"https:\/\/anchor-relocation.ch\/wp-content\/uploads\/2025\/11\/Zurich-Seeblickstrasse-62-IMG_5838.jpg\" title=\"Z\u00fcrich &#8211; Seeblickstrasse 62 &#8211; IMG_5838\" alt=\"\" srcset=\"https:\/\/anchor-relocation.ch\/wp-content\/uploads\/2025\/11\/Zurich-Seeblickstrasse-62-IMG_5838.jpg 2500w, https:\/\/anchor-relocation.ch\/wp-content\/uploads\/2025\/11\/Zurich-Seeblickstrasse-62-IMG_5838-300x225.jpg 300w, https:\/\/anchor-relocation.ch\/wp-content\/uploads\/2025\/11\/Zurich-Seeblickstrasse-62-IMG_5838-1030x773.jpg 1030w, https:\/\/anchor-relocation.ch\/wp-content\/uploads\/2025\/11\/Zurich-Seeblickstrasse-62-IMG_5838-768x576.jpg 768w, https:\/\/anchor-relocation.ch\/wp-content\/uploads\/2025\/11\/Zurich-Seeblickstrasse-62-IMG_5838-1536x1152.jpg 1536w, https:\/\/anchor-relocation.ch\/wp-content\/uploads\/2025\/11\/Zurich-Seeblickstrasse-62-IMG_5838-2048x1536.jpg 2048w, https:\/\/anchor-relocation.ch\/wp-content\/uploads\/2025\/11\/Zurich-Seeblickstrasse-62-IMG_5838-1500x1125.jpg 1500w, https:\/\/anchor-relocation.ch\/wp-content\/uploads\/2025\/11\/Zurich-Seeblickstrasse-62-IMG_5838-705x529.jpg 705w\" sizes=\"(max-width: 2500px) 100vw, 2500px\" \/><\/div><\/div><\/figure><\/a><!--end av-masonry entry--><a href=\"https:\/\/anchor-relocation.ch\/wp-content\/uploads\/2025\/11\/Zurich-Seeblickstrasse-62-IMG_5841-773x1030.jpg\" data-srcset=\"https:\/\/anchor-relocation.ch\/wp-content\/uploads\/2025\/11\/Zurich-Seeblickstrasse-62-IMG_5841-773x1030.jpg 773w, https:\/\/anchor-relocation.ch\/wp-content\/uploads\/2025\/11\/Zurich-Seeblickstrasse-62-IMG_5841-225x300.jpg 225w, https:\/\/anchor-relocation.ch\/wp-content\/uploads\/2025\/11\/Zurich-Seeblickstrasse-62-IMG_5841-768x1024.jpg 768w, https:\/\/anchor-relocation.ch\/wp-content\/uploads\/2025\/11\/Zurich-Seeblickstrasse-62-IMG_5841-1152x1536.jpg 1152w, https:\/\/anchor-relocation.ch\/wp-content\/uploads\/2025\/11\/Zurich-Seeblickstrasse-62-IMG_5841-1536x2048.jpg 1536w, https:\/\/anchor-relocation.ch\/wp-content\/uploads\/2025\/11\/Zurich-Seeblickstrasse-62-IMG_5841-1125x1500.jpg 1125w, https:\/\/anchor-relocation.ch\/wp-content\/uploads\/2025\/11\/Zurich-Seeblickstrasse-62-IMG_5841-529x705.jpg 529w, https:\/\/anchor-relocation.ch\/wp-content\/uploads\/2025\/11\/Zurich-Seeblickstrasse-62-IMG_5841.jpg 1875w\" data-sizes=\"(max-width: 773px) 100vw, 773px\"  aria-label=\"Bild Z\u00fcrich &#8211; Seeblickstrasse 62 &#8211; IMG_5841\"  id='av-masonry-1-item-5958' data-av-masonry-item='5958' class='av-masonry-entry isotope-item post-5958 attachment type-attachment status-inherit hentry  av-masonry-item-with-image' title=\"Z\u00fcrich &#8211; Seeblickstrasse 62 &#8211; IMG_5841\" alt=\"\"    itemprop=\"thumbnailUrl\" ><div class='av-inner-masonry-sizer'><\/div><figure class='av-inner-masonry main_color'><div class=\"av-masonry-outerimage-container\"><div class='av-masonry-image-container'  ><img decoding=\"async\" width=\"1875\" height=\"2500\" fetchpriority=\"high\" class=\"wp-image-5958 avia-img-lazy-loading-not-5958\"  src=\"https:\/\/anchor-relocation.ch\/wp-content\/uploads\/2025\/11\/Zurich-Seeblickstrasse-62-IMG_5841.jpg\" title=\"Z\u00fcrich &#8211; Seeblickstrasse 62 &#8211; IMG_5841\" alt=\"\" srcset=\"https:\/\/anchor-relocation.ch\/wp-content\/uploads\/2025\/11\/Zurich-Seeblickstrasse-62-IMG_5841.jpg 1875w, https:\/\/anchor-relocation.ch\/wp-content\/uploads\/2025\/11\/Zurich-Seeblickstrasse-62-IMG_5841-225x300.jpg 225w, https:\/\/anchor-relocation.ch\/wp-content\/uploads\/2025\/11\/Zurich-Seeblickstrasse-62-IMG_5841-773x1030.jpg 773w, https:\/\/anchor-relocation.ch\/wp-content\/uploads\/2025\/11\/Zurich-Seeblickstrasse-62-IMG_5841-768x1024.jpg 768w, https:\/\/anchor-relocation.ch\/wp-content\/uploads\/2025\/11\/Zurich-Seeblickstrasse-62-IMG_5841-1152x1536.jpg 1152w, https:\/\/anchor-relocation.ch\/wp-content\/uploads\/2025\/11\/Zurich-Seeblickstrasse-62-IMG_5841-1536x2048.jpg 1536w, https:\/\/anchor-relocation.ch\/wp-content\/uploads\/2025\/11\/Zurich-Seeblickstrasse-62-IMG_5841-1125x1500.jpg 1125w, https:\/\/anchor-relocation.ch\/wp-content\/uploads\/2025\/11\/Zurich-Seeblickstrasse-62-IMG_5841-529x705.jpg 529w\" sizes=\"(max-width: 1875px) 100vw, 1875px\" \/><\/div><\/div><\/figure><\/a><!--end av-masonry entry--><a href=\"https:\/\/anchor-relocation.ch\/wp-content\/uploads\/2025\/11\/Zurich-Seeblickstrasse-62-IMG_5815-1030x773.jpg\" data-srcset=\"https:\/\/anchor-relocation.ch\/wp-content\/uploads\/2025\/11\/Zurich-Seeblickstrasse-62-IMG_5815-1030x773.jpg 1030w, https:\/\/anchor-relocation.ch\/wp-content\/uploads\/2025\/11\/Zurich-Seeblickstrasse-62-IMG_5815-300x225.jpg 300w, https:\/\/anchor-relocation.ch\/wp-content\/uploads\/2025\/11\/Zurich-Seeblickstrasse-62-IMG_5815-768x576.jpg 768w, https:\/\/anchor-relocation.ch\/wp-content\/uploads\/2025\/11\/Zurich-Seeblickstrasse-62-IMG_5815-1536x1152.jpg 1536w, https:\/\/anchor-relocation.ch\/wp-content\/uploads\/2025\/11\/Zurich-Seeblickstrasse-62-IMG_5815-2048x1536.jpg 2048w, https:\/\/anchor-relocation.ch\/wp-content\/uploads\/2025\/11\/Zurich-Seeblickstrasse-62-IMG_5815-1500x1125.jpg 1500w, https:\/\/anchor-relocation.ch\/wp-content\/uploads\/2025\/11\/Zurich-Seeblickstrasse-62-IMG_5815-705x529.jpg 705w\" data-sizes=\"(max-width: 1030px) 100vw, 1030px\"  aria-label=\"Bild Z\u00fcrich &#8211; Seeblickstrasse 62 &#8211; IMG_5815\"  id='av-masonry-1-item-5938' data-av-masonry-item='5938' class='av-masonry-entry isotope-item post-5938 attachment type-attachment status-inherit hentry  av-masonry-item-with-image' title=\"Z\u00fcrich &#8211; Seeblickstrasse 62 &#8211; IMG_5815\" alt=\"\"    itemprop=\"thumbnailUrl\" ><div class='av-inner-masonry-sizer'><\/div><figure class='av-inner-masonry main_color'><div class=\"av-masonry-outerimage-container\"><div class='av-masonry-image-container'  ><img decoding=\"async\" width=\"2500\" height=\"1875\" fetchpriority=\"high\" class=\"wp-image-5938 avia-img-lazy-loading-not-5938\"  src=\"https:\/\/anchor-relocation.ch\/wp-content\/uploads\/2025\/11\/Zurich-Seeblickstrasse-62-IMG_5815.jpg\" title=\"Z\u00fcrich &#8211; Seeblickstrasse 62 &#8211; IMG_5815\" alt=\"\" srcset=\"https:\/\/anchor-relocation.ch\/wp-content\/uploads\/2025\/11\/Zurich-Seeblickstrasse-62-IMG_5815.jpg 2500w, https:\/\/anchor-relocation.ch\/wp-content\/uploads\/2025\/11\/Zurich-Seeblickstrasse-62-IMG_5815-300x225.jpg 300w, https:\/\/anchor-relocation.ch\/wp-content\/uploads\/2025\/11\/Zurich-Seeblickstrasse-62-IMG_5815-1030x773.jpg 1030w, https:\/\/anchor-relocation.ch\/wp-content\/uploads\/2025\/11\/Zurich-Seeblickstrasse-62-IMG_5815-768x576.jpg 768w, https:\/\/anchor-relocation.ch\/wp-content\/uploads\/2025\/11\/Zurich-Seeblickstrasse-62-IMG_5815-1536x1152.jpg 1536w, https:\/\/anchor-relocation.ch\/wp-content\/uploads\/2025\/11\/Zurich-Seeblickstrasse-62-IMG_5815-2048x1536.jpg 2048w, https:\/\/anchor-relocation.ch\/wp-content\/uploads\/2025\/11\/Zurich-Seeblickstrasse-62-IMG_5815-1500x1125.jpg 1500w, https:\/\/anchor-relocation.ch\/wp-content\/uploads\/2025\/11\/Zurich-Seeblickstrasse-62-IMG_5815-705x529.jpg 705w\" sizes=\"(max-width: 2500px) 100vw, 2500px\" \/><\/div><\/div><\/figure><\/a><!--end av-masonry entry--><a href=\"https:\/\/anchor-relocation.ch\/wp-content\/uploads\/2025\/11\/Zurich-Seeblickstrasse-62-IMG_5803-1030x773.jpg\" data-srcset=\"https:\/\/anchor-relocation.ch\/wp-content\/uploads\/2025\/11\/Zurich-Seeblickstrasse-62-IMG_5803-1030x773.jpg 1030w, https:\/\/anchor-relocation.ch\/wp-content\/uploads\/2025\/11\/Zurich-Seeblickstrasse-62-IMG_5803-300x225.jpg 300w, https:\/\/anchor-relocation.ch\/wp-content\/uploads\/2025\/11\/Zurich-Seeblickstrasse-62-IMG_5803-768x576.jpg 768w, https:\/\/anchor-relocation.ch\/wp-content\/uploads\/2025\/11\/Zurich-Seeblickstrasse-62-IMG_5803-1536x1152.jpg 1536w, https:\/\/anchor-relocation.ch\/wp-content\/uploads\/2025\/11\/Zurich-Seeblickstrasse-62-IMG_5803-2048x1536.jpg 2048w, https:\/\/anchor-relocation.ch\/wp-content\/uploads\/2025\/11\/Zurich-Seeblickstrasse-62-IMG_5803-1500x1125.jpg 1500w, https:\/\/anchor-relocation.ch\/wp-content\/uploads\/2025\/11\/Zurich-Seeblickstrasse-62-IMG_5803-705x529.jpg 705w\" data-sizes=\"(max-width: 1030px) 100vw, 1030px\"  aria-label=\"Bild Z\u00fcrich &#8211; Seeblickstrasse 62 &#8211; IMG_5803\"  id='av-masonry-1-item-5953' data-av-masonry-item='5953' class='av-masonry-entry isotope-item post-5953 attachment type-attachment status-inherit hentry  av-masonry-item-with-image' title=\"Z\u00fcrich &#8211; Seeblickstrasse 62 &#8211; IMG_5803\" alt=\"\"    itemprop=\"thumbnailUrl\" ><div class='av-inner-masonry-sizer'><\/div><figure class='av-inner-masonry main_color'><div class=\"av-masonry-outerimage-container\"><div class='av-masonry-image-container'  ><img decoding=\"async\" width=\"2500\" height=\"1875\" fetchpriority=\"high\" class=\"wp-image-5953 avia-img-lazy-loading-not-5953\"  src=\"https:\/\/anchor-relocation.ch\/wp-content\/uploads\/2025\/11\/Zurich-Seeblickstrasse-62-IMG_5803.jpg\" title=\"Z\u00fcrich &#8211; Seeblickstrasse 62 &#8211; IMG_5803\" alt=\"\" srcset=\"https:\/\/anchor-relocation.ch\/wp-content\/uploads\/2025\/11\/Zurich-Seeblickstrasse-62-IMG_5803.jpg 2500w, https:\/\/anchor-relocation.ch\/wp-content\/uploads\/2025\/11\/Zurich-Seeblickstrasse-62-IMG_5803-300x225.jpg 300w, https:\/\/anchor-relocation.ch\/wp-content\/uploads\/2025\/11\/Zurich-Seeblickstrasse-62-IMG_5803-1030x773.jpg 1030w, https:\/\/anchor-relocation.ch\/wp-content\/uploads\/2025\/11\/Zurich-Seeblickstrasse-62-IMG_5803-768x576.jpg 768w, https:\/\/anchor-relocation.ch\/wp-content\/uploads\/2025\/11\/Zurich-Seeblickstrasse-62-IMG_5803-1536x1152.jpg 1536w, https:\/\/anchor-relocation.ch\/wp-content\/uploads\/2025\/11\/Zurich-Seeblickstrasse-62-IMG_5803-2048x1536.jpg 2048w, https:\/\/anchor-relocation.ch\/wp-content\/uploads\/2025\/11\/Zurich-Seeblickstrasse-62-IMG_5803-1500x1125.jpg 1500w, https:\/\/anchor-relocation.ch\/wp-content\/uploads\/2025\/11\/Zurich-Seeblickstrasse-62-IMG_5803-705x529.jpg 705w\" sizes=\"(max-width: 2500px) 100vw, 2500px\" \/><\/div><\/div><\/figure><\/a><!--end av-masonry entry--><a href=\"https:\/\/anchor-relocation.ch\/wp-content\/uploads\/2025\/11\/Zurich-Seeblickstrasse-62-IMG_5829-1030x773.jpg\" data-srcset=\"https:\/\/anchor-relocation.ch\/wp-content\/uploads\/2025\/11\/Zurich-Seeblickstrasse-62-IMG_5829-1030x773.jpg 1030w, https:\/\/anchor-relocation.ch\/wp-content\/uploads\/2025\/11\/Zurich-Seeblickstrasse-62-IMG_5829-300x225.jpg 300w, https:\/\/anchor-relocation.ch\/wp-content\/uploads\/2025\/11\/Zurich-Seeblickstrasse-62-IMG_5829-768x576.jpg 768w, https:\/\/anchor-relocation.ch\/wp-content\/uploads\/2025\/11\/Zurich-Seeblickstrasse-62-IMG_5829-1536x1152.jpg 1536w, https:\/\/anchor-relocation.ch\/wp-content\/uploads\/2025\/11\/Zurich-Seeblickstrasse-62-IMG_5829-2048x1536.jpg 2048w, https:\/\/anchor-relocation.ch\/wp-content\/uploads\/2025\/11\/Zurich-Seeblickstrasse-62-IMG_5829-1500x1125.jpg 1500w, https:\/\/anchor-relocation.ch\/wp-content\/uploads\/2025\/11\/Zurich-Seeblickstrasse-62-IMG_5829-705x529.jpg 705w\" data-sizes=\"(max-width: 1030px) 100vw, 1030px\"  aria-label=\"Bild Z\u00fcrich &#8211; Seeblickstrasse 62 &#8211; IMG_5829\"  id='av-masonry-1-item-5956' data-av-masonry-item='5956' class='av-masonry-entry isotope-item post-5956 attachment type-attachment status-inherit hentry  av-masonry-item-with-image' title=\"Z\u00fcrich &#8211; Seeblickstrasse 62 &#8211; IMG_5829\" alt=\"\"    itemprop=\"thumbnailUrl\" ><div class='av-inner-masonry-sizer'><\/div><figure class='av-inner-masonry main_color'><div class=\"av-masonry-outerimage-container\"><div class='av-masonry-image-container'  ><img decoding=\"async\" width=\"2500\" height=\"1875\" fetchpriority=\"high\" class=\"wp-image-5956 avia-img-lazy-loading-not-5956\"  src=\"https:\/\/anchor-relocation.ch\/wp-content\/uploads\/2025\/11\/Zurich-Seeblickstrasse-62-IMG_5829.jpg\" title=\"Z\u00fcrich &#8211; Seeblickstrasse 62 &#8211; IMG_5829\" alt=\"\" srcset=\"https:\/\/anchor-relocation.ch\/wp-content\/uploads\/2025\/11\/Zurich-Seeblickstrasse-62-IMG_5829.jpg 2500w, https:\/\/anchor-relocation.ch\/wp-content\/uploads\/2025\/11\/Zurich-Seeblickstrasse-62-IMG_5829-300x225.jpg 300w, https:\/\/anchor-relocation.ch\/wp-content\/uploads\/2025\/11\/Zurich-Seeblickstrasse-62-IMG_5829-1030x773.jpg 1030w, https:\/\/anchor-relocation.ch\/wp-content\/uploads\/2025\/11\/Zurich-Seeblickstrasse-62-IMG_5829-768x576.jpg 768w, https:\/\/anchor-relocation.ch\/wp-content\/uploads\/2025\/11\/Zurich-Seeblickstrasse-62-IMG_5829-1536x1152.jpg 1536w, https:\/\/anchor-relocation.ch\/wp-content\/uploads\/2025\/11\/Zurich-Seeblickstrasse-62-IMG_5829-2048x1536.jpg 2048w, https:\/\/anchor-relocation.ch\/wp-content\/uploads\/2025\/11\/Zurich-Seeblickstrasse-62-IMG_5829-1500x1125.jpg 1500w, https:\/\/anchor-relocation.ch\/wp-content\/uploads\/2025\/11\/Zurich-Seeblickstrasse-62-IMG_5829-705x529.jpg 705w\" sizes=\"(max-width: 2500px) 100vw, 2500px\" \/><\/div><\/div><\/figure><\/a><!--end av-masonry entry--><a href=\"https:\/\/anchor-relocation.ch\/wp-content\/uploads\/2025\/11\/Zurich-Seeblickstrasse-62-IMG_5820-773x1030.jpg\" data-srcset=\"https:\/\/anchor-relocation.ch\/wp-content\/uploads\/2025\/11\/Zurich-Seeblickstrasse-62-IMG_5820-773x1030.jpg 773w, https:\/\/anchor-relocation.ch\/wp-content\/uploads\/2025\/11\/Zurich-Seeblickstrasse-62-IMG_5820-225x300.jpg 225w, https:\/\/anchor-relocation.ch\/wp-content\/uploads\/2025\/11\/Zurich-Seeblickstrasse-62-IMG_5820-768x1024.jpg 768w, https:\/\/anchor-relocation.ch\/wp-content\/uploads\/2025\/11\/Zurich-Seeblickstrasse-62-IMG_5820-1152x1536.jpg 1152w, https:\/\/anchor-relocation.ch\/wp-content\/uploads\/2025\/11\/Zurich-Seeblickstrasse-62-IMG_5820-1536x2048.jpg 1536w, https:\/\/anchor-relocation.ch\/wp-content\/uploads\/2025\/11\/Zurich-Seeblickstrasse-62-IMG_5820-1125x1500.jpg 1125w, https:\/\/anchor-relocation.ch\/wp-content\/uploads\/2025\/11\/Zurich-Seeblickstrasse-62-IMG_5820-529x705.jpg 529w, https:\/\/anchor-relocation.ch\/wp-content\/uploads\/2025\/11\/Zurich-Seeblickstrasse-62-IMG_5820.jpg 1875w\" data-sizes=\"(max-width: 773px) 100vw, 773px\"  aria-label=\"Bild Z\u00fcrich &#8211; Seeblickstrasse 62 &#8211; IMG_5820\"  id='av-masonry-1-item-5955' data-av-masonry-item='5955' class='av-masonry-entry isotope-item post-5955 attachment type-attachment status-inherit hentry  av-masonry-item-with-image' title=\"Z\u00fcrich &#8211; Seeblickstrasse 62 &#8211; IMG_5820\" alt=\"\"    itemprop=\"thumbnailUrl\" ><div class='av-inner-masonry-sizer'><\/div><figure class='av-inner-masonry main_color'><div class=\"av-masonry-outerimage-container\"><div class='av-masonry-image-container'  ><img decoding=\"async\" width=\"1875\" height=\"2500\" fetchpriority=\"high\" class=\"wp-image-5955 avia-img-lazy-loading-not-5955\"  src=\"https:\/\/anchor-relocation.ch\/wp-content\/uploads\/2025\/11\/Zurich-Seeblickstrasse-62-IMG_5820.jpg\" title=\"Z\u00fcrich &#8211; Seeblickstrasse 62 &#8211; IMG_5820\" alt=\"\" srcset=\"https:\/\/anchor-relocation.ch\/wp-content\/uploads\/2025\/11\/Zurich-Seeblickstrasse-62-IMG_5820.jpg 1875w, https:\/\/anchor-relocation.ch\/wp-content\/uploads\/2025\/11\/Zurich-Seeblickstrasse-62-IMG_5820-225x300.jpg 225w, https:\/\/anchor-relocation.ch\/wp-content\/uploads\/2025\/11\/Zurich-Seeblickstrasse-62-IMG_5820-773x1030.jpg 773w, https:\/\/anchor-relocation.ch\/wp-content\/uploads\/2025\/11\/Zurich-Seeblickstrasse-62-IMG_5820-768x1024.jpg 768w, https:\/\/anchor-relocation.ch\/wp-content\/uploads\/2025\/11\/Zurich-Seeblickstrasse-62-IMG_5820-1152x1536.jpg 1152w, https:\/\/anchor-relocation.ch\/wp-content\/uploads\/2025\/11\/Zurich-Seeblickstrasse-62-IMG_5820-1536x2048.jpg 1536w, https:\/\/anchor-relocation.ch\/wp-content\/uploads\/2025\/11\/Zurich-Seeblickstrasse-62-IMG_5820-1125x1500.jpg 1125w, https:\/\/anchor-relocation.ch\/wp-content\/uploads\/2025\/11\/Zurich-Seeblickstrasse-62-IMG_5820-529x705.jpg 529w\" sizes=\"(max-width: 1875px) 100vw, 1875px\" \/><\/div><\/div><\/figure><\/a><!--end av-masonry entry--><a href=\"https:\/\/anchor-relocation.ch\/wp-content\/uploads\/2025\/11\/Zurich-Seeblickstrasse-62-IMG_5865-773x1030.jpg\" data-srcset=\"https:\/\/anchor-relocation.ch\/wp-content\/uploads\/2025\/11\/Zurich-Seeblickstrasse-62-IMG_5865-773x1030.jpg 773w, https:\/\/anchor-relocation.ch\/wp-content\/uploads\/2025\/11\/Zurich-Seeblickstrasse-62-IMG_5865-225x300.jpg 225w, https:\/\/anchor-relocation.ch\/wp-content\/uploads\/2025\/11\/Zurich-Seeblickstrasse-62-IMG_5865-768x1024.jpg 768w, https:\/\/anchor-relocation.ch\/wp-content\/uploads\/2025\/11\/Zurich-Seeblickstrasse-62-IMG_5865-1152x1536.jpg 1152w, https:\/\/anchor-relocation.ch\/wp-content\/uploads\/2025\/11\/Zurich-Seeblickstrasse-62-IMG_5865-1536x2048.jpg 1536w, https:\/\/anchor-relocation.ch\/wp-content\/uploads\/2025\/11\/Zurich-Seeblickstrasse-62-IMG_5865-1125x1500.jpg 1125w, https:\/\/anchor-relocation.ch\/wp-content\/uploads\/2025\/11\/Zurich-Seeblickstrasse-62-IMG_5865-529x705.jpg 529w, https:\/\/anchor-relocation.ch\/wp-content\/uploads\/2025\/11\/Zurich-Seeblickstrasse-62-IMG_5865.jpg 1875w\" data-sizes=\"(max-width: 773px) 100vw, 773px\"  aria-label=\"Bild Z\u00fcrich &#8211; Seeblickstrasse 62 &#8211; IMG_5865\"  id='av-masonry-1-item-5969' data-av-masonry-item='5969' class='av-masonry-entry isotope-item post-5969 attachment type-attachment status-inherit hentry  av-masonry-item-with-image' title=\"Z\u00fcrich &#8211; Seeblickstrasse 62 &#8211; IMG_5865\" alt=\"\"    itemprop=\"thumbnailUrl\" ><div class='av-inner-masonry-sizer'><\/div><figure class='av-inner-masonry main_color'><div class=\"av-masonry-outerimage-container\"><div class='av-masonry-image-container'  ><img decoding=\"async\" width=\"1875\" height=\"2500\" fetchpriority=\"high\" class=\"wp-image-5969 avia-img-lazy-loading-not-5969\"  src=\"https:\/\/anchor-relocation.ch\/wp-content\/uploads\/2025\/11\/Zurich-Seeblickstrasse-62-IMG_5865.jpg\" title=\"Z\u00fcrich &#8211; Seeblickstrasse 62 &#8211; IMG_5865\" alt=\"\" srcset=\"https:\/\/anchor-relocation.ch\/wp-content\/uploads\/2025\/11\/Zurich-Seeblickstrasse-62-IMG_5865.jpg 1875w, https:\/\/anchor-relocation.ch\/wp-content\/uploads\/2025\/11\/Zurich-Seeblickstrasse-62-IMG_5865-225x300.jpg 225w, https:\/\/anchor-relocation.ch\/wp-content\/uploads\/2025\/11\/Zurich-Seeblickstrasse-62-IMG_5865-773x1030.jpg 773w, https:\/\/anchor-relocation.ch\/wp-content\/uploads\/2025\/11\/Zurich-Seeblickstrasse-62-IMG_5865-768x1024.jpg 768w, https:\/\/anchor-relocation.ch\/wp-content\/uploads\/2025\/11\/Zurich-Seeblickstrasse-62-IMG_5865-1152x1536.jpg 1152w, https:\/\/anchor-relocation.ch\/wp-content\/uploads\/2025\/11\/Zurich-Seeblickstrasse-62-IMG_5865-1536x2048.jpg 1536w, https:\/\/anchor-relocation.ch\/wp-content\/uploads\/2025\/11\/Zurich-Seeblickstrasse-62-IMG_5865-1125x1500.jpg 1125w, https:\/\/anchor-relocation.ch\/wp-content\/uploads\/2025\/11\/Zurich-Seeblickstrasse-62-IMG_5865-529x705.jpg 529w\" sizes=\"(max-width: 1875px) 100vw, 1875px\" \/><\/div><\/div><\/figure><\/a><!--end av-masonry entry--><a href=\"https:\/\/anchor-relocation.ch\/wp-content\/uploads\/2025\/11\/Zurich-Seeblickstrasse-62-IMG_5870-773x1030.jpg\" data-srcset=\"https:\/\/anchor-relocation.ch\/wp-content\/uploads\/2025\/11\/Zurich-Seeblickstrasse-62-IMG_5870-773x1030.jpg 773w, https:\/\/anchor-relocation.ch\/wp-content\/uploads\/2025\/11\/Zurich-Seeblickstrasse-62-IMG_5870-225x300.jpg 225w, https:\/\/anchor-relocation.ch\/wp-content\/uploads\/2025\/11\/Zurich-Seeblickstrasse-62-IMG_5870-768x1024.jpg 768w, https:\/\/anchor-relocation.ch\/wp-content\/uploads\/2025\/11\/Zurich-Seeblickstrasse-62-IMG_5870-1152x1536.jpg 1152w, https:\/\/anchor-relocation.ch\/wp-content\/uploads\/2025\/11\/Zurich-Seeblickstrasse-62-IMG_5870-1536x2048.jpg 1536w, https:\/\/anchor-relocation.ch\/wp-content\/uploads\/2025\/11\/Zurich-Seeblickstrasse-62-IMG_5870-1125x1500.jpg 1125w, https:\/\/anchor-relocation.ch\/wp-content\/uploads\/2025\/11\/Zurich-Seeblickstrasse-62-IMG_5870-529x705.jpg 529w, https:\/\/anchor-relocation.ch\/wp-content\/uploads\/2025\/11\/Zurich-Seeblickstrasse-62-IMG_5870.jpg 1875w\" data-sizes=\"(max-width: 773px) 100vw, 773px\"  aria-label=\"Bild Z\u00fcrich &#8211; Seeblickstrasse 62 &#8211; IMG_5870\"  id='av-masonry-1-item-5970' data-av-masonry-item='5970' class='av-masonry-entry isotope-item post-5970 attachment type-attachment status-inherit hentry  av-masonry-item-with-image' title=\"Z\u00fcrich &#8211; Seeblickstrasse 62 &#8211; IMG_5870\" alt=\"\"    itemprop=\"thumbnailUrl\" ><div class='av-inner-masonry-sizer'><\/div><figure class='av-inner-masonry main_color'><div class=\"av-masonry-outerimage-container\"><div class='av-masonry-image-container'  ><img decoding=\"async\" width=\"1875\" height=\"2500\" fetchpriority=\"high\" class=\"wp-image-5970 avia-img-lazy-loading-not-5970\"  src=\"https:\/\/anchor-relocation.ch\/wp-content\/uploads\/2025\/11\/Zurich-Seeblickstrasse-62-IMG_5870.jpg\" title=\"Z\u00fcrich &#8211; Seeblickstrasse 62 &#8211; IMG_5870\" alt=\"\" srcset=\"https:\/\/anchor-relocation.ch\/wp-content\/uploads\/2025\/11\/Zurich-Seeblickstrasse-62-IMG_5870.jpg 1875w, https:\/\/anchor-relocation.ch\/wp-content\/uploads\/2025\/11\/Zurich-Seeblickstrasse-62-IMG_5870-225x300.jpg 225w, https:\/\/anchor-relocation.ch\/wp-content\/uploads\/2025\/11\/Zurich-Seeblickstrasse-62-IMG_5870-773x1030.jpg 773w, https:\/\/anchor-relocation.ch\/wp-content\/uploads\/2025\/11\/Zurich-Seeblickstrasse-62-IMG_5870-768x1024.jpg 768w, https:\/\/anchor-relocation.ch\/wp-content\/uploads\/2025\/11\/Zurich-Seeblickstrasse-62-IMG_5870-1152x1536.jpg 1152w, https:\/\/anchor-relocation.ch\/wp-content\/uploads\/2025\/11\/Zurich-Seeblickstrasse-62-IMG_5870-1536x2048.jpg 1536w, https:\/\/anchor-relocation.ch\/wp-content\/uploads\/2025\/11\/Zurich-Seeblickstrasse-62-IMG_5870-1125x1500.jpg 1125w, https:\/\/anchor-relocation.ch\/wp-content\/uploads\/2025\/11\/Zurich-Seeblickstrasse-62-IMG_5870-529x705.jpg 529w\" sizes=\"(max-width: 1875px) 100vw, 1875px\" \/><\/div><\/div><\/figure><\/a><!--end av-masonry entry--><a href=\"https:\/\/anchor-relocation.ch\/wp-content\/uploads\/2025\/11\/Zurich-Seeblickstrasse-62-IMG_5863-773x1030.jpg\" data-srcset=\"https:\/\/anchor-relocation.ch\/wp-content\/uploads\/2025\/11\/Zurich-Seeblickstrasse-62-IMG_5863-773x1030.jpg 773w, https:\/\/anchor-relocation.ch\/wp-content\/uploads\/2025\/11\/Zurich-Seeblickstrasse-62-IMG_5863-225x300.jpg 225w, https:\/\/anchor-relocation.ch\/wp-content\/uploads\/2025\/11\/Zurich-Seeblickstrasse-62-IMG_5863-768x1024.jpg 768w, https:\/\/anchor-relocation.ch\/wp-content\/uploads\/2025\/11\/Zurich-Seeblickstrasse-62-IMG_5863-1152x1536.jpg 1152w, https:\/\/anchor-relocation.ch\/wp-content\/uploads\/2025\/11\/Zurich-Seeblickstrasse-62-IMG_5863-1536x2048.jpg 1536w, https:\/\/anchor-relocation.ch\/wp-content\/uploads\/2025\/11\/Zurich-Seeblickstrasse-62-IMG_5863-1125x1500.jpg 1125w, https:\/\/anchor-relocation.ch\/wp-content\/uploads\/2025\/11\/Zurich-Seeblickstrasse-62-IMG_5863-529x705.jpg 529w, https:\/\/anchor-relocation.ch\/wp-content\/uploads\/2025\/11\/Zurich-Seeblickstrasse-62-IMG_5863.jpg 1875w\" data-sizes=\"(max-width: 773px) 100vw, 773px\"  aria-label=\"Bild Z\u00fcrich &#8211; Seeblickstrasse 62 &#8211; IMG_5863\"  id='av-masonry-1-item-5967' data-av-masonry-item='5967' class='av-masonry-entry isotope-item post-5967 attachment type-attachment status-inherit hentry  av-masonry-item-with-image' title=\"Z\u00fcrich &#8211; Seeblickstrasse 62 &#8211; IMG_5863\" alt=\"\"    itemprop=\"thumbnailUrl\" ><div class='av-inner-masonry-sizer'><\/div><figure class='av-inner-masonry main_color'><div class=\"av-masonry-outerimage-container\"><div class='av-masonry-image-container'  ><img decoding=\"async\" width=\"1875\" height=\"2500\" fetchpriority=\"high\" class=\"wp-image-5967 avia-img-lazy-loading-not-5967\"  src=\"https:\/\/anchor-relocation.ch\/wp-content\/uploads\/2025\/11\/Zurich-Seeblickstrasse-62-IMG_5863.jpg\" title=\"Z\u00fcrich &#8211; Seeblickstrasse 62 &#8211; IMG_5863\" alt=\"\" srcset=\"https:\/\/anchor-relocation.ch\/wp-content\/uploads\/2025\/11\/Zurich-Seeblickstrasse-62-IMG_5863.jpg 1875w, https:\/\/anchor-relocation.ch\/wp-content\/uploads\/2025\/11\/Zurich-Seeblickstrasse-62-IMG_5863-225x300.jpg 225w, https:\/\/anchor-relocation.ch\/wp-content\/uploads\/2025\/11\/Zurich-Seeblickstrasse-62-IMG_5863-773x1030.jpg 773w, https:\/\/anchor-relocation.ch\/wp-content\/uploads\/2025\/11\/Zurich-Seeblickstrasse-62-IMG_5863-768x1024.jpg 768w, https:\/\/anchor-relocation.ch\/wp-content\/uploads\/2025\/11\/Zurich-Seeblickstrasse-62-IMG_5863-1152x1536.jpg 1152w, https:\/\/anchor-relocation.ch\/wp-content\/uploads\/2025\/11\/Zurich-Seeblickstrasse-62-IMG_5863-1536x2048.jpg 1536w, https:\/\/anchor-relocation.ch\/wp-content\/uploads\/2025\/11\/Zurich-Seeblickstrasse-62-IMG_5863-1125x1500.jpg 1125w, https:\/\/anchor-relocation.ch\/wp-content\/uploads\/2025\/11\/Zurich-Seeblickstrasse-62-IMG_5863-529x705.jpg 529w\" sizes=\"(max-width: 1875px) 100vw, 1875px\" \/><\/div><\/div><\/figure><\/a><!--end av-masonry entry--><a href=\"https:\/\/anchor-relocation.ch\/wp-content\/uploads\/2025\/11\/Zurich-Seeblickstrasse-62-IMG_5791-773x1030.jpg\" data-srcset=\"https:\/\/anchor-relocation.ch\/wp-content\/uploads\/2025\/11\/Zurich-Seeblickstrasse-62-IMG_5791-773x1030.jpg 773w, https:\/\/anchor-relocation.ch\/wp-content\/uploads\/2025\/11\/Zurich-Seeblickstrasse-62-IMG_5791-225x300.jpg 225w, https:\/\/anchor-relocation.ch\/wp-content\/uploads\/2025\/11\/Zurich-Seeblickstrasse-62-IMG_5791-768x1024.jpg 768w, https:\/\/anchor-relocation.ch\/wp-content\/uploads\/2025\/11\/Zurich-Seeblickstrasse-62-IMG_5791-1152x1536.jpg 1152w, https:\/\/anchor-relocation.ch\/wp-content\/uploads\/2025\/11\/Zurich-Seeblickstrasse-62-IMG_5791-1536x2048.jpg 1536w, https:\/\/anchor-relocation.ch\/wp-content\/uploads\/2025\/11\/Zurich-Seeblickstrasse-62-IMG_5791-1125x1500.jpg 1125w, https:\/\/anchor-relocation.ch\/wp-content\/uploads\/2025\/11\/Zurich-Seeblickstrasse-62-IMG_5791-529x705.jpg 529w, https:\/\/anchor-relocation.ch\/wp-content\/uploads\/2025\/11\/Zurich-Seeblickstrasse-62-IMG_5791.jpg 1875w\" data-sizes=\"(max-width: 773px) 100vw, 773px\"  aria-label=\"Bild Z\u00fcrich &#8211; Seeblickstrasse 62 &#8211; IMG_5791\"  id='av-masonry-1-item-5952' data-av-masonry-item='5952' class='av-masonry-entry isotope-item post-5952 attachment type-attachment status-inherit hentry  av-masonry-item-with-image' title=\"Z\u00fcrich &#8211; Seeblickstrasse 62 &#8211; IMG_5791\" alt=\"\"    itemprop=\"thumbnailUrl\" ><div class='av-inner-masonry-sizer'><\/div><figure class='av-inner-masonry main_color'><div class=\"av-masonry-outerimage-container\"><div class='av-masonry-image-container'  ><img decoding=\"async\" width=\"1875\" height=\"2500\" fetchpriority=\"high\" class=\"wp-image-5952 avia-img-lazy-loading-not-5952\"  src=\"https:\/\/anchor-relocation.ch\/wp-content\/uploads\/2025\/11\/Zurich-Seeblickstrasse-62-IMG_5791.jpg\" title=\"Z\u00fcrich &#8211; Seeblickstrasse 62 &#8211; IMG_5791\" alt=\"\" srcset=\"https:\/\/anchor-relocation.ch\/wp-content\/uploads\/2025\/11\/Zurich-Seeblickstrasse-62-IMG_5791.jpg 1875w, https:\/\/anchor-relocation.ch\/wp-content\/uploads\/2025\/11\/Zurich-Seeblickstrasse-62-IMG_5791-225x300.jpg 225w, https:\/\/anchor-relocation.ch\/wp-content\/uploads\/2025\/11\/Zurich-Seeblickstrasse-62-IMG_5791-773x1030.jpg 773w, https:\/\/anchor-relocation.ch\/wp-content\/uploads\/2025\/11\/Zurich-Seeblickstrasse-62-IMG_5791-768x1024.jpg 768w, https:\/\/anchor-relocation.ch\/wp-content\/uploads\/2025\/11\/Zurich-Seeblickstrasse-62-IMG_5791-1152x1536.jpg 1152w, https:\/\/anchor-relocation.ch\/wp-content\/uploads\/2025\/11\/Zurich-Seeblickstrasse-62-IMG_5791-1536x2048.jpg 1536w, https:\/\/anchor-relocation.ch\/wp-content\/uploads\/2025\/11\/Zurich-Seeblickstrasse-62-IMG_5791-1125x1500.jpg 1125w, https:\/\/anchor-relocation.ch\/wp-content\/uploads\/2025\/11\/Zurich-Seeblickstrasse-62-IMG_5791-529x705.jpg 529w\" sizes=\"(max-width: 1875px) 100vw, 1875px\" \/><\/div><\/div><\/figure><\/a><!--end av-masonry entry--><a href=\"https:\/\/anchor-relocation.ch\/wp-content\/uploads\/2025\/11\/Zurich-Seeblickstrasse-62-IMG_5864-772x1030.jpg\" data-srcset=\"https:\/\/anchor-relocation.ch\/wp-content\/uploads\/2025\/11\/Zurich-Seeblickstrasse-62-IMG_5864-772x1030.jpg 772w, https:\/\/anchor-relocation.ch\/wp-content\/uploads\/2025\/11\/Zurich-Seeblickstrasse-62-IMG_5864-225x300.jpg 225w, https:\/\/anchor-relocation.ch\/wp-content\/uploads\/2025\/11\/Zurich-Seeblickstrasse-62-IMG_5864-768x1025.jpg 768w, https:\/\/anchor-relocation.ch\/wp-content\/uploads\/2025\/11\/Zurich-Seeblickstrasse-62-IMG_5864-1151x1536.jpg 1151w, https:\/\/anchor-relocation.ch\/wp-content\/uploads\/2025\/11\/Zurich-Seeblickstrasse-62-IMG_5864-1535x2048.jpg 1535w, https:\/\/anchor-relocation.ch\/wp-content\/uploads\/2025\/11\/Zurich-Seeblickstrasse-62-IMG_5864-1124x1500.jpg 1124w, https:\/\/anchor-relocation.ch\/wp-content\/uploads\/2025\/11\/Zurich-Seeblickstrasse-62-IMG_5864-528x705.jpg 528w, https:\/\/anchor-relocation.ch\/wp-content\/uploads\/2025\/11\/Zurich-Seeblickstrasse-62-IMG_5864.jpg 1874w\" data-sizes=\"(max-width: 772px) 100vw, 772px\"  aria-label=\"Bild Z\u00fcrich &#8211; Seeblickstrasse 62 &#8211; IMG_5864\"  id='av-masonry-1-item-5968' data-av-masonry-item='5968' class='av-masonry-entry isotope-item post-5968 attachment type-attachment status-inherit hentry  av-masonry-item-with-image' title=\"Z\u00fcrich &#8211; Seeblickstrasse 62 &#8211; IMG_5864\" alt=\"\"    itemprop=\"thumbnailUrl\" ><div class='av-inner-masonry-sizer'><\/div><figure class='av-inner-masonry main_color'><div class=\"av-masonry-outerimage-container\"><div class='av-masonry-image-container'  ><img decoding=\"async\" width=\"1874\" height=\"2500\" fetchpriority=\"high\" class=\"wp-image-5968 avia-img-lazy-loading-not-5968\"  src=\"https:\/\/anchor-relocation.ch\/wp-content\/uploads\/2025\/11\/Zurich-Seeblickstrasse-62-IMG_5864.jpg\" title=\"Z\u00fcrich &#8211; Seeblickstrasse 62 &#8211; IMG_5864\" alt=\"\" srcset=\"https:\/\/anchor-relocation.ch\/wp-content\/uploads\/2025\/11\/Zurich-Seeblickstrasse-62-IMG_5864.jpg 1874w, https:\/\/anchor-relocation.ch\/wp-content\/uploads\/2025\/11\/Zurich-Seeblickstrasse-62-IMG_5864-225x300.jpg 225w, https:\/\/anchor-relocation.ch\/wp-content\/uploads\/2025\/11\/Zurich-Seeblickstrasse-62-IMG_5864-772x1030.jpg 772w, https:\/\/anchor-relocation.ch\/wp-content\/uploads\/2025\/11\/Zurich-Seeblickstrasse-62-IMG_5864-768x1025.jpg 768w, https:\/\/anchor-relocation.ch\/wp-content\/uploads\/2025\/11\/Zurich-Seeblickstrasse-62-IMG_5864-1151x1536.jpg 1151w, https:\/\/anchor-relocation.ch\/wp-content\/uploads\/2025\/11\/Zurich-Seeblickstrasse-62-IMG_5864-1535x2048.jpg 1535w, https:\/\/anchor-relocation.ch\/wp-content\/uploads\/2025\/11\/Zurich-Seeblickstrasse-62-IMG_5864-1124x1500.jpg 1124w, https:\/\/anchor-relocation.ch\/wp-content\/uploads\/2025\/11\/Zurich-Seeblickstrasse-62-IMG_5864-528x705.jpg 528w\" sizes=\"(max-width: 1874px) 100vw, 1874px\" \/><\/div><\/div><\/figure><\/a><!--end av-masonry entry--><a href=\"https:\/\/anchor-relocation.ch\/wp-content\/uploads\/2025\/11\/Zurich-Seeblickstrasse-62-IMG_5845-1-1030x773.jpg\" data-srcset=\"https:\/\/anchor-relocation.ch\/wp-content\/uploads\/2025\/11\/Zurich-Seeblickstrasse-62-IMG_5845-1-1030x773.jpg 1030w, https:\/\/anchor-relocation.ch\/wp-content\/uploads\/2025\/11\/Zurich-Seeblickstrasse-62-IMG_5845-1-300x225.jpg 300w, https:\/\/anchor-relocation.ch\/wp-content\/uploads\/2025\/11\/Zurich-Seeblickstrasse-62-IMG_5845-1-768x576.jpg 768w, https:\/\/anchor-relocation.ch\/wp-content\/uploads\/2025\/11\/Zurich-Seeblickstrasse-62-IMG_5845-1-1536x1152.jpg 1536w, https:\/\/anchor-relocation.ch\/wp-content\/uploads\/2025\/11\/Zurich-Seeblickstrasse-62-IMG_5845-1-2048x1536.jpg 2048w, https:\/\/anchor-relocation.ch\/wp-content\/uploads\/2025\/11\/Zurich-Seeblickstrasse-62-IMG_5845-1-1500x1125.jpg 1500w, https:\/\/anchor-relocation.ch\/wp-content\/uploads\/2025\/11\/Zurich-Seeblickstrasse-62-IMG_5845-1-705x529.jpg 705w\" data-sizes=\"(max-width: 1030px) 100vw, 1030px\"  aria-label=\"Bild Z\u00fcrich &#8211; Seeblickstrasse 62 &#8211; IMG_5845 1\"  id='av-masonry-1-item-5960' data-av-masonry-item='5960' class='av-masonry-entry isotope-item post-5960 attachment type-attachment status-inherit hentry  av-masonry-item-with-image' title=\"Z\u00fcrich &#8211; Seeblickstrasse 62 &#8211; IMG_5845 1\" alt=\"\"    itemprop=\"thumbnailUrl\" ><div class='av-inner-masonry-sizer'><\/div><figure class='av-inner-masonry main_color'><div class=\"av-masonry-outerimage-container\"><div class='av-masonry-image-container'  ><img decoding=\"async\" width=\"2500\" height=\"1875\" fetchpriority=\"high\" class=\"wp-image-5960 avia-img-lazy-loading-not-5960\"  src=\"https:\/\/anchor-relocation.ch\/wp-content\/uploads\/2025\/11\/Zurich-Seeblickstrasse-62-IMG_5845-1.jpg\" title=\"Z\u00fcrich &#8211; Seeblickstrasse 62 &#8211; IMG_5845 1\" alt=\"\" srcset=\"https:\/\/anchor-relocation.ch\/wp-content\/uploads\/2025\/11\/Zurich-Seeblickstrasse-62-IMG_5845-1.jpg 2500w, https:\/\/anchor-relocation.ch\/wp-content\/uploads\/2025\/11\/Zurich-Seeblickstrasse-62-IMG_5845-1-300x225.jpg 300w, https:\/\/anchor-relocation.ch\/wp-content\/uploads\/2025\/11\/Zurich-Seeblickstrasse-62-IMG_5845-1-1030x773.jpg 1030w, https:\/\/anchor-relocation.ch\/wp-content\/uploads\/2025\/11\/Zurich-Seeblickstrasse-62-IMG_5845-1-768x576.jpg 768w, https:\/\/anchor-relocation.ch\/wp-content\/uploads\/2025\/11\/Zurich-Seeblickstrasse-62-IMG_5845-1-1536x1152.jpg 1536w, https:\/\/anchor-relocation.ch\/wp-content\/uploads\/2025\/11\/Zurich-Seeblickstrasse-62-IMG_5845-1-2048x1536.jpg 2048w, https:\/\/anchor-relocation.ch\/wp-content\/uploads\/2025\/11\/Zurich-Seeblickstrasse-62-IMG_5845-1-1500x1125.jpg 1500w, https:\/\/anchor-relocation.ch\/wp-content\/uploads\/2025\/11\/Zurich-Seeblickstrasse-62-IMG_5845-1-705x529.jpg 705w\" sizes=\"(max-width: 2500px) 100vw, 2500px\" \/><\/div><\/div><\/figure><\/a><!--end av-masonry entry--><a href=\"https:\/\/anchor-relocation.ch\/wp-content\/uploads\/2025\/11\/Zurich-Seeblickstrasse-62-IMG_5850-1030x773.jpg\" data-srcset=\"https:\/\/anchor-relocation.ch\/wp-content\/uploads\/2025\/11\/Zurich-Seeblickstrasse-62-IMG_5850-1030x773.jpg 1030w, https:\/\/anchor-relocation.ch\/wp-content\/uploads\/2025\/11\/Zurich-Seeblickstrasse-62-IMG_5850-300x225.jpg 300w, https:\/\/anchor-relocation.ch\/wp-content\/uploads\/2025\/11\/Zurich-Seeblickstrasse-62-IMG_5850-768x576.jpg 768w, https:\/\/anchor-relocation.ch\/wp-content\/uploads\/2025\/11\/Zurich-Seeblickstrasse-62-IMG_5850-1536x1152.jpg 1536w, https:\/\/anchor-relocation.ch\/wp-content\/uploads\/2025\/11\/Zurich-Seeblickstrasse-62-IMG_5850-2048x1536.jpg 2048w, https:\/\/anchor-relocation.ch\/wp-content\/uploads\/2025\/11\/Zurich-Seeblickstrasse-62-IMG_5850-1500x1125.jpg 1500w, https:\/\/anchor-relocation.ch\/wp-content\/uploads\/2025\/11\/Zurich-Seeblickstrasse-62-IMG_5850-705x529.jpg 705w\" data-sizes=\"(max-width: 1030px) 100vw, 1030px\"  aria-label=\"Bild Z\u00fcrich &#8211; Seeblickstrasse 62 &#8211; IMG_5850\"  id='av-masonry-1-item-5963' data-av-masonry-item='5963' class='av-masonry-entry isotope-item post-5963 attachment type-attachment status-inherit hentry  av-masonry-item-with-image' title=\"Z\u00fcrich &#8211; Seeblickstrasse 62 &#8211; IMG_5850\" alt=\"\"    itemprop=\"thumbnailUrl\" ><div class='av-inner-masonry-sizer'><\/div><figure class='av-inner-masonry main_color'><div class=\"av-masonry-outerimage-container\"><div class='av-masonry-image-container'  ><img decoding=\"async\" width=\"2500\" height=\"1875\" fetchpriority=\"high\" class=\"wp-image-5963 avia-img-lazy-loading-not-5963\"  src=\"https:\/\/anchor-relocation.ch\/wp-content\/uploads\/2025\/11\/Zurich-Seeblickstrasse-62-IMG_5850.jpg\" title=\"Z\u00fcrich &#8211; Seeblickstrasse 62 &#8211; IMG_5850\" alt=\"\" srcset=\"https:\/\/anchor-relocation.ch\/wp-content\/uploads\/2025\/11\/Zurich-Seeblickstrasse-62-IMG_5850.jpg 2500w, https:\/\/anchor-relocation.ch\/wp-content\/uploads\/2025\/11\/Zurich-Seeblickstrasse-62-IMG_5850-300x225.jpg 300w, https:\/\/anchor-relocation.ch\/wp-content\/uploads\/2025\/11\/Zurich-Seeblickstrasse-62-IMG_5850-1030x773.jpg 1030w, https:\/\/anchor-relocation.ch\/wp-content\/uploads\/2025\/11\/Zurich-Seeblickstrasse-62-IMG_5850-768x576.jpg 768w, https:\/\/anchor-relocation.ch\/wp-content\/uploads\/2025\/11\/Zurich-Seeblickstrasse-62-IMG_5850-1536x1152.jpg 1536w, https:\/\/anchor-relocation.ch\/wp-content\/uploads\/2025\/11\/Zurich-Seeblickstrasse-62-IMG_5850-2048x1536.jpg 2048w, https:\/\/anchor-relocation.ch\/wp-content\/uploads\/2025\/11\/Zurich-Seeblickstrasse-62-IMG_5850-1500x1125.jpg 1500w, https:\/\/anchor-relocation.ch\/wp-content\/uploads\/2025\/11\/Zurich-Seeblickstrasse-62-IMG_5850-705x529.jpg 705w\" sizes=\"(max-width: 2500px) 100vw, 2500px\" \/><\/div><\/div><\/figure><\/a><!--end av-masonry entry--><a href=\"https:\/\/anchor-relocation.ch\/wp-content\/uploads\/2025\/11\/Zurich-Seeblickstrasse-62-IMG_5847-773x1030.jpg\" data-srcset=\"https:\/\/anchor-relocation.ch\/wp-content\/uploads\/2025\/11\/Zurich-Seeblickstrasse-62-IMG_5847-773x1030.jpg 773w, https:\/\/anchor-relocation.ch\/wp-content\/uploads\/2025\/11\/Zurich-Seeblickstrasse-62-IMG_5847-225x300.jpg 225w, https:\/\/anchor-relocation.ch\/wp-content\/uploads\/2025\/11\/Zurich-Seeblickstrasse-62-IMG_5847-768x1024.jpg 768w, https:\/\/anchor-relocation.ch\/wp-content\/uploads\/2025\/11\/Zurich-Seeblickstrasse-62-IMG_5847-1152x1536.jpg 1152w, https:\/\/anchor-relocation.ch\/wp-content\/uploads\/2025\/11\/Zurich-Seeblickstrasse-62-IMG_5847-1536x2048.jpg 1536w, https:\/\/anchor-relocation.ch\/wp-content\/uploads\/2025\/11\/Zurich-Seeblickstrasse-62-IMG_5847-1125x1500.jpg 1125w, https:\/\/anchor-relocation.ch\/wp-content\/uploads\/2025\/11\/Zurich-Seeblickstrasse-62-IMG_5847-529x705.jpg 529w, https:\/\/anchor-relocation.ch\/wp-content\/uploads\/2025\/11\/Zurich-Seeblickstrasse-62-IMG_5847.jpg 1875w\" data-sizes=\"(max-width: 773px) 100vw, 773px\"  aria-label=\"Bild Z\u00fcrich &#8211; Seeblickstrasse 62 &#8211; IMG_5847\"  id='av-masonry-1-item-5962' data-av-masonry-item='5962' class='av-masonry-entry isotope-item post-5962 attachment type-attachment status-inherit hentry  av-masonry-item-with-image' title=\"Z\u00fcrich &#8211; Seeblickstrasse 62 &#8211; IMG_5847\" alt=\"\"    itemprop=\"thumbnailUrl\" ><div class='av-inner-masonry-sizer'><\/div><figure class='av-inner-masonry main_color'><div class=\"av-masonry-outerimage-container\"><div class='av-masonry-image-container'  ><img decoding=\"async\" width=\"1875\" height=\"2500\" fetchpriority=\"high\" class=\"wp-image-5962 avia-img-lazy-loading-not-5962\"  src=\"https:\/\/anchor-relocation.ch\/wp-content\/uploads\/2025\/11\/Zurich-Seeblickstrasse-62-IMG_5847.jpg\" title=\"Z\u00fcrich &#8211; Seeblickstrasse 62 &#8211; IMG_5847\" alt=\"\" srcset=\"https:\/\/anchor-relocation.ch\/wp-content\/uploads\/2025\/11\/Zurich-Seeblickstrasse-62-IMG_5847.jpg 1875w, https:\/\/anchor-relocation.ch\/wp-content\/uploads\/2025\/11\/Zurich-Seeblickstrasse-62-IMG_5847-225x300.jpg 225w, https:\/\/anchor-relocation.ch\/wp-content\/uploads\/2025\/11\/Zurich-Seeblickstrasse-62-IMG_5847-773x1030.jpg 773w, https:\/\/anchor-relocation.ch\/wp-content\/uploads\/2025\/11\/Zurich-Seeblickstrasse-62-IMG_5847-768x1024.jpg 768w, https:\/\/anchor-relocation.ch\/wp-content\/uploads\/2025\/11\/Zurich-Seeblickstrasse-62-IMG_5847-1152x1536.jpg 1152w, https:\/\/anchor-relocation.ch\/wp-content\/uploads\/2025\/11\/Zurich-Seeblickstrasse-62-IMG_5847-1536x2048.jpg 1536w, https:\/\/anchor-relocation.ch\/wp-content\/uploads\/2025\/11\/Zurich-Seeblickstrasse-62-IMG_5847-1125x1500.jpg 1125w, https:\/\/anchor-relocation.ch\/wp-content\/uploads\/2025\/11\/Zurich-Seeblickstrasse-62-IMG_5847-529x705.jpg 529w\" sizes=\"(max-width: 1875px) 100vw, 1875px\" \/><\/div><\/div><\/figure><\/a><!--end av-masonry entry--><a href=\"https:\/\/anchor-relocation.ch\/wp-content\/uploads\/2025\/11\/Zurich-Seeblickstrasse-62-IMG_5859-773x1030.jpg\" data-srcset=\"https:\/\/anchor-relocation.ch\/wp-content\/uploads\/2025\/11\/Zurich-Seeblickstrasse-62-IMG_5859-773x1030.jpg 773w, https:\/\/anchor-relocation.ch\/wp-content\/uploads\/2025\/11\/Zurich-Seeblickstrasse-62-IMG_5859-225x300.jpg 225w, https:\/\/anchor-relocation.ch\/wp-content\/uploads\/2025\/11\/Zurich-Seeblickstrasse-62-IMG_5859-768x1024.jpg 768w, https:\/\/anchor-relocation.ch\/wp-content\/uploads\/2025\/11\/Zurich-Seeblickstrasse-62-IMG_5859-1152x1536.jpg 1152w, https:\/\/anchor-relocation.ch\/wp-content\/uploads\/2025\/11\/Zurich-Seeblickstrasse-62-IMG_5859-1536x2048.jpg 1536w, https:\/\/anchor-relocation.ch\/wp-content\/uploads\/2025\/11\/Zurich-Seeblickstrasse-62-IMG_5859-1125x1500.jpg 1125w, https:\/\/anchor-relocation.ch\/wp-content\/uploads\/2025\/11\/Zurich-Seeblickstrasse-62-IMG_5859-529x705.jpg 529w, https:\/\/anchor-relocation.ch\/wp-content\/uploads\/2025\/11\/Zurich-Seeblickstrasse-62-IMG_5859.jpg 1875w\" data-sizes=\"(max-width: 773px) 100vw, 773px\"  aria-label=\"Bild Z\u00fcrich &#8211; Seeblickstrasse 62 &#8211; IMG_5859\"  id='av-masonry-1-item-5966' data-av-masonry-item='5966' class='av-masonry-entry isotope-item post-5966 attachment type-attachment status-inherit hentry  av-masonry-item-with-image' title=\"Z\u00fcrich &#8211; Seeblickstrasse 62 &#8211; IMG_5859\" alt=\"\"    itemprop=\"thumbnailUrl\" ><div class='av-inner-masonry-sizer'><\/div><figure class='av-inner-masonry main_color'><div class=\"av-masonry-outerimage-container\"><div class='av-masonry-image-container'  ><img decoding=\"async\" width=\"1875\" height=\"2500\" fetchpriority=\"high\" class=\"wp-image-5966 avia-img-lazy-loading-not-5966\"  src=\"https:\/\/anchor-relocation.ch\/wp-content\/uploads\/2025\/11\/Zurich-Seeblickstrasse-62-IMG_5859.jpg\" title=\"Z\u00fcrich &#8211; Seeblickstrasse 62 &#8211; IMG_5859\" alt=\"\" srcset=\"https:\/\/anchor-relocation.ch\/wp-content\/uploads\/2025\/11\/Zurich-Seeblickstrasse-62-IMG_5859.jpg 1875w, https:\/\/anchor-relocation.ch\/wp-content\/uploads\/2025\/11\/Zurich-Seeblickstrasse-62-IMG_5859-225x300.jpg 225w, https:\/\/anchor-relocation.ch\/wp-content\/uploads\/2025\/11\/Zurich-Seeblickstrasse-62-IMG_5859-773x1030.jpg 773w, https:\/\/anchor-relocation.ch\/wp-content\/uploads\/2025\/11\/Zurich-Seeblickstrasse-62-IMG_5859-768x1024.jpg 768w, https:\/\/anchor-relocation.ch\/wp-content\/uploads\/2025\/11\/Zurich-Seeblickstrasse-62-IMG_5859-1152x1536.jpg 1152w, https:\/\/anchor-relocation.ch\/wp-content\/uploads\/2025\/11\/Zurich-Seeblickstrasse-62-IMG_5859-1536x2048.jpg 1536w, https:\/\/anchor-relocation.ch\/wp-content\/uploads\/2025\/11\/Zurich-Seeblickstrasse-62-IMG_5859-1125x1500.jpg 1125w, https:\/\/anchor-relocation.ch\/wp-content\/uploads\/2025\/11\/Zurich-Seeblickstrasse-62-IMG_5859-529x705.jpg 529w\" sizes=\"(max-width: 1875px) 100vw, 1875px\" \/><\/div><\/div><\/figure><\/a><!--end av-masonry entry--><a href=\"https:\/\/anchor-relocation.ch\/wp-content\/uploads\/2025\/11\/Zurich-Seeblickstrasse-62-IMG_5852-773x1030.jpg\" data-srcset=\"https:\/\/anchor-relocation.ch\/wp-content\/uploads\/2025\/11\/Zurich-Seeblickstrasse-62-IMG_5852-773x1030.jpg 773w, https:\/\/anchor-relocation.ch\/wp-content\/uploads\/2025\/11\/Zurich-Seeblickstrasse-62-IMG_5852-225x300.jpg 225w, https:\/\/anchor-relocation.ch\/wp-content\/uploads\/2025\/11\/Zurich-Seeblickstrasse-62-IMG_5852-768x1024.jpg 768w, https:\/\/anchor-relocation.ch\/wp-content\/uploads\/2025\/11\/Zurich-Seeblickstrasse-62-IMG_5852-1152x1536.jpg 1152w, https:\/\/anchor-relocation.ch\/wp-content\/uploads\/2025\/11\/Zurich-Seeblickstrasse-62-IMG_5852-1536x2048.jpg 1536w, https:\/\/anchor-relocation.ch\/wp-content\/uploads\/2025\/11\/Zurich-Seeblickstrasse-62-IMG_5852-1125x1500.jpg 1125w, https:\/\/anchor-relocation.ch\/wp-content\/uploads\/2025\/11\/Zurich-Seeblickstrasse-62-IMG_5852-529x705.jpg 529w, https:\/\/anchor-relocation.ch\/wp-content\/uploads\/2025\/11\/Zurich-Seeblickstrasse-62-IMG_5852.jpg 1875w\" data-sizes=\"(max-width: 773px) 100vw, 773px\"  aria-label=\"Bild Z\u00fcrich &#8211; Seeblickstrasse 62 &#8211; IMG_5852\"  id='av-masonry-1-item-5964' data-av-masonry-item='5964' class='av-masonry-entry isotope-item post-5964 attachment type-attachment status-inherit hentry  av-masonry-item-with-image' title=\"Z\u00fcrich &#8211; Seeblickstrasse 62 &#8211; IMG_5852\" alt=\"\"    itemprop=\"thumbnailUrl\" ><div class='av-inner-masonry-sizer'><\/div><figure class='av-inner-masonry main_color'><div class=\"av-masonry-outerimage-container\"><div class='av-masonry-image-container'  ><img decoding=\"async\" width=\"1875\" height=\"2500\" fetchpriority=\"high\" class=\"wp-image-5964 avia-img-lazy-loading-not-5964\"  src=\"https:\/\/anchor-relocation.ch\/wp-content\/uploads\/2025\/11\/Zurich-Seeblickstrasse-62-IMG_5852.jpg\" title=\"Z\u00fcrich &#8211; Seeblickstrasse 62 &#8211; IMG_5852\" alt=\"\" srcset=\"https:\/\/anchor-relocation.ch\/wp-content\/uploads\/2025\/11\/Zurich-Seeblickstrasse-62-IMG_5852.jpg 1875w, https:\/\/anchor-relocation.ch\/wp-content\/uploads\/2025\/11\/Zurich-Seeblickstrasse-62-IMG_5852-225x300.jpg 225w, https:\/\/anchor-relocation.ch\/wp-content\/uploads\/2025\/11\/Zurich-Seeblickstrasse-62-IMG_5852-773x1030.jpg 773w, https:\/\/anchor-relocation.ch\/wp-content\/uploads\/2025\/11\/Zurich-Seeblickstrasse-62-IMG_5852-768x1024.jpg 768w, https:\/\/anchor-relocation.ch\/wp-content\/uploads\/2025\/11\/Zurich-Seeblickstrasse-62-IMG_5852-1152x1536.jpg 1152w, https:\/\/anchor-relocation.ch\/wp-content\/uploads\/2025\/11\/Zurich-Seeblickstrasse-62-IMG_5852-1536x2048.jpg 1536w, https:\/\/anchor-relocation.ch\/wp-content\/uploads\/2025\/11\/Zurich-Seeblickstrasse-62-IMG_5852-1125x1500.jpg 1125w, https:\/\/anchor-relocation.ch\/wp-content\/uploads\/2025\/11\/Zurich-Seeblickstrasse-62-IMG_5852-529x705.jpg 529w\" sizes=\"(max-width: 1875px) 100vw, 1875px\" \/><\/div><\/div><\/figure><\/a><!--end av-masonry entry--><a href=\"https:\/\/anchor-relocation.ch\/wp-content\/uploads\/2025\/11\/Zurich-Seeblickstrasse-62-IMG_5788-773x1030.jpg\" data-srcset=\"https:\/\/anchor-relocation.ch\/wp-content\/uploads\/2025\/11\/Zurich-Seeblickstrasse-62-IMG_5788-773x1030.jpg 773w, https:\/\/anchor-relocation.ch\/wp-content\/uploads\/2025\/11\/Zurich-Seeblickstrasse-62-IMG_5788-225x300.jpg 225w, https:\/\/anchor-relocation.ch\/wp-content\/uploads\/2025\/11\/Zurich-Seeblickstrasse-62-IMG_5788-768x1024.jpg 768w, https:\/\/anchor-relocation.ch\/wp-content\/uploads\/2025\/11\/Zurich-Seeblickstrasse-62-IMG_5788-1152x1536.jpg 1152w, https:\/\/anchor-relocation.ch\/wp-content\/uploads\/2025\/11\/Zurich-Seeblickstrasse-62-IMG_5788-1536x2048.jpg 1536w, https:\/\/anchor-relocation.ch\/wp-content\/uploads\/2025\/11\/Zurich-Seeblickstrasse-62-IMG_5788-1125x1500.jpg 1125w, https:\/\/anchor-relocation.ch\/wp-content\/uploads\/2025\/11\/Zurich-Seeblickstrasse-62-IMG_5788-529x705.jpg 529w, https:\/\/anchor-relocation.ch\/wp-content\/uploads\/2025\/11\/Zurich-Seeblickstrasse-62-IMG_5788.jpg 1875w\" data-sizes=\"(max-width: 773px) 100vw, 773px\"  aria-label=\"Bild Z\u00fcrich &#8211; Seeblickstrasse 62 &#8211; IMG_5788\"  id='av-masonry-1-item-5951' data-av-masonry-item='5951' class='av-masonry-entry isotope-item post-5951 attachment type-attachment status-inherit hentry  av-masonry-item-with-image' title=\"Z\u00fcrich &#8211; Seeblickstrasse 62 &#8211; IMG_5788\" alt=\"\"    itemprop=\"thumbnailUrl\" ><div class='av-inner-masonry-sizer'><\/div><figure class='av-inner-masonry main_color'><div class=\"av-masonry-outerimage-container\"><div class='av-masonry-image-container'  ><img decoding=\"async\" width=\"1875\" height=\"2500\" fetchpriority=\"high\" class=\"wp-image-5951 avia-img-lazy-loading-not-5951\"  src=\"https:\/\/anchor-relocation.ch\/wp-content\/uploads\/2025\/11\/Zurich-Seeblickstrasse-62-IMG_5788.jpg\" title=\"Z\u00fcrich &#8211; Seeblickstrasse 62 &#8211; IMG_5788\" alt=\"\" srcset=\"https:\/\/anchor-relocation.ch\/wp-content\/uploads\/2025\/11\/Zurich-Seeblickstrasse-62-IMG_5788.jpg 1875w, https:\/\/anchor-relocation.ch\/wp-content\/uploads\/2025\/11\/Zurich-Seeblickstrasse-62-IMG_5788-225x300.jpg 225w, https:\/\/anchor-relocation.ch\/wp-content\/uploads\/2025\/11\/Zurich-Seeblickstrasse-62-IMG_5788-773x1030.jpg 773w, https:\/\/anchor-relocation.ch\/wp-content\/uploads\/2025\/11\/Zurich-Seeblickstrasse-62-IMG_5788-768x1024.jpg 768w, https:\/\/anchor-relocation.ch\/wp-content\/uploads\/2025\/11\/Zurich-Seeblickstrasse-62-IMG_5788-1152x1536.jpg 1152w, https:\/\/anchor-relocation.ch\/wp-content\/uploads\/2025\/11\/Zurich-Seeblickstrasse-62-IMG_5788-1536x2048.jpg 1536w, https:\/\/anchor-relocation.ch\/wp-content\/uploads\/2025\/11\/Zurich-Seeblickstrasse-62-IMG_5788-1125x1500.jpg 1125w, https:\/\/anchor-relocation.ch\/wp-content\/uploads\/2025\/11\/Zurich-Seeblickstrasse-62-IMG_5788-529x705.jpg 529w\" sizes=\"(max-width: 1875px) 100vw, 1875px\" \/><\/div><\/div><\/figure><\/a><!--end av-masonry entry--><a href=\"https:\/\/anchor-relocation.ch\/wp-content\/uploads\/2025\/11\/Zurich-Seeblickstrasse-62-IMG_5857-773x1030.jpg\" data-srcset=\"https:\/\/anchor-relocation.ch\/wp-content\/uploads\/2025\/11\/Zurich-Seeblickstrasse-62-IMG_5857-773x1030.jpg 773w, https:\/\/anchor-relocation.ch\/wp-content\/uploads\/2025\/11\/Zurich-Seeblickstrasse-62-IMG_5857-225x300.jpg 225w, https:\/\/anchor-relocation.ch\/wp-content\/uploads\/2025\/11\/Zurich-Seeblickstrasse-62-IMG_5857-768x1024.jpg 768w, https:\/\/anchor-relocation.ch\/wp-content\/uploads\/2025\/11\/Zurich-Seeblickstrasse-62-IMG_5857-1152x1536.jpg 1152w, https:\/\/anchor-relocation.ch\/wp-content\/uploads\/2025\/11\/Zurich-Seeblickstrasse-62-IMG_5857-1536x2048.jpg 1536w, https:\/\/anchor-relocation.ch\/wp-content\/uploads\/2025\/11\/Zurich-Seeblickstrasse-62-IMG_5857-1125x1500.jpg 1125w, https:\/\/anchor-relocation.ch\/wp-content\/uploads\/2025\/11\/Zurich-Seeblickstrasse-62-IMG_5857-529x705.jpg 529w, https:\/\/anchor-relocation.ch\/wp-content\/uploads\/2025\/11\/Zurich-Seeblickstrasse-62-IMG_5857.jpg 1875w\" data-sizes=\"(max-width: 773px) 100vw, 773px\"  aria-label=\"Bild Z\u00fcrich &#8211; Seeblickstrasse 62 &#8211; IMG_5857\"  id='av-masonry-1-item-5965' data-av-masonry-item='5965' class='av-masonry-entry isotope-item post-5965 attachment type-attachment status-inherit hentry  av-masonry-item-with-image' title=\"Z\u00fcrich &#8211; Seeblickstrasse 62 &#8211; IMG_5857\" alt=\"\"    itemprop=\"thumbnailUrl\" ><div class='av-inner-masonry-sizer'><\/div><figure class='av-inner-masonry main_color'><div class=\"av-masonry-outerimage-container\"><div class='av-masonry-image-container'  ><img decoding=\"async\" width=\"1875\" height=\"2500\" fetchpriority=\"high\" class=\"wp-image-5965 avia-img-lazy-loading-not-5965\"  src=\"https:\/\/anchor-relocation.ch\/wp-content\/uploads\/2025\/11\/Zurich-Seeblickstrasse-62-IMG_5857.jpg\" title=\"Z\u00fcrich &#8211; Seeblickstrasse 62 &#8211; IMG_5857\" alt=\"\" srcset=\"https:\/\/anchor-relocation.ch\/wp-content\/uploads\/2025\/11\/Zurich-Seeblickstrasse-62-IMG_5857.jpg 1875w, https:\/\/anchor-relocation.ch\/wp-content\/uploads\/2025\/11\/Zurich-Seeblickstrasse-62-IMG_5857-225x300.jpg 225w, https:\/\/anchor-relocation.ch\/wp-content\/uploads\/2025\/11\/Zurich-Seeblickstrasse-62-IMG_5857-773x1030.jpg 773w, https:\/\/anchor-relocation.ch\/wp-content\/uploads\/2025\/11\/Zurich-Seeblickstrasse-62-IMG_5857-768x1024.jpg 768w, https:\/\/anchor-relocation.ch\/wp-content\/uploads\/2025\/11\/Zurich-Seeblickstrasse-62-IMG_5857-1152x1536.jpg 1152w, https:\/\/anchor-relocation.ch\/wp-content\/uploads\/2025\/11\/Zurich-Seeblickstrasse-62-IMG_5857-1536x2048.jpg 1536w, https:\/\/anchor-relocation.ch\/wp-content\/uploads\/2025\/11\/Zurich-Seeblickstrasse-62-IMG_5857-1125x1500.jpg 1125w, https:\/\/anchor-relocation.ch\/wp-content\/uploads\/2025\/11\/Zurich-Seeblickstrasse-62-IMG_5857-529x705.jpg 529w\" sizes=\"(max-width: 1875px) 100vw, 1875px\" \/><\/div><\/div><\/figure><\/a><!--end av-masonry entry--><a href=\"https:\/\/anchor-relocation.ch\/wp-content\/uploads\/2025\/11\/Zurich-Seeblickstrasse-62-IMG_5876-1-773x1030.jpg\" data-srcset=\"https:\/\/anchor-relocation.ch\/wp-content\/uploads\/2025\/11\/Zurich-Seeblickstrasse-62-IMG_5876-1-773x1030.jpg 773w, https:\/\/anchor-relocation.ch\/wp-content\/uploads\/2025\/11\/Zurich-Seeblickstrasse-62-IMG_5876-1-225x300.jpg 225w, https:\/\/anchor-relocation.ch\/wp-content\/uploads\/2025\/11\/Zurich-Seeblickstrasse-62-IMG_5876-1-768x1024.jpg 768w, https:\/\/anchor-relocation.ch\/wp-content\/uploads\/2025\/11\/Zurich-Seeblickstrasse-62-IMG_5876-1-1152x1536.jpg 1152w, https:\/\/anchor-relocation.ch\/wp-content\/uploads\/2025\/11\/Zurich-Seeblickstrasse-62-IMG_5876-1-1536x2048.jpg 1536w, https:\/\/anchor-relocation.ch\/wp-content\/uploads\/2025\/11\/Zurich-Seeblickstrasse-62-IMG_5876-1-1125x1500.jpg 1125w, https:\/\/anchor-relocation.ch\/wp-content\/uploads\/2025\/11\/Zurich-Seeblickstrasse-62-IMG_5876-1-529x705.jpg 529w, https:\/\/anchor-relocation.ch\/wp-content\/uploads\/2025\/11\/Zurich-Seeblickstrasse-62-IMG_5876-1.jpg 1875w\" data-sizes=\"(max-width: 773px) 100vw, 773px\"  aria-label=\"Bild Z\u00fcrich &#8211; Seeblickstrasse 62 &#8211; IMG_5876 1\"  id='av-masonry-1-item-5972' data-av-masonry-item='5972' class='av-masonry-entry isotope-item post-5972 attachment type-attachment status-inherit hentry  av-masonry-item-with-image' title=\"Z\u00fcrich &#8211; Seeblickstrasse 62 &#8211; IMG_5876 1\" alt=\"\"    itemprop=\"thumbnailUrl\" ><div class='av-inner-masonry-sizer'><\/div><figure class='av-inner-masonry main_color'><div class=\"av-masonry-outerimage-container\"><div class='av-masonry-image-container'  ><img decoding=\"async\" width=\"1875\" height=\"2500\" fetchpriority=\"high\" class=\"wp-image-5972 avia-img-lazy-loading-not-5972\"  src=\"https:\/\/anchor-relocation.ch\/wp-content\/uploads\/2025\/11\/Zurich-Seeblickstrasse-62-IMG_5876-1.jpg\" title=\"Z\u00fcrich &#8211; Seeblickstrasse 62 &#8211; IMG_5876 1\" alt=\"\" srcset=\"https:\/\/anchor-relocation.ch\/wp-content\/uploads\/2025\/11\/Zurich-Seeblickstrasse-62-IMG_5876-1.jpg 1875w, https:\/\/anchor-relocation.ch\/wp-content\/uploads\/2025\/11\/Zurich-Seeblickstrasse-62-IMG_5876-1-225x300.jpg 225w, https:\/\/anchor-relocation.ch\/wp-content\/uploads\/2025\/11\/Zurich-Seeblickstrasse-62-IMG_5876-1-773x1030.jpg 773w, https:\/\/anchor-relocation.ch\/wp-content\/uploads\/2025\/11\/Zurich-Seeblickstrasse-62-IMG_5876-1-768x1024.jpg 768w, https:\/\/anchor-relocation.ch\/wp-content\/uploads\/2025\/11\/Zurich-Seeblickstrasse-62-IMG_5876-1-1152x1536.jpg 1152w, https:\/\/anchor-relocation.ch\/wp-content\/uploads\/2025\/11\/Zurich-Seeblickstrasse-62-IMG_5876-1-1536x2048.jpg 1536w, https:\/\/anchor-relocation.ch\/wp-content\/uploads\/2025\/11\/Zurich-Seeblickstrasse-62-IMG_5876-1-1125x1500.jpg 1125w, https:\/\/anchor-relocation.ch\/wp-content\/uploads\/2025\/11\/Zurich-Seeblickstrasse-62-IMG_5876-1-529x705.jpg 529w\" sizes=\"(max-width: 1875px) 100vw, 1875px\" \/><\/div><\/div><\/figure><\/a><!--end av-masonry entry--><a href=\"https:\/\/anchor-relocation.ch\/wp-content\/uploads\/2025\/11\/Zurich-Seeblickstrasse-62-IMG_5875-773x1030.jpg\" data-srcset=\"https:\/\/anchor-relocation.ch\/wp-content\/uploads\/2025\/11\/Zurich-Seeblickstrasse-62-IMG_5875-773x1030.jpg 773w, https:\/\/anchor-relocation.ch\/wp-content\/uploads\/2025\/11\/Zurich-Seeblickstrasse-62-IMG_5875-225x300.jpg 225w, https:\/\/anchor-relocation.ch\/wp-content\/uploads\/2025\/11\/Zurich-Seeblickstrasse-62-IMG_5875-768x1024.jpg 768w, https:\/\/anchor-relocation.ch\/wp-content\/uploads\/2025\/11\/Zurich-Seeblickstrasse-62-IMG_5875-1152x1536.jpg 1152w, https:\/\/anchor-relocation.ch\/wp-content\/uploads\/2025\/11\/Zurich-Seeblickstrasse-62-IMG_5875-1536x2048.jpg 1536w, https:\/\/anchor-relocation.ch\/wp-content\/uploads\/2025\/11\/Zurich-Seeblickstrasse-62-IMG_5875-1125x1500.jpg 1125w, https:\/\/anchor-relocation.ch\/wp-content\/uploads\/2025\/11\/Zurich-Seeblickstrasse-62-IMG_5875-529x705.jpg 529w, https:\/\/anchor-relocation.ch\/wp-content\/uploads\/2025\/11\/Zurich-Seeblickstrasse-62-IMG_5875.jpg 1875w\" data-sizes=\"(max-width: 773px) 100vw, 773px\"  aria-label=\"Bild Z\u00fcrich &#8211; Seeblickstrasse 62 &#8211; IMG_5875\"  id='av-masonry-1-item-5971' data-av-masonry-item='5971' class='av-masonry-entry isotope-item post-5971 attachment type-attachment status-inherit hentry  av-masonry-item-with-image' title=\"Z\u00fcrich &#8211; Seeblickstrasse 62 &#8211; IMG_5875\" alt=\"\"    itemprop=\"thumbnailUrl\" ><div class='av-inner-masonry-sizer'><\/div><figure class='av-inner-masonry main_color'><div class=\"av-masonry-outerimage-container\"><div class='av-masonry-image-container'  ><img decoding=\"async\" width=\"1875\" height=\"2500\" fetchpriority=\"high\" class=\"wp-image-5971 avia-img-lazy-loading-not-5971\"  src=\"https:\/\/anchor-relocation.ch\/wp-content\/uploads\/2025\/11\/Zurich-Seeblickstrasse-62-IMG_5875.jpg\" title=\"Z\u00fcrich &#8211; Seeblickstrasse 62 &#8211; IMG_5875\" alt=\"\" srcset=\"https:\/\/anchor-relocation.ch\/wp-content\/uploads\/2025\/11\/Zurich-Seeblickstrasse-62-IMG_5875.jpg 1875w, https:\/\/anchor-relocation.ch\/wp-content\/uploads\/2025\/11\/Zurich-Seeblickstrasse-62-IMG_5875-225x300.jpg 225w, https:\/\/anchor-relocation.ch\/wp-content\/uploads\/2025\/11\/Zurich-Seeblickstrasse-62-IMG_5875-773x1030.jpg 773w, https:\/\/anchor-relocation.ch\/wp-content\/uploads\/2025\/11\/Zurich-Seeblickstrasse-62-IMG_5875-768x1024.jpg 768w, https:\/\/anchor-relocation.ch\/wp-content\/uploads\/2025\/11\/Zurich-Seeblickstrasse-62-IMG_5875-1152x1536.jpg 1152w, https:\/\/anchor-relocation.ch\/wp-content\/uploads\/2025\/11\/Zurich-Seeblickstrasse-62-IMG_5875-1536x2048.jpg 1536w, https:\/\/anchor-relocation.ch\/wp-content\/uploads\/2025\/11\/Zurich-Seeblickstrasse-62-IMG_5875-1125x1500.jpg 1125w, https:\/\/anchor-relocation.ch\/wp-content\/uploads\/2025\/11\/Zurich-Seeblickstrasse-62-IMG_5875-529x705.jpg 529w\" sizes=\"(max-width: 1875px) 100vw, 1875px\" \/><\/div><\/div><\/figure><\/a><!--end av-masonry entry--><\/div><\/div><\/p>\n<\/div><\/div><\/div><div id='after_grid_row_1'  class='main_color av_default_container_wrap container_wrap fullsize'  ><div class='container av-section-cont-open' ><div class='template-page content  av-content-full alpha units'><div class='post-entry post-entry-type-page post-entry-5910'><div class='entry-content-wrapper clearfix'><\/p>\n","protected":false},"excerpt":{"rendered":"<p>Wir freuen uns sehr, dass Anchor Relocation, Doris Hautle, eingeladen wurde, bei einem Beitrag der SRF Rundschau vom 23.04.2025 zur Wohnungsnot in Z\u00fcrich mitzuwirken.<\/p>\n","protected":false},"author":2,"featured_media":6013,"comment_status":"closed","ping_status":"closed","sticky":false,"template":"","format":"standard","meta":{"footnotes":""},"categories":[178],"tags":[],"class_list":["post-5910","post","type-post","status-publish","format-standard","has-post-thumbnail","hentry","category-immobilien-zu-vermieten"],"yoast_head":"<!-- This site is optimized with the Yoast SEO Premium plugin v28.4 (Yoast SEO v28.4) - https:\/\/yoast.com\/product\/yoast-seo-premium-wordpress\/ -->\n<title>Vermietet - 8038 Z\u00fcrich (Wollishofen) - 5.5 Zimmer-Doppelhaush\u00e4lfte &#8212; Anchor Relocation Services<\/title>\n<meta name=\"description\" content=\"Ger\u00e4umige 5,5-Zimmer-Doppelhaush\u00e4lfte, 190 m\u00b2 auf 3 Etagen, seltener unverbaubarer Blick auf den Z\u00fcrichsee, 4 Betten\/3 B\u00e4der, EV-f\u00e4hige Garage. Verf\u00fcgbar ab Mitte Januar 2026.\" \/>\n<meta name=\"robots\" content=\"index, follow, max-snippet:-1, max-image-preview:large, max-video-preview:-1\" \/>\n<link rel=\"canonical\" href=\"https:\/\/anchor-relocation.ch\/de\/zu-vermieten-8038-zuerich-5-5-zimmer-doppelhaushaelfte-2\/\" \/>\n<meta property=\"og:locale\" content=\"de_DE\" \/>\n<meta property=\"og:type\" content=\"article\" \/>\n<meta property=\"og:title\" content=\"Vermietet - 8038 Z\u00fcrich (Wollishofen) - 5.5 Zimmer-Doppelhaush\u00e4lfte\" \/>\n<meta property=\"og:description\" content=\"Are you moving to Switzerland? Anchor Relocation is the first contact for expatriates from all over the world. We offer professional, efficient, in-depth and fully customised Home Search as well as Temporary Housing, Departure Support and many other services. How can we support you?\" \/>\n<meta property=\"og:url\" content=\"https:\/\/anchor-relocation.ch\/de\/zu-vermieten-8038-zuerich-5-5-zimmer-doppelhaushaelfte-2\/\" \/>\n<meta property=\"og:site_name\" content=\"Anchor Relocation Services\" \/>\n<meta property=\"article:published_time\" content=\"2025-11-06T12:22:49+00:00\" \/>\n<meta property=\"article:modified_time\" content=\"2026-01-13T13:50:48+00:00\" \/>\n<meta property=\"og:image\" content=\"https:\/\/anchor-relocation.ch\/wp-content\/uploads\/2025\/11\/Zurich-Seeblickstrasse-62-IMG_5819-3-1030x773.jpg\" \/>\n\t<meta property=\"og:image:width\" content=\"1030\" \/>\n\t<meta property=\"og:image:height\" content=\"773\" \/>\n\t<meta property=\"og:image:type\" content=\"image\/jpeg\" \/>\n<meta name=\"author\" content=\"cd2s\" \/>\n<meta name=\"twitter:card\" content=\"summary_large_image\" \/>\n<meta name=\"twitter:label1\" content=\"Written by\" \/>\n\t<meta name=\"twitter:data1\" content=\"cd2s\" \/>\n\t<meta name=\"twitter:label2\" content=\"Est. reading time\" \/>\n\t<meta name=\"twitter:data2\" content=\"6 minutes\" \/>\n<script type=\"application\/ld+json\" class=\"yoast-schema-graph\">{\"@context\":\"https:\\\/\\\/schema.org\",\"@graph\":[{\"@type\":\"Article\",\"@id\":\"https:\\\/\\\/anchor-relocation.ch\\\/de\\\/zu-vermieten-8038-zuerich-5-5-zimmer-doppelhaushaelfte-2\\\/#article\",\"isPartOf\":{\"@id\":\"https:\\\/\\\/anchor-relocation.ch\\\/de\\\/zu-vermieten-8038-zuerich-5-5-zimmer-doppelhaushaelfte-2\\\/\"},\"author\":{\"name\":\"cd2s\",\"@id\":\"https:\\\/\\\/anchor-relocation.ch\\\/de\\\/#\\\/schema\\\/person\\\/e44dbf33c25a80a1dafa3792d205ac96\"},\"headline\":\"Vermietet &#8211; 8038 Z\u00fcrich (Wollishofen) &#8211; 5.5 Zimmer-Doppelhaush\u00e4lfte\",\"datePublished\":\"2025-11-06T12:22:49+00:00\",\"dateModified\":\"2026-01-13T13:50:48+00:00\",\"mainEntityOfPage\":{\"@id\":\"https:\\\/\\\/anchor-relocation.ch\\\/de\\\/zu-vermieten-8038-zuerich-5-5-zimmer-doppelhaushaelfte-2\\\/\"},\"wordCount\":2685,\"publisher\":{\"@id\":\"https:\\\/\\\/anchor-relocation.ch\\\/de\\\/#organization\"},\"image\":{\"@id\":\"https:\\\/\\\/anchor-relocation.ch\\\/de\\\/zu-vermieten-8038-zuerich-5-5-zimmer-doppelhaushaelfte-2\\\/#primaryimage\"},\"thumbnailUrl\":\"https:\\\/\\\/anchor-relocation.ch\\\/wp-content\\\/uploads\\\/2025\\\/11\\\/Zurich-Seeblickstrasse-62-IMG_5819-3.jpg\",\"articleSection\":[\"Immobilien zu vermieten\"],\"inLanguage\":\"de-DE\"},{\"@type\":\"WebPage\",\"@id\":\"https:\\\/\\\/anchor-relocation.ch\\\/de\\\/zu-vermieten-8038-zuerich-5-5-zimmer-doppelhaushaelfte-2\\\/\",\"url\":\"https:\\\/\\\/anchor-relocation.ch\\\/de\\\/zu-vermieten-8038-zuerich-5-5-zimmer-doppelhaushaelfte-2\\\/\",\"name\":\"Vermietet - 8038 Z\u00fcrich (Wollishofen) - 5.5 Zimmer-Doppelhaush\u00e4lfte &#8212; Anchor Relocation Services\",\"isPartOf\":{\"@id\":\"https:\\\/\\\/anchor-relocation.ch\\\/de\\\/#website\"},\"primaryImageOfPage\":{\"@id\":\"https:\\\/\\\/anchor-relocation.ch\\\/de\\\/zu-vermieten-8038-zuerich-5-5-zimmer-doppelhaushaelfte-2\\\/#primaryimage\"},\"image\":{\"@id\":\"https:\\\/\\\/anchor-relocation.ch\\\/de\\\/zu-vermieten-8038-zuerich-5-5-zimmer-doppelhaushaelfte-2\\\/#primaryimage\"},\"thumbnailUrl\":\"https:\\\/\\\/anchor-relocation.ch\\\/wp-content\\\/uploads\\\/2025\\\/11\\\/Zurich-Seeblickstrasse-62-IMG_5819-3.jpg\",\"datePublished\":\"2025-11-06T12:22:49+00:00\",\"dateModified\":\"2026-01-13T13:50:48+00:00\",\"description\":\"Ger\u00e4umige 5,5-Zimmer-Doppelhaush\u00e4lfte, 190 m\u00b2 auf 3 Etagen, seltener unverbaubarer Blick auf den Z\u00fcrichsee, 4 Betten\\\/3 B\u00e4der, EV-f\u00e4hige Garage. Verf\u00fcgbar ab Mitte Januar 2026.\",\"breadcrumb\":{\"@id\":\"https:\\\/\\\/anchor-relocation.ch\\\/de\\\/zu-vermieten-8038-zuerich-5-5-zimmer-doppelhaushaelfte-2\\\/#breadcrumb\"},\"inLanguage\":\"de-DE\",\"potentialAction\":[{\"@type\":\"ReadAction\",\"target\":[\"https:\\\/\\\/anchor-relocation.ch\\\/de\\\/zu-vermieten-8038-zuerich-5-5-zimmer-doppelhaushaelfte-2\\\/\"]}]},{\"@type\":\"ImageObject\",\"inLanguage\":\"de-DE\",\"@id\":\"https:\\\/\\\/anchor-relocation.ch\\\/de\\\/zu-vermieten-8038-zuerich-5-5-zimmer-doppelhaushaelfte-2\\\/#primaryimage\",\"url\":\"https:\\\/\\\/anchor-relocation.ch\\\/wp-content\\\/uploads\\\/2025\\\/11\\\/Zurich-Seeblickstrasse-62-IMG_5819-3.jpg\",\"contentUrl\":\"https:\\\/\\\/anchor-relocation.ch\\\/wp-content\\\/uploads\\\/2025\\\/11\\\/Zurich-Seeblickstrasse-62-IMG_5819-3.jpg\",\"width\":2500,\"height\":1875,\"caption\":\"Gepachtet - Haus\"},{\"@type\":\"BreadcrumbList\",\"@id\":\"https:\\\/\\\/anchor-relocation.ch\\\/de\\\/zu-vermieten-8038-zuerich-5-5-zimmer-doppelhaushaelfte-2\\\/#breadcrumb\",\"itemListElement\":[{\"@type\":\"ListItem\",\"position\":1,\"name\":\"Home\",\"item\":\"https:\\\/\\\/anchor-relocation.ch\\\/de\\\/home\\\/\"},{\"@type\":\"ListItem\",\"position\":2,\"name\":\"Vermietet &#8211; 8038 Z\u00fcrich (Wollishofen) &#8211; 5.5 Zimmer-Doppelhaush\u00e4lfte\"}]},{\"@type\":\"WebSite\",\"@id\":\"https:\\\/\\\/anchor-relocation.ch\\\/de\\\/#website\",\"url\":\"https:\\\/\\\/anchor-relocation.ch\\\/de\\\/\",\"name\":\"Anchor Relocation Services\",\"description\":\"welcome home.\",\"publisher\":{\"@id\":\"https:\\\/\\\/anchor-relocation.ch\\\/de\\\/#organization\"},\"alternateName\":\"Relocation Services Zurich\",\"potentialAction\":[{\"@type\":\"SearchAction\",\"target\":{\"@type\":\"EntryPoint\",\"urlTemplate\":\"https:\\\/\\\/anchor-relocation.ch\\\/de\\\/?s={search_term_string}\"},\"query-input\":{\"@type\":\"PropertyValueSpecification\",\"valueRequired\":true,\"valueName\":\"search_term_string\"}}],\"inLanguage\":\"de-DE\"},{\"@type\":\"Organization\",\"@id\":\"https:\\\/\\\/anchor-relocation.ch\\\/de\\\/#organization\",\"name\":\"Anchor Relocation + Property Services\",\"url\":\"https:\\\/\\\/anchor-relocation.ch\\\/de\\\/\",\"logo\":{\"@type\":\"ImageObject\",\"inLanguage\":\"de-DE\",\"@id\":\"https:\\\/\\\/anchor-relocation.ch\\\/de\\\/#\\\/schema\\\/logo\\\/image\\\/\",\"url\":\"https:\\\/\\\/anchor-relocation.ch\\\/wp-content\\\/uploads\\\/2017\\\/01\\\/anchor_NoTagline_2016_2945U.png\",\"contentUrl\":\"https:\\\/\\\/anchor-relocation.ch\\\/wp-content\\\/uploads\\\/2017\\\/01\\\/anchor_NoTagline_2016_2945U.png\",\"width\":2961,\"height\":190,\"caption\":\"Anchor Relocation + Property Services\"},\"image\":{\"@id\":\"https:\\\/\\\/anchor-relocation.ch\\\/de\\\/#\\\/schema\\\/logo\\\/image\\\/\"}},{\"@type\":\"Person\",\"@id\":\"https:\\\/\\\/anchor-relocation.ch\\\/de\\\/#\\\/schema\\\/person\\\/e44dbf33c25a80a1dafa3792d205ac96\",\"name\":\"cd2s\",\"image\":{\"@type\":\"ImageObject\",\"inLanguage\":\"de-DE\",\"@id\":\"https:\\\/\\\/secure.gravatar.com\\\/avatar\\\/5d0fe13009dba9ab982f52abe74771dffee1bf00af91b29b8997003a872c07fe?s=96&d=mm&r=g\",\"url\":\"https:\\\/\\\/secure.gravatar.com\\\/avatar\\\/5d0fe13009dba9ab982f52abe74771dffee1bf00af91b29b8997003a872c07fe?s=96&d=mm&r=g\",\"contentUrl\":\"https:\\\/\\\/secure.gravatar.com\\\/avatar\\\/5d0fe13009dba9ab982f52abe74771dffee1bf00af91b29b8997003a872c07fe?s=96&d=mm&r=g\",\"caption\":\"cd2s\"}}]}<\/script>\n<!-- \/ Yoast SEO Premium plugin. -->","yoast_head_json":{"title":"Vermietet - 8038 Z\u00fcrich (Wollishofen) - 5.5 Zimmer-Doppelhaush\u00e4lfte &#8212; Anchor Relocation Services","description":"Ger\u00e4umige 5,5-Zimmer-Doppelhaush\u00e4lfte, 190 m\u00b2 auf 3 Etagen, seltener unverbaubarer Blick auf den Z\u00fcrichsee, 4 Betten\/3 B\u00e4der, EV-f\u00e4hige Garage. Verf\u00fcgbar ab Mitte Januar 2026.","robots":{"index":"index","follow":"follow","max-snippet":"max-snippet:-1","max-image-preview":"max-image-preview:large","max-video-preview":"max-video-preview:-1"},"canonical":"https:\/\/anchor-relocation.ch\/de\/zu-vermieten-8038-zuerich-5-5-zimmer-doppelhaushaelfte-2\/","og_locale":"de_DE","og_type":"article","og_title":"Vermietet - 8038 Z\u00fcrich (Wollishofen) - 5.5 Zimmer-Doppelhaush\u00e4lfte","og_description":"Are you moving to Switzerland? Anchor Relocation is the first contact for expatriates from all over the world. We offer professional, efficient, in-depth and fully customised Home Search as well as Temporary Housing, Departure Support and many other services. How can we support you?","og_url":"https:\/\/anchor-relocation.ch\/de\/zu-vermieten-8038-zuerich-5-5-zimmer-doppelhaushaelfte-2\/","og_site_name":"Anchor Relocation Services","article_published_time":"2025-11-06T12:22:49+00:00","article_modified_time":"2026-01-13T13:50:48+00:00","og_image":[{"width":1030,"height":773,"url":"https:\/\/anchor-relocation.ch\/wp-content\/uploads\/2025\/11\/Zurich-Seeblickstrasse-62-IMG_5819-3-1030x773.jpg","type":"image\/jpeg"}],"author":"cd2s","twitter_card":"summary_large_image","twitter_misc":{"Written by":"cd2s","Est. reading time":"6 minutes"},"schema":{"@context":"https:\/\/schema.org","@graph":[{"@type":"Article","@id":"https:\/\/anchor-relocation.ch\/de\/zu-vermieten-8038-zuerich-5-5-zimmer-doppelhaushaelfte-2\/#article","isPartOf":{"@id":"https:\/\/anchor-relocation.ch\/de\/zu-vermieten-8038-zuerich-5-5-zimmer-doppelhaushaelfte-2\/"},"author":{"name":"cd2s","@id":"https:\/\/anchor-relocation.ch\/de\/#\/schema\/person\/e44dbf33c25a80a1dafa3792d205ac96"},"headline":"Vermietet &#8211; 8038 Z\u00fcrich (Wollishofen) &#8211; 5.5 Zimmer-Doppelhaush\u00e4lfte","datePublished":"2025-11-06T12:22:49+00:00","dateModified":"2026-01-13T13:50:48+00:00","mainEntityOfPage":{"@id":"https:\/\/anchor-relocation.ch\/de\/zu-vermieten-8038-zuerich-5-5-zimmer-doppelhaushaelfte-2\/"},"wordCount":2685,"publisher":{"@id":"https:\/\/anchor-relocation.ch\/de\/#organization"},"image":{"@id":"https:\/\/anchor-relocation.ch\/de\/zu-vermieten-8038-zuerich-5-5-zimmer-doppelhaushaelfte-2\/#primaryimage"},"thumbnailUrl":"https:\/\/anchor-relocation.ch\/wp-content\/uploads\/2025\/11\/Zurich-Seeblickstrasse-62-IMG_5819-3.jpg","articleSection":["Immobilien zu vermieten"],"inLanguage":"de-DE"},{"@type":"WebPage","@id":"https:\/\/anchor-relocation.ch\/de\/zu-vermieten-8038-zuerich-5-5-zimmer-doppelhaushaelfte-2\/","url":"https:\/\/anchor-relocation.ch\/de\/zu-vermieten-8038-zuerich-5-5-zimmer-doppelhaushaelfte-2\/","name":"Vermietet - 8038 Z\u00fcrich (Wollishofen) - 5.5 Zimmer-Doppelhaush\u00e4lfte &#8212; Anchor Relocation Services","isPartOf":{"@id":"https:\/\/anchor-relocation.ch\/de\/#website"},"primaryImageOfPage":{"@id":"https:\/\/anchor-relocation.ch\/de\/zu-vermieten-8038-zuerich-5-5-zimmer-doppelhaushaelfte-2\/#primaryimage"},"image":{"@id":"https:\/\/anchor-relocation.ch\/de\/zu-vermieten-8038-zuerich-5-5-zimmer-doppelhaushaelfte-2\/#primaryimage"},"thumbnailUrl":"https:\/\/anchor-relocation.ch\/wp-content\/uploads\/2025\/11\/Zurich-Seeblickstrasse-62-IMG_5819-3.jpg","datePublished":"2025-11-06T12:22:49+00:00","dateModified":"2026-01-13T13:50:48+00:00","description":"Ger\u00e4umige 5,5-Zimmer-Doppelhaush\u00e4lfte, 190 m\u00b2 auf 3 Etagen, seltener unverbaubarer Blick auf den Z\u00fcrichsee, 4 Betten\/3 B\u00e4der, EV-f\u00e4hige Garage. Verf\u00fcgbar ab Mitte Januar 2026.","breadcrumb":{"@id":"https:\/\/anchor-relocation.ch\/de\/zu-vermieten-8038-zuerich-5-5-zimmer-doppelhaushaelfte-2\/#breadcrumb"},"inLanguage":"de-DE","potentialAction":[{"@type":"ReadAction","target":["https:\/\/anchor-relocation.ch\/de\/zu-vermieten-8038-zuerich-5-5-zimmer-doppelhaushaelfte-2\/"]}]},{"@type":"ImageObject","inLanguage":"de-DE","@id":"https:\/\/anchor-relocation.ch\/de\/zu-vermieten-8038-zuerich-5-5-zimmer-doppelhaushaelfte-2\/#primaryimage","url":"https:\/\/anchor-relocation.ch\/wp-content\/uploads\/2025\/11\/Zurich-Seeblickstrasse-62-IMG_5819-3.jpg","contentUrl":"https:\/\/anchor-relocation.ch\/wp-content\/uploads\/2025\/11\/Zurich-Seeblickstrasse-62-IMG_5819-3.jpg","width":2500,"height":1875,"caption":"Gepachtet - Haus"},{"@type":"BreadcrumbList","@id":"https:\/\/anchor-relocation.ch\/de\/zu-vermieten-8038-zuerich-5-5-zimmer-doppelhaushaelfte-2\/#breadcrumb","itemListElement":[{"@type":"ListItem","position":1,"name":"Home","item":"https:\/\/anchor-relocation.ch\/de\/home\/"},{"@type":"ListItem","position":2,"name":"Vermietet &#8211; 8038 Z\u00fcrich (Wollishofen) &#8211; 5.5 Zimmer-Doppelhaush\u00e4lfte"}]},{"@type":"WebSite","@id":"https:\/\/anchor-relocation.ch\/de\/#website","url":"https:\/\/anchor-relocation.ch\/de\/","name":"Anchor Relocation Services","description":"welcome home.","publisher":{"@id":"https:\/\/anchor-relocation.ch\/de\/#organization"},"alternateName":"Relocation Services Zurich","potentialAction":[{"@type":"SearchAction","target":{"@type":"EntryPoint","urlTemplate":"https:\/\/anchor-relocation.ch\/de\/?s={search_term_string}"},"query-input":{"@type":"PropertyValueSpecification","valueRequired":true,"valueName":"search_term_string"}}],"inLanguage":"de-DE"},{"@type":"Organization","@id":"https:\/\/anchor-relocation.ch\/de\/#organization","name":"Anchor Relocation + Property Services","url":"https:\/\/anchor-relocation.ch\/de\/","logo":{"@type":"ImageObject","inLanguage":"de-DE","@id":"https:\/\/anchor-relocation.ch\/de\/#\/schema\/logo\/image\/","url":"https:\/\/anchor-relocation.ch\/wp-content\/uploads\/2017\/01\/anchor_NoTagline_2016_2945U.png","contentUrl":"https:\/\/anchor-relocation.ch\/wp-content\/uploads\/2017\/01\/anchor_NoTagline_2016_2945U.png","width":2961,"height":190,"caption":"Anchor Relocation + Property Services"},"image":{"@id":"https:\/\/anchor-relocation.ch\/de\/#\/schema\/logo\/image\/"}},{"@type":"Person","@id":"https:\/\/anchor-relocation.ch\/de\/#\/schema\/person\/e44dbf33c25a80a1dafa3792d205ac96","name":"cd2s","image":{"@type":"ImageObject","inLanguage":"de-DE","@id":"https:\/\/secure.gravatar.com\/avatar\/5d0fe13009dba9ab982f52abe74771dffee1bf00af91b29b8997003a872c07fe?s=96&d=mm&r=g","url":"https:\/\/secure.gravatar.com\/avatar\/5d0fe13009dba9ab982f52abe74771dffee1bf00af91b29b8997003a872c07fe?s=96&d=mm&r=g","contentUrl":"https:\/\/secure.gravatar.com\/avatar\/5d0fe13009dba9ab982f52abe74771dffee1bf00af91b29b8997003a872c07fe?s=96&d=mm&r=g","caption":"cd2s"}}]}},"_links":{"self":[{"href":"https:\/\/anchor-relocation.ch\/de\/wp-json\/wp\/v2\/posts\/5910","targetHints":{"allow":["GET"]}}],"collection":[{"href":"https:\/\/anchor-relocation.ch\/de\/wp-json\/wp\/v2\/posts"}],"about":[{"href":"https:\/\/anchor-relocation.ch\/de\/wp-json\/wp\/v2\/types\/post"}],"author":[{"embeddable":true,"href":"https:\/\/anchor-relocation.ch\/de\/wp-json\/wp\/v2\/users\/2"}],"replies":[{"embeddable":true,"href":"https:\/\/anchor-relocation.ch\/de\/wp-json\/wp\/v2\/comments?post=5910"}],"version-history":[{"count":69,"href":"https:\/\/anchor-relocation.ch\/de\/wp-json\/wp\/v2\/posts\/5910\/revisions"}],"predecessor-version":[{"id":6540,"href":"https:\/\/anchor-relocation.ch\/de\/wp-json\/wp\/v2\/posts\/5910\/revisions\/6540"}],"wp:featuredmedia":[{"embeddable":true,"href":"https:\/\/anchor-relocation.ch\/de\/wp-json\/wp\/v2\/media\/6013"}],"wp:attachment":[{"href":"https:\/\/anchor-relocation.ch\/de\/wp-json\/wp\/v2\/media?parent=5910"}],"wp:term":[{"taxonomy":"category","embeddable":true,"href":"https:\/\/anchor-relocation.ch\/de\/wp-json\/wp\/v2\/categories?post=5910"},{"taxonomy":"post_tag","embeddable":true,"href":"https:\/\/anchor-relocation.ch\/de\/wp-json\/wp\/v2\/tags?post=5910"}],"curies":[{"name":"wp","href":"https:\/\/api.w.org\/{rel}","templated":true}]}}