{"id":7364,"date":"2026-04-16T21:56:29","date_gmt":"2026-04-16T19:56:29","guid":{"rendered":"https:\/\/anchor-relocation.ch\/zu-vermieten-8135-langnau-am-albis-9-5-zimmer-einfamilienhaus\/"},"modified":"2026-07-15T09:44:51","modified_gmt":"2026-07-15T07:44:51","slug":"zu-vermieten-8135-langnau-am-albis-9-5-zimmer-einfamilienhaus","status":"publish","type":"post","link":"https:\/\/anchor-relocation.ch\/de\/zu-vermieten-8135-langnau-am-albis-9-5-zimmer-einfamilienhaus\/","title":{"rendered":"Vermietet &#8211; 8135 Langnau am Albis &#8211; 9,5 Zimmer (8 Schlafzimmer) Freistehendes Einfamilienhaus &#8211; Platz f\u00fcr Familie, Arbeit und das ganze Leben dazwischen"},"content":{"rendered":"<div id='av-layout-grid-1'  class='av-layout-grid-container av-ah1pop-ed7f3f7cb38c62d067176fb5c324475b entry-content-wrapper main_color av-flex-cells  avia-builder-el-0  el_before_av_image  avia-builder-el-first   container_wrap fullsize'  >\n\n<style type=\"text\/css\" data-created_by=\"avia_inline_auto\" id=\"style-css-av-98vkbd-b4ff71a91c552618390cf2389fb8cbcc\">\n.flex_cell.av-98vkbd-b4ff71a91c552618390cf2389fb8cbcc{\nvertical-align:top;\n}\n.responsive #top #wrap_all .flex_cell.av-98vkbd-b4ff71a91c552618390cf2389fb8cbcc{\npadding:10% 20% 20% 20% !important;\n}\n\n@media only screen and (min-width: 990px){ \n.responsive #top #wrap_all .flex_cell.av-98vkbd-b4ff71a91c552618390cf2389fb8cbcc{\npadding:10% 20% 20% 20% !important;\n}\n}\n\n@media only screen and (min-width: 768px) and (max-width: 989px){ \n.responsive #top #wrap_all .flex_cell.av-98vkbd-b4ff71a91c552618390cf2389fb8cbcc{\npadding:10% 20% 20% 20% !important;\n}\n}\n\n@media only screen and (min-width: 480px) and (max-width: 767px){ \n.responsive #top #wrap_all .flex_cell.av-98vkbd-b4ff71a91c552618390cf2389fb8cbcc{\npadding:8% 8% 8% 8% !important;\n}\n}\n\n@media only screen and (max-width: 479px){ \n.responsive #top #wrap_all .flex_cell.av-98vkbd-b4ff71a91c552618390cf2389fb8cbcc{\npadding:8% 8% 8% 8% !important;\n}\n}\n<\/style>\n<div class='flex_cell av-98vkbd-b4ff71a91c552618390cf2389fb8cbcc av-gridrow-cell av_one_full no_margin  avia-builder-el-1  avia-builder-el-no-sibling  content-align-top'  ><div class='flex_cell_inner'><p>\n<style type=\"text\/css\" data-created_by=\"avia_inline_auto\" id=\"style-css-av-ksz024-0f46233d39ae0220cf9ec89a7b606c5d\">\n#top .av-special-heading.av-ksz024-0f46233d39ae0220cf9ec89a7b606c5d{\npadding-bottom:15px;\n}\nbody .av-special-heading.av-ksz024-0f46233d39ae0220cf9ec89a7b606c5d .av-special-heading-tag .heading-char{\nfont-size:25px;\n}\n.av-special-heading.av-ksz024-0f46233d39ae0220cf9ec89a7b606c5d .av-subheading{\nfont-size:15px;\n}\n<\/style>\n<div  class='av-special-heading av-ksz024-0f46233d39ae0220cf9ec89a7b606c5d av-special-heading-h2 blockquote modern-quote  avia-builder-el-2  el_before_av_post_metadata  avia-builder-el-first  av-linked-heading'><h2 class='av-special-heading-tag '  itemprop=\"headline\"  >Vermietet &#8211; 8135 Langnau am Albis &#8211; 9,5 Zimmer (8 Schlafzimmer) Freistehendes Einfamilienhaus &#8211; Platz f\u00fcr Familie, Arbeit und das ganze Leben dazwischen<\/h2><div class=\"special-heading-border\"><div class=\"special-heading-inner-border\"><\/div><\/div><\/div><br \/>\n\n<style type=\"text\/css\" data-created_by=\"avia_inline_auto\" id=\"style-css-av-6vsajd-f820c93ce9ce1ebba972edf474e4bb85\">\n#top .av-post-metadata-container.av-6vsajd-f820c93ce9ce1ebba972edf474e4bb85{\nmargin:0 0 25px 0;\n}\n<\/style>\n<div  class='av-post-metadata-container av-6vsajd-f820c93ce9ce1ebba972edf474e4bb85 av-metadata-container-align-left  avia-builder-el-3  el_after_av_heading  el_before_av_hr  av-metadata-container-1'><div class='av-post-metadata-container-inner'><span class=\"av-post-metadata-content av-post-metadata-meta-content\"><span class=\"av-post-metadata-content av-post-metadata-published\"><span class=\"av-post-metadata-published-date\" >16\/04\/2026<\/span><\/span><\/span><\/div><\/div><br \/>\n\n<style type=\"text\/css\" data-created_by=\"avia_inline_auto\" id=\"style-css-av-3vy1qh-ad13b7c6a645883f7d9f3afc03ca0d50\">\n#top .hr.hr-invisible.av-3vy1qh-ad13b7c6a645883f7d9f3afc03ca0d50{\nheight:20px;\n}\n<\/style>\n<div  class='hr av-3vy1qh-ad13b7c6a645883f7d9f3afc03ca0d50 hr-invisible  avia-builder-el-4  el_after_av_post_metadata  el_before_av_image '><span class='hr-inner '><span class=\"hr-inner-style\"><\/span><\/span><\/div><br \/>\n\n<style type=\"text\/css\" data-created_by=\"avia_inline_auto\" id=\"style-css-av-227klvg-7a8c12955b767bcadc9b29d508d48c8c\">\n.avia-image-container.av-227klvg-7a8c12955b767bcadc9b29d508d48c8c img.avia_image{\nbox-shadow:none;\n}\n.avia-image-container.av-227klvg-7a8c12955b767bcadc9b29d508d48c8c .av-image-caption-overlay-center{\ncolor:#ffffff;\n}\n<\/style>\n<div  class='avia-image-container av-227klvg-7a8c12955b767bcadc9b29d508d48c8c av-styling-no-styling avia-align-center  avia-builder-el-5  el_after_av_hr  el_before_av_hr '   itemprop=\"image\" itemscope=\"itemscope\" itemtype=\"https:\/\/schema.org\/ImageObject\" ><div class=\"avia-image-container-inner\"><div class=\"avia-image-overlay-wrap\"><img decoding=\"async\" fetchpriority=\"high\" class='wp-image-7374 avia-img-lazy-loading-not-7374 avia_image ' src=\"https:\/\/anchor-relocation.ch\/wp-content\/uploads\/2026\/04\/Anchor_Gschwind_Langnau-am-Albis_2026-04-09_DSCF0399_HDR.jpg\" alt='' title='8135 Langnau am Albis'  height=\"1875\" width=\"2500\"  itemprop=\"thumbnailUrl\" srcset=\"https:\/\/anchor-relocation.ch\/wp-content\/uploads\/2026\/04\/Anchor_Gschwind_Langnau-am-Albis_2026-04-09_DSCF0399_HDR.jpg 2500w, https:\/\/anchor-relocation.ch\/wp-content\/uploads\/2026\/04\/Anchor_Gschwind_Langnau-am-Albis_2026-04-09_DSCF0399_HDR-300x225.jpg 300w, https:\/\/anchor-relocation.ch\/wp-content\/uploads\/2026\/04\/Anchor_Gschwind_Langnau-am-Albis_2026-04-09_DSCF0399_HDR-1030x773.jpg 1030w, https:\/\/anchor-relocation.ch\/wp-content\/uploads\/2026\/04\/Anchor_Gschwind_Langnau-am-Albis_2026-04-09_DSCF0399_HDR-768x576.jpg 768w, https:\/\/anchor-relocation.ch\/wp-content\/uploads\/2026\/04\/Anchor_Gschwind_Langnau-am-Albis_2026-04-09_DSCF0399_HDR-1536x1152.jpg 1536w, https:\/\/anchor-relocation.ch\/wp-content\/uploads\/2026\/04\/Anchor_Gschwind_Langnau-am-Albis_2026-04-09_DSCF0399_HDR-2048x1536.jpg 2048w, https:\/\/anchor-relocation.ch\/wp-content\/uploads\/2026\/04\/Anchor_Gschwind_Langnau-am-Albis_2026-04-09_DSCF0399_HDR-1500x1125.jpg 1500w, https:\/\/anchor-relocation.ch\/wp-content\/uploads\/2026\/04\/Anchor_Gschwind_Langnau-am-Albis_2026-04-09_DSCF0399_HDR-705x529.jpg 705w\" sizes=\"(max-width: 2500px) 100vw, 2500px\" \/><\/div><\/div><\/div><br \/>\n\n<style type=\"text\/css\" data-created_by=\"avia_inline_auto\" id=\"style-css-av-1oec30-35077201d592fe04f6b0ff95e6b5330d\">\n#top .hr.hr-invisible.av-1oec30-35077201d592fe04f6b0ff95e6b5330d{\nheight:50px;\n}\n<\/style>\n<div  class='hr av-1oec30-35077201d592fe04f6b0ff95e6b5330d hr-invisible  avia-builder-el-6  el_after_av_image  el_before_av_textblock '><span class='hr-inner '><span class=\"hr-inner-style\"><\/span><\/span><\/div><br \/>\n<section  class='av_textblock_section av-lxdcr368-60b69b09b62850e8efccd48043b688ab '   itemscope=\"itemscope\" itemtype=\"https:\/\/schema.org\/BlogPosting\" itemprop=\"blogPost\" ><div class='avia_textblock'  itemprop=\"text\" ><p>Grossz\u00fcgig, flexibel und neu gebaut (2023): Rund 350 m\u00b2 Bruttogeschossfl\u00e4che auf einem weitl\u00e4ufigen Grundst\u00fcck von 1&#8217;174 m\u00b2 \u2014 mit ca. 900 m\u00b2 Garten und viel Gr\u00fcn. Das Haus bietet 9.5 Zimmer, davon 8 Schlafzimmer, 3 Badezimmer, ein G\u00e4ste-WC sowie eine Waschk\u00fcche. Der durchdachte Grundriss schafft Privatsph\u00e4re drinnen wie draussen und eignet sich ideal als Familienhaus, f\u00fcr Mehrgenerationenwohnen oder die Verbindung von Wohnen und Arbeiten.<\/p>\n<\/div><\/section><br \/>\n\n<style type=\"text\/css\" data-created_by=\"avia_inline_auto\" id=\"style-css-av-375cyd-cd3cb974cb62e433291740ed1355f9e5\">\n#top .hr.hr-invisible.av-375cyd-cd3cb974cb62e433291740ed1355f9e5{\nheight:50px;\n}\n<\/style>\n<div  class='hr av-375cyd-cd3cb974cb62e433291740ed1355f9e5 hr-invisible  avia-builder-el-8  el_after_av_textblock  el_before_av_textblock '><span class='hr-inner '><span class=\"hr-inner-style\"><\/span><\/span><\/div><br \/>\n<section  class='av_textblock_section av-mfxyncq3-3a42b913becd3627e98fc465edc8cedf '   itemscope=\"itemscope\" itemtype=\"https:\/\/schema.org\/BlogPosting\" itemprop=\"blogPost\" ><div class='avia_textblock'  itemprop=\"text\" ><p><strong>Lage &#8211; Waldmattstrasse 15, 8135 Langnau am Albis<br \/>\n<\/strong><strong>Objekt &#8211; 9.5 Zimmer Einfamilienhaus<br \/>\nBruttogeschossfl\u00e4che &#8211; ca. 350m2<br \/>\nGarten &#8211; ca. 900m2<br \/>\nGrundst\u00fccksgr\u00f6\u00dfe &#8211; 1&#8217;174m2<br \/>\n<\/strong><strong>Miete &#8211; Preis auf Anfrage<br \/>\n<\/strong><strong>Verf\u00fcgbar &#8211; sofort oder nach Vereinbarung<\/strong><\/p>\n<\/div><\/section><br \/>\n\n<style type=\"text\/css\" data-created_by=\"avia_inline_auto\" id=\"style-css-av-f6ujwc-c2c3aa197d3951c973fc8e803d7458e5\">\n#top .hr.hr-invisible.av-f6ujwc-c2c3aa197d3951c973fc8e803d7458e5{\nheight:50px;\n}\n<\/style>\n<div  class='hr av-f6ujwc-c2c3aa197d3951c973fc8e803d7458e5 hr-invisible  avia-builder-el-10  el_after_av_textblock  el_before_av_heading '><span class='hr-inner '><span class=\"hr-inner-style\"><\/span><\/span><\/div><br \/>\n\n<style type=\"text\/css\" data-created_by=\"avia_inline_auto\" id=\"style-css-av-pexbo-bef9134565c005a78218edc2fa4b4350\">\n#top .av-special-heading.av-pexbo-bef9134565c005a78218edc2fa4b4350{\npadding-bottom:15px;\n}\nbody .av-special-heading.av-pexbo-bef9134565c005a78218edc2fa4b4350 .av-special-heading-tag .heading-char{\nfont-size:25px;\n}\n.av-special-heading.av-pexbo-bef9134565c005a78218edc2fa4b4350 .av-subheading{\nfont-size:15px;\n}\n<\/style>\n<div  class='av-special-heading av-pexbo-bef9134565c005a78218edc2fa4b4350 av-special-heading-h3 blockquote modern-quote  avia-builder-el-11  el_after_av_hr  el_before_av_textblock  av-linked-heading'><h3 class='av-special-heading-tag '  itemprop=\"headline\"  >Liegenschaft<\/h3><div class=\"special-heading-border\"><div class=\"special-heading-inner-border\"><\/div><\/div><\/div><br \/>\n<section  class='av_textblock_section av-5v7gd0-21e0f17a07e9b8cf8c9cbb608abd86d1 '   itemscope=\"itemscope\" itemtype=\"https:\/\/schema.org\/BlogPosting\" itemprop=\"blogPost\" ><div class='avia_textblock'  itemprop=\"text\" ><p class=\"font-claude-response-body break-words whitespace-normal leading-&#091;1.7&#093;\">Schon beim Eintreten sp\u00fcrt man die Grossz\u00fcgigkeit: Die offene K\u00fcche mit dunkler Naturstein-Arbeitsfl\u00e4che und Miele-Ger\u00e4ten geht fliessend in den lichtdurchfluteten Wohn- und Essbereich \u00fcber. \u00dcber eine grosse Glasschiebet\u00fcr gelangt man auf die gedeckte Terrasse und in den rund 900 m\u00b2 grossen Garten \u2014 mit viel Privatsph\u00e4re. <\/p>\n<p class=\"font-claude-response-body break-words whitespace-normal leading-&#091;1.7&#093;\">Im Untergeschoss bieten grossz\u00fcgige R\u00e4ume vielseitige Nutzungsm\u00f6glichkeiten \u2014 ob als G\u00e4stebereich, Homeoffice, kleines Gewerbe oder Hobbyraum.<\/p>\n<\/div><\/section><br \/>\n\n<style type=\"text\/css\" data-created_by=\"avia_inline_auto\" id=\"style-css-av-4iruas-8a5acfdaf7e9508035f4fa4a7c75143e\">\n#top .hr.hr-invisible.av-4iruas-8a5acfdaf7e9508035f4fa4a7c75143e{\nheight:50px;\n}\n<\/style>\n<div  class='hr av-4iruas-8a5acfdaf7e9508035f4fa4a7c75143e hr-invisible  avia-builder-el-13  el_after_av_textblock  el_before_av_heading '><span class='hr-inner '><span class=\"hr-inner-style\"><\/span><\/span><\/div><br \/>\n\n<style type=\"text\/css\" data-created_by=\"avia_inline_auto\" id=\"style-css-av-8iii4s-72a1c0ed7db01a98ce3da0faf48e3f00\">\n#top .av-special-heading.av-8iii4s-72a1c0ed7db01a98ce3da0faf48e3f00{\npadding-bottom:15px;\n}\nbody .av-special-heading.av-8iii4s-72a1c0ed7db01a98ce3da0faf48e3f00 .av-special-heading-tag .heading-char{\nfont-size:25px;\n}\n.av-special-heading.av-8iii4s-72a1c0ed7db01a98ce3da0faf48e3f00 .av-subheading{\nfont-size:15px;\n}\n<\/style>\n<div  class='av-special-heading av-8iii4s-72a1c0ed7db01a98ce3da0faf48e3f00 av-special-heading-h3 blockquote modern-quote  avia-builder-el-14  el_after_av_hr  el_before_av_textblock  av-linked-heading'><h3 class='av-special-heading-tag '  itemprop=\"headline\"  >Lage und Umgebung<\/h3><div class=\"special-heading-border\"><div class=\"special-heading-inner-border\"><\/div><\/div><\/div><br \/>\n<section  class='av_textblock_section av-npcaek-3cbf9e844aa1050995a7d8ee5605752c '   itemscope=\"itemscope\" itemtype=\"https:\/\/schema.org\/BlogPosting\" itemprop=\"blogPost\" ><div class='avia_textblock'  itemprop=\"text\" ><p>Langnau am Albis bietet eine ruhige, gr\u00fcne Umgebung mit ausgezeichneten Anbindungen &#8211; Z\u00fcrich ist etwa 20 Minuten mit der S-Bahn (S4) oder dem Auto entfernt; Zug eine 25-min\u00fctige Fahrt. Gesch\u00e4fte, eine Apotheke und Schulen sind zu Fu\u00df erreichbar, und die Zurich International School (ZIS) in Adliswil ist nur eine kurze Autofahrt entfernt.<\/p>\n<\/div><\/section><br \/>\n\n<style type=\"text\/css\" data-created_by=\"avia_inline_auto\" id=\"style-css-av-dpbgwc-2c15adcaafe0f109dad10afd03eb9069\">\n#top .hr.hr-invisible.av-dpbgwc-2c15adcaafe0f109dad10afd03eb9069{\nheight:50px;\n}\n<\/style>\n<div  class='hr av-dpbgwc-2c15adcaafe0f109dad10afd03eb9069 hr-invisible  avia-builder-el-16  el_after_av_textblock  el_before_av_heading '><span class='hr-inner '><span class=\"hr-inner-style\"><\/span><\/span><\/div><br \/>\n\n<style type=\"text\/css\" data-created_by=\"avia_inline_auto\" id=\"style-css-av-iqvlto-e0ac559436651769a4de95223c219cbf\">\n#top .av-special-heading.av-iqvlto-e0ac559436651769a4de95223c219cbf{\npadding-bottom:15px;\n}\nbody .av-special-heading.av-iqvlto-e0ac559436651769a4de95223c219cbf .av-special-heading-tag .heading-char{\nfont-size:25px;\n}\n.av-special-heading.av-iqvlto-e0ac559436651769a4de95223c219cbf .av-subheading{\nfont-size:15px;\n}\n<\/style>\n<div  class='av-special-heading av-iqvlto-e0ac559436651769a4de95223c219cbf av-special-heading-h3 blockquote modern-quote  avia-builder-el-17  el_after_av_hr  el_before_av_textblock  av-linked-heading'><h3 class='av-special-heading-tag '  itemprop=\"headline\"  >Highlights<\/h3><div class=\"special-heading-border\"><div class=\"special-heading-inner-border\"><\/div><\/div><\/div><br \/>\n<section  class='av_textblock_section av-kl8d70-059e6324819cf56eb13c6e5f991fc158 '   itemscope=\"itemscope\" itemtype=\"https:\/\/schema.org\/BlogPosting\" itemprop=\"blogPost\" ><div class='avia_textblock'  itemprop=\"text\" ><ul>\n<li>Ger\u00e4umiger offener Wohn- und Essbereich mit direktem Zugang zur privaten Terrasse und zum Garten<\/li>\n<li>Offene K\u00fcche mit Natursteinabdeckung und Miele-Ger\u00e4ten<\/li>\n<li>3 Badezimmer sowie separate G\u00e4stetoilette<\/li>\n<li>8 Schlafzimmer und ein grossz\u00fcgiger offener Dachraum<\/li>\n<li>Gedeckte Terrasse und Garten (ca. 900 m\u00b2)<\/li>\n<li>Flexibles Souterrain f\u00fcr G\u00e4ste, B\u00fcro oder Hobby<\/li>\n<li>Waschk\u00fcche mit Direktzugang zum Garten und zur Garage<\/li>\n<li>Alle Fenster sind mit Fliegengittern ausgestattet<\/li>\n<li>W\u00e4rmepumpe mit Fussbodenheizung<\/li>\n<li>Kontrollierte Wohnrauml\u00fcftung mit W\u00e4rmer\u00fcckgewinnung<\/li>\n<li>Wasserenth\u00e4rtungsanlage<\/li>\n<li>Photovoltaikanlage<\/li>\n<li>Grossz\u00fcgige Doppelgarage mit Platz f\u00fcr Fahrr\u00e4der und Motorrad<\/li>\n<\/ul>\n<\/div><\/section><br \/>\n\n<style type=\"text\/css\" data-created_by=\"avia_inline_auto\" id=\"style-css-av-2xsur9-e341baaeee0d2f7fbcc23a554930fdee\">\n#top .hr.hr-invisible.av-2xsur9-e341baaeee0d2f7fbcc23a554930fdee{\nheight:50px;\n}\n<\/style>\n<div  class='hr av-2xsur9-e341baaeee0d2f7fbcc23a554930fdee hr-invisible  avia-builder-el-19  el_after_av_textblock  el_before_av_textblock '><span class='hr-inner '><span class=\"hr-inner-style\"><\/span><\/span><\/div><br \/>\n<section  class='av_textblock_section av-heo4z0-dbe58977e9a23c5a7e2f373effc680ce '   itemscope=\"itemscope\" itemtype=\"https:\/\/schema.org\/BlogPosting\" itemprop=\"blogPost\" ><div class='avia_textblock'  itemprop=\"text\" ><p>Gerne zeigen wir Ihnen dieses sch\u00f6ne Haus. F\u00fcr weitere Informationen oder eine Besichtigung \u2014 kontaktieren Sie Corina Sch\u00fcrmann \u2014 property@anchor-relocation.ch.<\/p>\n<\/div><\/section><br \/>\n\n<style type=\"text\/css\" data-created_by=\"avia_inline_auto\" id=\"style-css-av-d61gbw-03a832fb1792a3cbd4d7ff4daf4eb66a\">\n#top .hr.hr-invisible.av-d61gbw-03a832fb1792a3cbd4d7ff4daf4eb66a{\nheight:50px;\n}\n<\/style>\n<div  class='hr av-d61gbw-03a832fb1792a3cbd4d7ff4daf4eb66a hr-invisible  avia-builder-el-21  el_after_av_textblock  el_before_av_heading '><span class='hr-inner '><span class=\"hr-inner-style\"><\/span><\/span><\/div><br \/>\n\n<style type=\"text\/css\" data-created_by=\"avia_inline_auto\" id=\"style-css-av-20evtg-a5d39dd343b1b747edcefa11c324509e\">\n#top .av-special-heading.av-20evtg-a5d39dd343b1b747edcefa11c324509e{\npadding-bottom:15px;\n}\nbody .av-special-heading.av-20evtg-a5d39dd343b1b747edcefa11c324509e .av-special-heading-tag .heading-char{\nfont-size:25px;\n}\n.av-special-heading.av-20evtg-a5d39dd343b1b747edcefa11c324509e .av-subheading{\nfont-size:15px;\n}\n<\/style>\n<div  class='av-special-heading av-20evtg-a5d39dd343b1b747edcefa11c324509e av-special-heading-h3 blockquote modern-quote  avia-builder-el-22  el_after_av_hr  el_before_av_masonry_gallery  avia-builder-el-last  av-linked-heading'><h3 class='av-special-heading-tag '  itemprop=\"headline\"  >Eindr\u00fccke der Liegenschaft<\/h3><div class=\"special-heading-border\"><div class=\"special-heading-inner-border\"><\/div><\/div><\/div><br \/>\n\n<style type=\"text\/css\" data-created_by=\"avia_inline_auto\" id=\"style-css-av-mfy1mblg-deaaa7eab74608f262efa9f3bcce0f70\">\n#top .av-masonry.av-mfy1mblg-deaaa7eab74608f262efa9f3bcce0f70{\nbackground-color:#ffffff;\n}\n<\/style>\n<div id='av-masonry-1' class='av-masonry av-mfy1mblg-deaaa7eab74608f262efa9f3bcce0f70 noHover av-flex-size av-large-gap av-hover-overlay-active av-masonry-animation- av-masonry-col-2 av-caption-always av-caption-style- av-masonry-gallery av-desktop-columns-overwrite av-desktop-columns-1 av-medium-columns-overwrite av-medium-columns-1 av-small-columns-overwrite av-small-columns-1 av-mini-columns-overwrite av-mini-columns-1 ' data-post_id=\"7364\"><div class=\"av-masonry-container isotope av-js-disabled\"><div class='av-masonry-entry isotope-item av-masonry-item-no-image '><\/div><a href=\"https:\/\/anchor-relocation.ch\/wp-content\/uploads\/2026\/04\/Anchor_Gschwind_Langnau-am-Albis_2026-04-09_DSCF0189_HDR-1-1030x773.jpg\" data-srcset=\"https:\/\/anchor-relocation.ch\/wp-content\/uploads\/2026\/04\/Anchor_Gschwind_Langnau-am-Albis_2026-04-09_DSCF0189_HDR-1-1030x773.jpg 1030w, https:\/\/anchor-relocation.ch\/wp-content\/uploads\/2026\/04\/Anchor_Gschwind_Langnau-am-Albis_2026-04-09_DSCF0189_HDR-1-300x225.jpg 300w, https:\/\/anchor-relocation.ch\/wp-content\/uploads\/2026\/04\/Anchor_Gschwind_Langnau-am-Albis_2026-04-09_DSCF0189_HDR-1-768x576.jpg 768w, https:\/\/anchor-relocation.ch\/wp-content\/uploads\/2026\/04\/Anchor_Gschwind_Langnau-am-Albis_2026-04-09_DSCF0189_HDR-1-1536x1152.jpg 1536w, https:\/\/anchor-relocation.ch\/wp-content\/uploads\/2026\/04\/Anchor_Gschwind_Langnau-am-Albis_2026-04-09_DSCF0189_HDR-1-2048x1536.jpg 2048w, https:\/\/anchor-relocation.ch\/wp-content\/uploads\/2026\/04\/Anchor_Gschwind_Langnau-am-Albis_2026-04-09_DSCF0189_HDR-1-1500x1125.jpg 1500w, https:\/\/anchor-relocation.ch\/wp-content\/uploads\/2026\/04\/Anchor_Gschwind_Langnau-am-Albis_2026-04-09_DSCF0189_HDR-1-705x529.jpg 705w\" data-sizes=\"(max-width: 1030px) 100vw, 1030px\"  aria-label=\"Bild Anker &#8211; Langnau am Albis\"  id='av-masonry-1-item-7474' data-av-masonry-item='7474' class='av-masonry-entry isotope-item post-7474 attachment type-attachment status-inherit hentry  av-masonry-item-with-image' title=\"\" alt=\"\"    itemprop=\"thumbnailUrl\" ><div class='av-inner-masonry-sizer'><\/div><figure class='av-inner-masonry main_color'><div class=\"av-masonry-outerimage-container\"><div class='av-masonry-image-container'  ><img decoding=\"async\" width=\"2500\" height=\"1875\" fetchpriority=\"high\" class=\"wp-image-7474 avia-img-lazy-loading-not-7474\"  src=\"https:\/\/anchor-relocation.ch\/wp-content\/uploads\/2026\/04\/Anchor_Gschwind_Langnau-am-Albis_2026-04-09_DSCF0189_HDR-1.jpg\" title=\"\" alt=\"\" srcset=\"https:\/\/anchor-relocation.ch\/wp-content\/uploads\/2026\/04\/Anchor_Gschwind_Langnau-am-Albis_2026-04-09_DSCF0189_HDR-1.jpg 2500w, https:\/\/anchor-relocation.ch\/wp-content\/uploads\/2026\/04\/Anchor_Gschwind_Langnau-am-Albis_2026-04-09_DSCF0189_HDR-1-300x225.jpg 300w, https:\/\/anchor-relocation.ch\/wp-content\/uploads\/2026\/04\/Anchor_Gschwind_Langnau-am-Albis_2026-04-09_DSCF0189_HDR-1-1030x773.jpg 1030w, https:\/\/anchor-relocation.ch\/wp-content\/uploads\/2026\/04\/Anchor_Gschwind_Langnau-am-Albis_2026-04-09_DSCF0189_HDR-1-768x576.jpg 768w, https:\/\/anchor-relocation.ch\/wp-content\/uploads\/2026\/04\/Anchor_Gschwind_Langnau-am-Albis_2026-04-09_DSCF0189_HDR-1-1536x1152.jpg 1536w, https:\/\/anchor-relocation.ch\/wp-content\/uploads\/2026\/04\/Anchor_Gschwind_Langnau-am-Albis_2026-04-09_DSCF0189_HDR-1-2048x1536.jpg 2048w, https:\/\/anchor-relocation.ch\/wp-content\/uploads\/2026\/04\/Anchor_Gschwind_Langnau-am-Albis_2026-04-09_DSCF0189_HDR-1-1500x1125.jpg 1500w, https:\/\/anchor-relocation.ch\/wp-content\/uploads\/2026\/04\/Anchor_Gschwind_Langnau-am-Albis_2026-04-09_DSCF0189_HDR-1-705x529.jpg 705w\" sizes=\"(max-width: 2500px) 100vw, 2500px\" \/><\/div><\/div><\/figure><\/a><!--end av-masonry entry--><a href=\"https:\/\/anchor-relocation.ch\/wp-content\/uploads\/2026\/04\/Anchor_Gschwind_Langnau-am-Albis_2026-04-09_DSCF0408_HDR_Panorama-1-1030x799.jpg\" data-srcset=\"https:\/\/anchor-relocation.ch\/wp-content\/uploads\/2026\/04\/Anchor_Gschwind_Langnau-am-Albis_2026-04-09_DSCF0408_HDR_Panorama-1-1030x799.jpg 1030w, https:\/\/anchor-relocation.ch\/wp-content\/uploads\/2026\/04\/Anchor_Gschwind_Langnau-am-Albis_2026-04-09_DSCF0408_HDR_Panorama-1-300x233.jpg 300w, https:\/\/anchor-relocation.ch\/wp-content\/uploads\/2026\/04\/Anchor_Gschwind_Langnau-am-Albis_2026-04-09_DSCF0408_HDR_Panorama-1-768x596.jpg 768w, https:\/\/anchor-relocation.ch\/wp-content\/uploads\/2026\/04\/Anchor_Gschwind_Langnau-am-Albis_2026-04-09_DSCF0408_HDR_Panorama-1-1536x1192.jpg 1536w, https:\/\/anchor-relocation.ch\/wp-content\/uploads\/2026\/04\/Anchor_Gschwind_Langnau-am-Albis_2026-04-09_DSCF0408_HDR_Panorama-1-2048x1589.jpg 2048w, https:\/\/anchor-relocation.ch\/wp-content\/uploads\/2026\/04\/Anchor_Gschwind_Langnau-am-Albis_2026-04-09_DSCF0408_HDR_Panorama-1-1500x1164.jpg 1500w, https:\/\/anchor-relocation.ch\/wp-content\/uploads\/2026\/04\/Anchor_Gschwind_Langnau-am-Albis_2026-04-09_DSCF0408_HDR_Panorama-1-705x547.jpg 705w\" data-sizes=\"(max-width: 1030px) 100vw, 1030px\"  aria-label=\"Bild Anker &#8211; Langnau am Albis\"  id='av-masonry-1-item-7482' data-av-masonry-item='7482' class='av-masonry-entry isotope-item post-7482 attachment type-attachment status-inherit hentry  av-masonry-item-with-image' title=\"\" alt=\"\"    itemprop=\"thumbnailUrl\" ><div class='av-inner-masonry-sizer'><\/div><figure class='av-inner-masonry main_color'><div class=\"av-masonry-outerimage-container\"><div class='av-masonry-image-container'  ><img decoding=\"async\" width=\"2500\" height=\"1940\" fetchpriority=\"high\" class=\"wp-image-7482 avia-img-lazy-loading-not-7482\"  src=\"https:\/\/anchor-relocation.ch\/wp-content\/uploads\/2026\/04\/Anchor_Gschwind_Langnau-am-Albis_2026-04-09_DSCF0408_HDR_Panorama-1.jpg\" title=\"\" alt=\"\" srcset=\"https:\/\/anchor-relocation.ch\/wp-content\/uploads\/2026\/04\/Anchor_Gschwind_Langnau-am-Albis_2026-04-09_DSCF0408_HDR_Panorama-1.jpg 2500w, https:\/\/anchor-relocation.ch\/wp-content\/uploads\/2026\/04\/Anchor_Gschwind_Langnau-am-Albis_2026-04-09_DSCF0408_HDR_Panorama-1-300x233.jpg 300w, https:\/\/anchor-relocation.ch\/wp-content\/uploads\/2026\/04\/Anchor_Gschwind_Langnau-am-Albis_2026-04-09_DSCF0408_HDR_Panorama-1-1030x799.jpg 1030w, https:\/\/anchor-relocation.ch\/wp-content\/uploads\/2026\/04\/Anchor_Gschwind_Langnau-am-Albis_2026-04-09_DSCF0408_HDR_Panorama-1-768x596.jpg 768w, https:\/\/anchor-relocation.ch\/wp-content\/uploads\/2026\/04\/Anchor_Gschwind_Langnau-am-Albis_2026-04-09_DSCF0408_HDR_Panorama-1-1536x1192.jpg 1536w, https:\/\/anchor-relocation.ch\/wp-content\/uploads\/2026\/04\/Anchor_Gschwind_Langnau-am-Albis_2026-04-09_DSCF0408_HDR_Panorama-1-2048x1589.jpg 2048w, https:\/\/anchor-relocation.ch\/wp-content\/uploads\/2026\/04\/Anchor_Gschwind_Langnau-am-Albis_2026-04-09_DSCF0408_HDR_Panorama-1-1500x1164.jpg 1500w, https:\/\/anchor-relocation.ch\/wp-content\/uploads\/2026\/04\/Anchor_Gschwind_Langnau-am-Albis_2026-04-09_DSCF0408_HDR_Panorama-1-705x547.jpg 705w\" sizes=\"(max-width: 2500px) 100vw, 2500px\" \/><\/div><\/div><\/figure><\/a><!--end av-masonry entry--><a href=\"https:\/\/anchor-relocation.ch\/wp-content\/uploads\/2026\/04\/Anchor_Gschwind_Langnau-am-Albis_2026-04-09_DSCF0303_HDR-1-1030x773.jpg\" data-srcset=\"https:\/\/anchor-relocation.ch\/wp-content\/uploads\/2026\/04\/Anchor_Gschwind_Langnau-am-Albis_2026-04-09_DSCF0303_HDR-1-1030x773.jpg 1030w, https:\/\/anchor-relocation.ch\/wp-content\/uploads\/2026\/04\/Anchor_Gschwind_Langnau-am-Albis_2026-04-09_DSCF0303_HDR-1-300x225.jpg 300w, https:\/\/anchor-relocation.ch\/wp-content\/uploads\/2026\/04\/Anchor_Gschwind_Langnau-am-Albis_2026-04-09_DSCF0303_HDR-1-768x576.jpg 768w, https:\/\/anchor-relocation.ch\/wp-content\/uploads\/2026\/04\/Anchor_Gschwind_Langnau-am-Albis_2026-04-09_DSCF0303_HDR-1-1536x1152.jpg 1536w, https:\/\/anchor-relocation.ch\/wp-content\/uploads\/2026\/04\/Anchor_Gschwind_Langnau-am-Albis_2026-04-09_DSCF0303_HDR-1-2048x1536.jpg 2048w, https:\/\/anchor-relocation.ch\/wp-content\/uploads\/2026\/04\/Anchor_Gschwind_Langnau-am-Albis_2026-04-09_DSCF0303_HDR-1-1500x1125.jpg 1500w, https:\/\/anchor-relocation.ch\/wp-content\/uploads\/2026\/04\/Anchor_Gschwind_Langnau-am-Albis_2026-04-09_DSCF0303_HDR-1-705x529.jpg 705w\" data-sizes=\"(max-width: 1030px) 100vw, 1030px\"  aria-label=\"Bild Anker &#8211; Langnau am Albis\"  id='av-masonry-1-item-7479' data-av-masonry-item='7479' class='av-masonry-entry isotope-item post-7479 attachment type-attachment status-inherit hentry  av-masonry-item-with-image' title=\"\" alt=\"\"    itemprop=\"thumbnailUrl\" ><div class='av-inner-masonry-sizer'><\/div><figure class='av-inner-masonry main_color'><div class=\"av-masonry-outerimage-container\"><div class='av-masonry-image-container'  ><img decoding=\"async\" width=\"2500\" height=\"1875\" fetchpriority=\"high\" class=\"wp-image-7479 avia-img-lazy-loading-not-7479\"  src=\"https:\/\/anchor-relocation.ch\/wp-content\/uploads\/2026\/04\/Anchor_Gschwind_Langnau-am-Albis_2026-04-09_DSCF0303_HDR-1.jpg\" title=\"\" alt=\"\" srcset=\"https:\/\/anchor-relocation.ch\/wp-content\/uploads\/2026\/04\/Anchor_Gschwind_Langnau-am-Albis_2026-04-09_DSCF0303_HDR-1.jpg 2500w, https:\/\/anchor-relocation.ch\/wp-content\/uploads\/2026\/04\/Anchor_Gschwind_Langnau-am-Albis_2026-04-09_DSCF0303_HDR-1-300x225.jpg 300w, https:\/\/anchor-relocation.ch\/wp-content\/uploads\/2026\/04\/Anchor_Gschwind_Langnau-am-Albis_2026-04-09_DSCF0303_HDR-1-1030x773.jpg 1030w, https:\/\/anchor-relocation.ch\/wp-content\/uploads\/2026\/04\/Anchor_Gschwind_Langnau-am-Albis_2026-04-09_DSCF0303_HDR-1-768x576.jpg 768w, https:\/\/anchor-relocation.ch\/wp-content\/uploads\/2026\/04\/Anchor_Gschwind_Langnau-am-Albis_2026-04-09_DSCF0303_HDR-1-1536x1152.jpg 1536w, https:\/\/anchor-relocation.ch\/wp-content\/uploads\/2026\/04\/Anchor_Gschwind_Langnau-am-Albis_2026-04-09_DSCF0303_HDR-1-2048x1536.jpg 2048w, https:\/\/anchor-relocation.ch\/wp-content\/uploads\/2026\/04\/Anchor_Gschwind_Langnau-am-Albis_2026-04-09_DSCF0303_HDR-1-1500x1125.jpg 1500w, https:\/\/anchor-relocation.ch\/wp-content\/uploads\/2026\/04\/Anchor_Gschwind_Langnau-am-Albis_2026-04-09_DSCF0303_HDR-1-705x529.jpg 705w\" sizes=\"(max-width: 2500px) 100vw, 2500px\" \/><\/div><\/div><\/figure><\/a><!--end av-masonry entry--><a href=\"https:\/\/anchor-relocation.ch\/wp-content\/uploads\/2026\/04\/Anchor_Gschwind_Langnau-am-Albis_2026-04-09_DSCF0297_HDR-1-1030x773.jpg\" data-srcset=\"https:\/\/anchor-relocation.ch\/wp-content\/uploads\/2026\/04\/Anchor_Gschwind_Langnau-am-Albis_2026-04-09_DSCF0297_HDR-1-1030x773.jpg 1030w, https:\/\/anchor-relocation.ch\/wp-content\/uploads\/2026\/04\/Anchor_Gschwind_Langnau-am-Albis_2026-04-09_DSCF0297_HDR-1-300x225.jpg 300w, https:\/\/anchor-relocation.ch\/wp-content\/uploads\/2026\/04\/Anchor_Gschwind_Langnau-am-Albis_2026-04-09_DSCF0297_HDR-1-768x576.jpg 768w, https:\/\/anchor-relocation.ch\/wp-content\/uploads\/2026\/04\/Anchor_Gschwind_Langnau-am-Albis_2026-04-09_DSCF0297_HDR-1-1536x1152.jpg 1536w, https:\/\/anchor-relocation.ch\/wp-content\/uploads\/2026\/04\/Anchor_Gschwind_Langnau-am-Albis_2026-04-09_DSCF0297_HDR-1-2048x1536.jpg 2048w, https:\/\/anchor-relocation.ch\/wp-content\/uploads\/2026\/04\/Anchor_Gschwind_Langnau-am-Albis_2026-04-09_DSCF0297_HDR-1-1500x1125.jpg 1500w, https:\/\/anchor-relocation.ch\/wp-content\/uploads\/2026\/04\/Anchor_Gschwind_Langnau-am-Albis_2026-04-09_DSCF0297_HDR-1-705x529.jpg 705w\" data-sizes=\"(max-width: 1030px) 100vw, 1030px\"  aria-label=\"Bild Anker &#8211; Langnau am Albis\"  id='av-masonry-1-item-7478' data-av-masonry-item='7478' class='av-masonry-entry isotope-item post-7478 attachment type-attachment status-inherit hentry  av-masonry-item-with-image' title=\"\" alt=\"\"    itemprop=\"thumbnailUrl\" ><div class='av-inner-masonry-sizer'><\/div><figure class='av-inner-masonry main_color'><div class=\"av-masonry-outerimage-container\"><div class='av-masonry-image-container'  ><img decoding=\"async\" width=\"2500\" height=\"1875\" fetchpriority=\"high\" class=\"wp-image-7478 avia-img-lazy-loading-not-7478\"  src=\"https:\/\/anchor-relocation.ch\/wp-content\/uploads\/2026\/04\/Anchor_Gschwind_Langnau-am-Albis_2026-04-09_DSCF0297_HDR-1.jpg\" title=\"\" alt=\"\" srcset=\"https:\/\/anchor-relocation.ch\/wp-content\/uploads\/2026\/04\/Anchor_Gschwind_Langnau-am-Albis_2026-04-09_DSCF0297_HDR-1.jpg 2500w, https:\/\/anchor-relocation.ch\/wp-content\/uploads\/2026\/04\/Anchor_Gschwind_Langnau-am-Albis_2026-04-09_DSCF0297_HDR-1-300x225.jpg 300w, https:\/\/anchor-relocation.ch\/wp-content\/uploads\/2026\/04\/Anchor_Gschwind_Langnau-am-Albis_2026-04-09_DSCF0297_HDR-1-1030x773.jpg 1030w, https:\/\/anchor-relocation.ch\/wp-content\/uploads\/2026\/04\/Anchor_Gschwind_Langnau-am-Albis_2026-04-09_DSCF0297_HDR-1-768x576.jpg 768w, https:\/\/anchor-relocation.ch\/wp-content\/uploads\/2026\/04\/Anchor_Gschwind_Langnau-am-Albis_2026-04-09_DSCF0297_HDR-1-1536x1152.jpg 1536w, https:\/\/anchor-relocation.ch\/wp-content\/uploads\/2026\/04\/Anchor_Gschwind_Langnau-am-Albis_2026-04-09_DSCF0297_HDR-1-2048x1536.jpg 2048w, https:\/\/anchor-relocation.ch\/wp-content\/uploads\/2026\/04\/Anchor_Gschwind_Langnau-am-Albis_2026-04-09_DSCF0297_HDR-1-1500x1125.jpg 1500w, https:\/\/anchor-relocation.ch\/wp-content\/uploads\/2026\/04\/Anchor_Gschwind_Langnau-am-Albis_2026-04-09_DSCF0297_HDR-1-705x529.jpg 705w\" sizes=\"(max-width: 2500px) 100vw, 2500px\" \/><\/div><\/div><\/figure><\/a><!--end av-masonry entry--><a href=\"https:\/\/anchor-relocation.ch\/wp-content\/uploads\/2026\/04\/Anchor_Gschwind_Langnau-am-Albis_2026-04-09_DSCF0285_HDR-1-1030x773.jpg\" data-srcset=\"https:\/\/anchor-relocation.ch\/wp-content\/uploads\/2026\/04\/Anchor_Gschwind_Langnau-am-Albis_2026-04-09_DSCF0285_HDR-1-1030x773.jpg 1030w, https:\/\/anchor-relocation.ch\/wp-content\/uploads\/2026\/04\/Anchor_Gschwind_Langnau-am-Albis_2026-04-09_DSCF0285_HDR-1-300x225.jpg 300w, https:\/\/anchor-relocation.ch\/wp-content\/uploads\/2026\/04\/Anchor_Gschwind_Langnau-am-Albis_2026-04-09_DSCF0285_HDR-1-768x576.jpg 768w, https:\/\/anchor-relocation.ch\/wp-content\/uploads\/2026\/04\/Anchor_Gschwind_Langnau-am-Albis_2026-04-09_DSCF0285_HDR-1-1536x1152.jpg 1536w, https:\/\/anchor-relocation.ch\/wp-content\/uploads\/2026\/04\/Anchor_Gschwind_Langnau-am-Albis_2026-04-09_DSCF0285_HDR-1-2048x1536.jpg 2048w, https:\/\/anchor-relocation.ch\/wp-content\/uploads\/2026\/04\/Anchor_Gschwind_Langnau-am-Albis_2026-04-09_DSCF0285_HDR-1-1500x1125.jpg 1500w, https:\/\/anchor-relocation.ch\/wp-content\/uploads\/2026\/04\/Anchor_Gschwind_Langnau-am-Albis_2026-04-09_DSCF0285_HDR-1-705x529.jpg 705w\" data-sizes=\"(max-width: 1030px) 100vw, 1030px\"  aria-label=\"Bild Anker &#8211; Langnau am Albis\"  id='av-masonry-1-item-7477' data-av-masonry-item='7477' class='av-masonry-entry isotope-item post-7477 attachment type-attachment status-inherit hentry  av-masonry-item-with-image' title=\"\" alt=\"\"    itemprop=\"thumbnailUrl\" ><div class='av-inner-masonry-sizer'><\/div><figure class='av-inner-masonry main_color'><div class=\"av-masonry-outerimage-container\"><div class='av-masonry-image-container'  ><img decoding=\"async\" width=\"2500\" height=\"1875\" fetchpriority=\"high\" class=\"wp-image-7477 avia-img-lazy-loading-not-7477\"  src=\"https:\/\/anchor-relocation.ch\/wp-content\/uploads\/2026\/04\/Anchor_Gschwind_Langnau-am-Albis_2026-04-09_DSCF0285_HDR-1.jpg\" title=\"\" alt=\"\" srcset=\"https:\/\/anchor-relocation.ch\/wp-content\/uploads\/2026\/04\/Anchor_Gschwind_Langnau-am-Albis_2026-04-09_DSCF0285_HDR-1.jpg 2500w, https:\/\/anchor-relocation.ch\/wp-content\/uploads\/2026\/04\/Anchor_Gschwind_Langnau-am-Albis_2026-04-09_DSCF0285_HDR-1-300x225.jpg 300w, https:\/\/anchor-relocation.ch\/wp-content\/uploads\/2026\/04\/Anchor_Gschwind_Langnau-am-Albis_2026-04-09_DSCF0285_HDR-1-1030x773.jpg 1030w, https:\/\/anchor-relocation.ch\/wp-content\/uploads\/2026\/04\/Anchor_Gschwind_Langnau-am-Albis_2026-04-09_DSCF0285_HDR-1-768x576.jpg 768w, https:\/\/anchor-relocation.ch\/wp-content\/uploads\/2026\/04\/Anchor_Gschwind_Langnau-am-Albis_2026-04-09_DSCF0285_HDR-1-1536x1152.jpg 1536w, https:\/\/anchor-relocation.ch\/wp-content\/uploads\/2026\/04\/Anchor_Gschwind_Langnau-am-Albis_2026-04-09_DSCF0285_HDR-1-2048x1536.jpg 2048w, https:\/\/anchor-relocation.ch\/wp-content\/uploads\/2026\/04\/Anchor_Gschwind_Langnau-am-Albis_2026-04-09_DSCF0285_HDR-1-1500x1125.jpg 1500w, https:\/\/anchor-relocation.ch\/wp-content\/uploads\/2026\/04\/Anchor_Gschwind_Langnau-am-Albis_2026-04-09_DSCF0285_HDR-1-705x529.jpg 705w\" sizes=\"(max-width: 2500px) 100vw, 2500px\" \/><\/div><\/div><\/figure><\/a><!--end av-masonry entry--><a href=\"https:\/\/anchor-relocation.ch\/wp-content\/uploads\/2026\/04\/Anchor_Gschwind_Langnau-am-Albis_2026-04-09_DSCF0364_HDR-1-1030x773.jpg\" data-srcset=\"https:\/\/anchor-relocation.ch\/wp-content\/uploads\/2026\/04\/Anchor_Gschwind_Langnau-am-Albis_2026-04-09_DSCF0364_HDR-1-1030x773.jpg 1030w, https:\/\/anchor-relocation.ch\/wp-content\/uploads\/2026\/04\/Anchor_Gschwind_Langnau-am-Albis_2026-04-09_DSCF0364_HDR-1-300x225.jpg 300w, https:\/\/anchor-relocation.ch\/wp-content\/uploads\/2026\/04\/Anchor_Gschwind_Langnau-am-Albis_2026-04-09_DSCF0364_HDR-1-768x576.jpg 768w, https:\/\/anchor-relocation.ch\/wp-content\/uploads\/2026\/04\/Anchor_Gschwind_Langnau-am-Albis_2026-04-09_DSCF0364_HDR-1-1536x1152.jpg 1536w, https:\/\/anchor-relocation.ch\/wp-content\/uploads\/2026\/04\/Anchor_Gschwind_Langnau-am-Albis_2026-04-09_DSCF0364_HDR-1-2048x1536.jpg 2048w, https:\/\/anchor-relocation.ch\/wp-content\/uploads\/2026\/04\/Anchor_Gschwind_Langnau-am-Albis_2026-04-09_DSCF0364_HDR-1-1500x1125.jpg 1500w, https:\/\/anchor-relocation.ch\/wp-content\/uploads\/2026\/04\/Anchor_Gschwind_Langnau-am-Albis_2026-04-09_DSCF0364_HDR-1-705x529.jpg 705w\" data-sizes=\"(max-width: 1030px) 100vw, 1030px\"  aria-label=\"Bild Anker &#8211; Langnau am Albis\"  id='av-masonry-1-item-7480' data-av-masonry-item='7480' class='av-masonry-entry isotope-item post-7480 attachment type-attachment status-inherit hentry  av-masonry-item-with-image' title=\"\" alt=\"\"    itemprop=\"thumbnailUrl\" ><div class='av-inner-masonry-sizer'><\/div><figure class='av-inner-masonry main_color'><div class=\"av-masonry-outerimage-container\"><div class='av-masonry-image-container'  ><img decoding=\"async\" width=\"2500\" height=\"1875\" fetchpriority=\"high\" class=\"wp-image-7480 avia-img-lazy-loading-not-7480\"  src=\"https:\/\/anchor-relocation.ch\/wp-content\/uploads\/2026\/04\/Anchor_Gschwind_Langnau-am-Albis_2026-04-09_DSCF0364_HDR-1.jpg\" title=\"\" alt=\"\" srcset=\"https:\/\/anchor-relocation.ch\/wp-content\/uploads\/2026\/04\/Anchor_Gschwind_Langnau-am-Albis_2026-04-09_DSCF0364_HDR-1.jpg 2500w, https:\/\/anchor-relocation.ch\/wp-content\/uploads\/2026\/04\/Anchor_Gschwind_Langnau-am-Albis_2026-04-09_DSCF0364_HDR-1-300x225.jpg 300w, https:\/\/anchor-relocation.ch\/wp-content\/uploads\/2026\/04\/Anchor_Gschwind_Langnau-am-Albis_2026-04-09_DSCF0364_HDR-1-1030x773.jpg 1030w, https:\/\/anchor-relocation.ch\/wp-content\/uploads\/2026\/04\/Anchor_Gschwind_Langnau-am-Albis_2026-04-09_DSCF0364_HDR-1-768x576.jpg 768w, https:\/\/anchor-relocation.ch\/wp-content\/uploads\/2026\/04\/Anchor_Gschwind_Langnau-am-Albis_2026-04-09_DSCF0364_HDR-1-1536x1152.jpg 1536w, https:\/\/anchor-relocation.ch\/wp-content\/uploads\/2026\/04\/Anchor_Gschwind_Langnau-am-Albis_2026-04-09_DSCF0364_HDR-1-2048x1536.jpg 2048w, https:\/\/anchor-relocation.ch\/wp-content\/uploads\/2026\/04\/Anchor_Gschwind_Langnau-am-Albis_2026-04-09_DSCF0364_HDR-1-1500x1125.jpg 1500w, https:\/\/anchor-relocation.ch\/wp-content\/uploads\/2026\/04\/Anchor_Gschwind_Langnau-am-Albis_2026-04-09_DSCF0364_HDR-1-705x529.jpg 705w\" sizes=\"(max-width: 2500px) 100vw, 2500px\" \/><\/div><\/div><\/figure><\/a><!--end av-masonry entry--><a href=\"https:\/\/anchor-relocation.ch\/wp-content\/uploads\/2026\/04\/Anchor_Gschwind_Langnau-am-Albis_2026-04-09_DSCF0273_HDR-1-773x1030.jpg\" data-srcset=\"https:\/\/anchor-relocation.ch\/wp-content\/uploads\/2026\/04\/Anchor_Gschwind_Langnau-am-Albis_2026-04-09_DSCF0273_HDR-1-773x1030.jpg 773w, https:\/\/anchor-relocation.ch\/wp-content\/uploads\/2026\/04\/Anchor_Gschwind_Langnau-am-Albis_2026-04-09_DSCF0273_HDR-1-225x300.jpg 225w, https:\/\/anchor-relocation.ch\/wp-content\/uploads\/2026\/04\/Anchor_Gschwind_Langnau-am-Albis_2026-04-09_DSCF0273_HDR-1-768x1024.jpg 768w, https:\/\/anchor-relocation.ch\/wp-content\/uploads\/2026\/04\/Anchor_Gschwind_Langnau-am-Albis_2026-04-09_DSCF0273_HDR-1-1152x1536.jpg 1152w, https:\/\/anchor-relocation.ch\/wp-content\/uploads\/2026\/04\/Anchor_Gschwind_Langnau-am-Albis_2026-04-09_DSCF0273_HDR-1-1536x2048.jpg 1536w, https:\/\/anchor-relocation.ch\/wp-content\/uploads\/2026\/04\/Anchor_Gschwind_Langnau-am-Albis_2026-04-09_DSCF0273_HDR-1-1125x1500.jpg 1125w, https:\/\/anchor-relocation.ch\/wp-content\/uploads\/2026\/04\/Anchor_Gschwind_Langnau-am-Albis_2026-04-09_DSCF0273_HDR-1-529x705.jpg 529w, https:\/\/anchor-relocation.ch\/wp-content\/uploads\/2026\/04\/Anchor_Gschwind_Langnau-am-Albis_2026-04-09_DSCF0273_HDR-1.jpg 1875w\" data-sizes=\"(max-width: 773px) 100vw, 773px\"  aria-label=\"Bild Anker &#8211; Langnau am Albis\"  id='av-masonry-1-item-7476' data-av-masonry-item='7476' class='av-masonry-entry isotope-item post-7476 attachment type-attachment status-inherit hentry  av-masonry-item-with-image' title=\"\" alt=\"\"    itemprop=\"thumbnailUrl\" ><div class='av-inner-masonry-sizer'><\/div><figure class='av-inner-masonry main_color'><div class=\"av-masonry-outerimage-container\"><div class='av-masonry-image-container'  ><img decoding=\"async\" width=\"1875\" height=\"2500\" fetchpriority=\"high\" class=\"wp-image-7476 avia-img-lazy-loading-not-7476\"  src=\"https:\/\/anchor-relocation.ch\/wp-content\/uploads\/2026\/04\/Anchor_Gschwind_Langnau-am-Albis_2026-04-09_DSCF0273_HDR-1.jpg\" title=\"\" alt=\"\" srcset=\"https:\/\/anchor-relocation.ch\/wp-content\/uploads\/2026\/04\/Anchor_Gschwind_Langnau-am-Albis_2026-04-09_DSCF0273_HDR-1.jpg 1875w, https:\/\/anchor-relocation.ch\/wp-content\/uploads\/2026\/04\/Anchor_Gschwind_Langnau-am-Albis_2026-04-09_DSCF0273_HDR-1-225x300.jpg 225w, https:\/\/anchor-relocation.ch\/wp-content\/uploads\/2026\/04\/Anchor_Gschwind_Langnau-am-Albis_2026-04-09_DSCF0273_HDR-1-773x1030.jpg 773w, https:\/\/anchor-relocation.ch\/wp-content\/uploads\/2026\/04\/Anchor_Gschwind_Langnau-am-Albis_2026-04-09_DSCF0273_HDR-1-768x1024.jpg 768w, https:\/\/anchor-relocation.ch\/wp-content\/uploads\/2026\/04\/Anchor_Gschwind_Langnau-am-Albis_2026-04-09_DSCF0273_HDR-1-1152x1536.jpg 1152w, https:\/\/anchor-relocation.ch\/wp-content\/uploads\/2026\/04\/Anchor_Gschwind_Langnau-am-Albis_2026-04-09_DSCF0273_HDR-1-1536x2048.jpg 1536w, https:\/\/anchor-relocation.ch\/wp-content\/uploads\/2026\/04\/Anchor_Gschwind_Langnau-am-Albis_2026-04-09_DSCF0273_HDR-1-1125x1500.jpg 1125w, https:\/\/anchor-relocation.ch\/wp-content\/uploads\/2026\/04\/Anchor_Gschwind_Langnau-am-Albis_2026-04-09_DSCF0273_HDR-1-529x705.jpg 529w\" sizes=\"(max-width: 1875px) 100vw, 1875px\" \/><\/div><\/div><\/figure><\/a><!--end av-masonry entry--><a href=\"https:\/\/anchor-relocation.ch\/wp-content\/uploads\/2026\/04\/Anchor_Gschwind_Langnau-am-Albis_2026-04-09_DSCF0246_HDR-1-773x1030.jpg\" data-srcset=\"https:\/\/anchor-relocation.ch\/wp-content\/uploads\/2026\/04\/Anchor_Gschwind_Langnau-am-Albis_2026-04-09_DSCF0246_HDR-1-773x1030.jpg 773w, https:\/\/anchor-relocation.ch\/wp-content\/uploads\/2026\/04\/Anchor_Gschwind_Langnau-am-Albis_2026-04-09_DSCF0246_HDR-1-225x300.jpg 225w, https:\/\/anchor-relocation.ch\/wp-content\/uploads\/2026\/04\/Anchor_Gschwind_Langnau-am-Albis_2026-04-09_DSCF0246_HDR-1-768x1024.jpg 768w, https:\/\/anchor-relocation.ch\/wp-content\/uploads\/2026\/04\/Anchor_Gschwind_Langnau-am-Albis_2026-04-09_DSCF0246_HDR-1-1152x1536.jpg 1152w, https:\/\/anchor-relocation.ch\/wp-content\/uploads\/2026\/04\/Anchor_Gschwind_Langnau-am-Albis_2026-04-09_DSCF0246_HDR-1-1536x2048.jpg 1536w, https:\/\/anchor-relocation.ch\/wp-content\/uploads\/2026\/04\/Anchor_Gschwind_Langnau-am-Albis_2026-04-09_DSCF0246_HDR-1-1125x1500.jpg 1125w, https:\/\/anchor-relocation.ch\/wp-content\/uploads\/2026\/04\/Anchor_Gschwind_Langnau-am-Albis_2026-04-09_DSCF0246_HDR-1-529x705.jpg 529w, https:\/\/anchor-relocation.ch\/wp-content\/uploads\/2026\/04\/Anchor_Gschwind_Langnau-am-Albis_2026-04-09_DSCF0246_HDR-1.jpg 1875w\" data-sizes=\"(max-width: 773px) 100vw, 773px\"  aria-label=\"Bild Anker &#8211; Langnau am Albis\"  id='av-masonry-1-item-7475' data-av-masonry-item='7475' class='av-masonry-entry isotope-item post-7475 attachment type-attachment status-inherit hentry  av-masonry-item-with-image' title=\"\" alt=\"\"    itemprop=\"thumbnailUrl\" ><div class='av-inner-masonry-sizer'><\/div><figure class='av-inner-masonry main_color'><div class=\"av-masonry-outerimage-container\"><div class='av-masonry-image-container'  ><img decoding=\"async\" width=\"1875\" height=\"2500\" fetchpriority=\"high\" class=\"wp-image-7475 avia-img-lazy-loading-not-7475\"  src=\"https:\/\/anchor-relocation.ch\/wp-content\/uploads\/2026\/04\/Anchor_Gschwind_Langnau-am-Albis_2026-04-09_DSCF0246_HDR-1.jpg\" title=\"\" alt=\"\" srcset=\"https:\/\/anchor-relocation.ch\/wp-content\/uploads\/2026\/04\/Anchor_Gschwind_Langnau-am-Albis_2026-04-09_DSCF0246_HDR-1.jpg 1875w, https:\/\/anchor-relocation.ch\/wp-content\/uploads\/2026\/04\/Anchor_Gschwind_Langnau-am-Albis_2026-04-09_DSCF0246_HDR-1-225x300.jpg 225w, https:\/\/anchor-relocation.ch\/wp-content\/uploads\/2026\/04\/Anchor_Gschwind_Langnau-am-Albis_2026-04-09_DSCF0246_HDR-1-773x1030.jpg 773w, https:\/\/anchor-relocation.ch\/wp-content\/uploads\/2026\/04\/Anchor_Gschwind_Langnau-am-Albis_2026-04-09_DSCF0246_HDR-1-768x1024.jpg 768w, https:\/\/anchor-relocation.ch\/wp-content\/uploads\/2026\/04\/Anchor_Gschwind_Langnau-am-Albis_2026-04-09_DSCF0246_HDR-1-1152x1536.jpg 1152w, https:\/\/anchor-relocation.ch\/wp-content\/uploads\/2026\/04\/Anchor_Gschwind_Langnau-am-Albis_2026-04-09_DSCF0246_HDR-1-1536x2048.jpg 1536w, https:\/\/anchor-relocation.ch\/wp-content\/uploads\/2026\/04\/Anchor_Gschwind_Langnau-am-Albis_2026-04-09_DSCF0246_HDR-1-1125x1500.jpg 1125w, https:\/\/anchor-relocation.ch\/wp-content\/uploads\/2026\/04\/Anchor_Gschwind_Langnau-am-Albis_2026-04-09_DSCF0246_HDR-1-529x705.jpg 529w\" sizes=\"(max-width: 1875px) 100vw, 1875px\" \/><\/div><\/div><\/figure><\/a><!--end av-masonry entry--><a href=\"https:\/\/anchor-relocation.ch\/wp-content\/uploads\/2026\/04\/Anchor_Gschwind_Langnau-am-Albis_2026-04-09_IMG_2495-1-773x1030.jpg\" data-srcset=\"https:\/\/anchor-relocation.ch\/wp-content\/uploads\/2026\/04\/Anchor_Gschwind_Langnau-am-Albis_2026-04-09_IMG_2495-1-773x1030.jpg 773w, https:\/\/anchor-relocation.ch\/wp-content\/uploads\/2026\/04\/Anchor_Gschwind_Langnau-am-Albis_2026-04-09_IMG_2495-1-225x300.jpg 225w, https:\/\/anchor-relocation.ch\/wp-content\/uploads\/2026\/04\/Anchor_Gschwind_Langnau-am-Albis_2026-04-09_IMG_2495-1-768x1024.jpg 768w, https:\/\/anchor-relocation.ch\/wp-content\/uploads\/2026\/04\/Anchor_Gschwind_Langnau-am-Albis_2026-04-09_IMG_2495-1-1152x1536.jpg 1152w, https:\/\/anchor-relocation.ch\/wp-content\/uploads\/2026\/04\/Anchor_Gschwind_Langnau-am-Albis_2026-04-09_IMG_2495-1-1536x2048.jpg 1536w, https:\/\/anchor-relocation.ch\/wp-content\/uploads\/2026\/04\/Anchor_Gschwind_Langnau-am-Albis_2026-04-09_IMG_2495-1-1125x1500.jpg 1125w, https:\/\/anchor-relocation.ch\/wp-content\/uploads\/2026\/04\/Anchor_Gschwind_Langnau-am-Albis_2026-04-09_IMG_2495-1-529x705.jpg 529w, https:\/\/anchor-relocation.ch\/wp-content\/uploads\/2026\/04\/Anchor_Gschwind_Langnau-am-Albis_2026-04-09_IMG_2495-1.jpg 1875w\" data-sizes=\"(max-width: 773px) 100vw, 773px\"  aria-label=\"Bild Anker &#8211; Langnau am Albis\"  id='av-masonry-1-item-7495' data-av-masonry-item='7495' class='av-masonry-entry isotope-item post-7495 attachment type-attachment status-inherit hentry  av-masonry-item-with-image' title=\"\" alt=\"\"    itemprop=\"thumbnailUrl\" ><div class='av-inner-masonry-sizer'><\/div><figure class='av-inner-masonry main_color'><div class=\"av-masonry-outerimage-container\"><div class='av-masonry-image-container'  ><img decoding=\"async\" width=\"1875\" height=\"2500\" fetchpriority=\"high\" class=\"wp-image-7495 avia-img-lazy-loading-not-7495\"  src=\"https:\/\/anchor-relocation.ch\/wp-content\/uploads\/2026\/04\/Anchor_Gschwind_Langnau-am-Albis_2026-04-09_IMG_2495-1.jpg\" title=\"\" alt=\"\" srcset=\"https:\/\/anchor-relocation.ch\/wp-content\/uploads\/2026\/04\/Anchor_Gschwind_Langnau-am-Albis_2026-04-09_IMG_2495-1.jpg 1875w, https:\/\/anchor-relocation.ch\/wp-content\/uploads\/2026\/04\/Anchor_Gschwind_Langnau-am-Albis_2026-04-09_IMG_2495-1-225x300.jpg 225w, https:\/\/anchor-relocation.ch\/wp-content\/uploads\/2026\/04\/Anchor_Gschwind_Langnau-am-Albis_2026-04-09_IMG_2495-1-773x1030.jpg 773w, https:\/\/anchor-relocation.ch\/wp-content\/uploads\/2026\/04\/Anchor_Gschwind_Langnau-am-Albis_2026-04-09_IMG_2495-1-768x1024.jpg 768w, https:\/\/anchor-relocation.ch\/wp-content\/uploads\/2026\/04\/Anchor_Gschwind_Langnau-am-Albis_2026-04-09_IMG_2495-1-1152x1536.jpg 1152w, https:\/\/anchor-relocation.ch\/wp-content\/uploads\/2026\/04\/Anchor_Gschwind_Langnau-am-Albis_2026-04-09_IMG_2495-1-1536x2048.jpg 1536w, https:\/\/anchor-relocation.ch\/wp-content\/uploads\/2026\/04\/Anchor_Gschwind_Langnau-am-Albis_2026-04-09_IMG_2495-1-1125x1500.jpg 1125w, https:\/\/anchor-relocation.ch\/wp-content\/uploads\/2026\/04\/Anchor_Gschwind_Langnau-am-Albis_2026-04-09_IMG_2495-1-529x705.jpg 529w\" sizes=\"(max-width: 1875px) 100vw, 1875px\" \/><\/div><\/div><\/figure><\/a><!--end av-masonry entry--><a href=\"https:\/\/anchor-relocation.ch\/wp-content\/uploads\/2026\/04\/Anchor_Gschwind_Langnau-am-Albis_2026-04-09_IMG_2592-1-579x1030.jpg\" data-srcset=\"https:\/\/anchor-relocation.ch\/wp-content\/uploads\/2026\/04\/Anchor_Gschwind_Langnau-am-Albis_2026-04-09_IMG_2592-1-579x1030.jpg 579w, https:\/\/anchor-relocation.ch\/wp-content\/uploads\/2026\/04\/Anchor_Gschwind_Langnau-am-Albis_2026-04-09_IMG_2592-1-169x300.jpg 169w, https:\/\/anchor-relocation.ch\/wp-content\/uploads\/2026\/04\/Anchor_Gschwind_Langnau-am-Albis_2026-04-09_IMG_2592-1-768x1366.jpg 768w, https:\/\/anchor-relocation.ch\/wp-content\/uploads\/2026\/04\/Anchor_Gschwind_Langnau-am-Albis_2026-04-09_IMG_2592-1-864x1536.jpg 864w, https:\/\/anchor-relocation.ch\/wp-content\/uploads\/2026\/04\/Anchor_Gschwind_Langnau-am-Albis_2026-04-09_IMG_2592-1-1152x2048.jpg 1152w, https:\/\/anchor-relocation.ch\/wp-content\/uploads\/2026\/04\/Anchor_Gschwind_Langnau-am-Albis_2026-04-09_IMG_2592-1-844x1500.jpg 844w, https:\/\/anchor-relocation.ch\/wp-content\/uploads\/2026\/04\/Anchor_Gschwind_Langnau-am-Albis_2026-04-09_IMG_2592-1-396x705.jpg 396w, https:\/\/anchor-relocation.ch\/wp-content\/uploads\/2026\/04\/Anchor_Gschwind_Langnau-am-Albis_2026-04-09_IMG_2592-1.jpg 1406w\" data-sizes=\"(max-width: 579px) 100vw, 579px\"  aria-label=\"Bild Anker &#8211; Langnau am Albis\"  id='av-masonry-1-item-7498' data-av-masonry-item='7498' class='av-masonry-entry isotope-item post-7498 attachment type-attachment status-inherit hentry  av-masonry-item-with-image' title=\"\" alt=\"\"    itemprop=\"thumbnailUrl\" ><div class='av-inner-masonry-sizer'><\/div><figure class='av-inner-masonry main_color'><div class=\"av-masonry-outerimage-container\"><div class='av-masonry-image-container'  ><img decoding=\"async\" width=\"1406\" height=\"2500\" fetchpriority=\"high\" class=\"wp-image-7498 avia-img-lazy-loading-not-7498\"  src=\"https:\/\/anchor-relocation.ch\/wp-content\/uploads\/2026\/04\/Anchor_Gschwind_Langnau-am-Albis_2026-04-09_IMG_2592-1.jpg\" title=\"\" alt=\"\" srcset=\"https:\/\/anchor-relocation.ch\/wp-content\/uploads\/2026\/04\/Anchor_Gschwind_Langnau-am-Albis_2026-04-09_IMG_2592-1.jpg 1406w, https:\/\/anchor-relocation.ch\/wp-content\/uploads\/2026\/04\/Anchor_Gschwind_Langnau-am-Albis_2026-04-09_IMG_2592-1-169x300.jpg 169w, https:\/\/anchor-relocation.ch\/wp-content\/uploads\/2026\/04\/Anchor_Gschwind_Langnau-am-Albis_2026-04-09_IMG_2592-1-579x1030.jpg 579w, https:\/\/anchor-relocation.ch\/wp-content\/uploads\/2026\/04\/Anchor_Gschwind_Langnau-am-Albis_2026-04-09_IMG_2592-1-768x1366.jpg 768w, https:\/\/anchor-relocation.ch\/wp-content\/uploads\/2026\/04\/Anchor_Gschwind_Langnau-am-Albis_2026-04-09_IMG_2592-1-864x1536.jpg 864w, https:\/\/anchor-relocation.ch\/wp-content\/uploads\/2026\/04\/Anchor_Gschwind_Langnau-am-Albis_2026-04-09_IMG_2592-1-1152x2048.jpg 1152w, https:\/\/anchor-relocation.ch\/wp-content\/uploads\/2026\/04\/Anchor_Gschwind_Langnau-am-Albis_2026-04-09_IMG_2592-1-844x1500.jpg 844w, https:\/\/anchor-relocation.ch\/wp-content\/uploads\/2026\/04\/Anchor_Gschwind_Langnau-am-Albis_2026-04-09_IMG_2592-1-396x705.jpg 396w\" sizes=\"(max-width: 1406px) 100vw, 1406px\" \/><\/div><\/div><\/figure><\/a><!--end av-masonry entry--><a href=\"https:\/\/anchor-relocation.ch\/wp-content\/uploads\/2026\/04\/Anchor_Gschwind_Langnau-am-Albis_2026-04-09_DSCF0474_HDR-1-773x1030.jpg\" data-srcset=\"https:\/\/anchor-relocation.ch\/wp-content\/uploads\/2026\/04\/Anchor_Gschwind_Langnau-am-Albis_2026-04-09_DSCF0474_HDR-1-773x1030.jpg 773w, https:\/\/anchor-relocation.ch\/wp-content\/uploads\/2026\/04\/Anchor_Gschwind_Langnau-am-Albis_2026-04-09_DSCF0474_HDR-1-225x300.jpg 225w, https:\/\/anchor-relocation.ch\/wp-content\/uploads\/2026\/04\/Anchor_Gschwind_Langnau-am-Albis_2026-04-09_DSCF0474_HDR-1-768x1024.jpg 768w, https:\/\/anchor-relocation.ch\/wp-content\/uploads\/2026\/04\/Anchor_Gschwind_Langnau-am-Albis_2026-04-09_DSCF0474_HDR-1-1152x1536.jpg 1152w, https:\/\/anchor-relocation.ch\/wp-content\/uploads\/2026\/04\/Anchor_Gschwind_Langnau-am-Albis_2026-04-09_DSCF0474_HDR-1-1536x2048.jpg 1536w, https:\/\/anchor-relocation.ch\/wp-content\/uploads\/2026\/04\/Anchor_Gschwind_Langnau-am-Albis_2026-04-09_DSCF0474_HDR-1-1125x1500.jpg 1125w, https:\/\/anchor-relocation.ch\/wp-content\/uploads\/2026\/04\/Anchor_Gschwind_Langnau-am-Albis_2026-04-09_DSCF0474_HDR-1-529x705.jpg 529w, https:\/\/anchor-relocation.ch\/wp-content\/uploads\/2026\/04\/Anchor_Gschwind_Langnau-am-Albis_2026-04-09_DSCF0474_HDR-1.jpg 1875w\" data-sizes=\"(max-width: 773px) 100vw, 773px\"  aria-label=\"Bild Anker &#8211; Langnau am Albis\"  id='av-masonry-1-item-7484' data-av-masonry-item='7484' class='av-masonry-entry isotope-item post-7484 attachment type-attachment status-inherit hentry  av-masonry-item-with-image' title=\"\" alt=\"\"    itemprop=\"thumbnailUrl\" ><div class='av-inner-masonry-sizer'><\/div><figure class='av-inner-masonry main_color'><div class=\"av-masonry-outerimage-container\"><div class='av-masonry-image-container'  ><img decoding=\"async\" width=\"1875\" height=\"2500\" fetchpriority=\"high\" class=\"wp-image-7484 avia-img-lazy-loading-not-7484\"  src=\"https:\/\/anchor-relocation.ch\/wp-content\/uploads\/2026\/04\/Anchor_Gschwind_Langnau-am-Albis_2026-04-09_DSCF0474_HDR-1.jpg\" title=\"\" alt=\"\" srcset=\"https:\/\/anchor-relocation.ch\/wp-content\/uploads\/2026\/04\/Anchor_Gschwind_Langnau-am-Albis_2026-04-09_DSCF0474_HDR-1.jpg 1875w, https:\/\/anchor-relocation.ch\/wp-content\/uploads\/2026\/04\/Anchor_Gschwind_Langnau-am-Albis_2026-04-09_DSCF0474_HDR-1-225x300.jpg 225w, https:\/\/anchor-relocation.ch\/wp-content\/uploads\/2026\/04\/Anchor_Gschwind_Langnau-am-Albis_2026-04-09_DSCF0474_HDR-1-773x1030.jpg 773w, https:\/\/anchor-relocation.ch\/wp-content\/uploads\/2026\/04\/Anchor_Gschwind_Langnau-am-Albis_2026-04-09_DSCF0474_HDR-1-768x1024.jpg 768w, https:\/\/anchor-relocation.ch\/wp-content\/uploads\/2026\/04\/Anchor_Gschwind_Langnau-am-Albis_2026-04-09_DSCF0474_HDR-1-1152x1536.jpg 1152w, https:\/\/anchor-relocation.ch\/wp-content\/uploads\/2026\/04\/Anchor_Gschwind_Langnau-am-Albis_2026-04-09_DSCF0474_HDR-1-1536x2048.jpg 1536w, https:\/\/anchor-relocation.ch\/wp-content\/uploads\/2026\/04\/Anchor_Gschwind_Langnau-am-Albis_2026-04-09_DSCF0474_HDR-1-1125x1500.jpg 1125w, https:\/\/anchor-relocation.ch\/wp-content\/uploads\/2026\/04\/Anchor_Gschwind_Langnau-am-Albis_2026-04-09_DSCF0474_HDR-1-529x705.jpg 529w\" sizes=\"(max-width: 1875px) 100vw, 1875px\" \/><\/div><\/div><\/figure><\/a><!--end av-masonry entry--><a href=\"https:\/\/anchor-relocation.ch\/wp-content\/uploads\/2026\/04\/Anchor_Gschwind_Langnau-am-Albis_2026-04-09_DSCF0513_HDR-1-1030x773.jpg\" data-srcset=\"https:\/\/anchor-relocation.ch\/wp-content\/uploads\/2026\/04\/Anchor_Gschwind_Langnau-am-Albis_2026-04-09_DSCF0513_HDR-1-1030x773.jpg 1030w, https:\/\/anchor-relocation.ch\/wp-content\/uploads\/2026\/04\/Anchor_Gschwind_Langnau-am-Albis_2026-04-09_DSCF0513_HDR-1-300x225.jpg 300w, https:\/\/anchor-relocation.ch\/wp-content\/uploads\/2026\/04\/Anchor_Gschwind_Langnau-am-Albis_2026-04-09_DSCF0513_HDR-1-768x576.jpg 768w, https:\/\/anchor-relocation.ch\/wp-content\/uploads\/2026\/04\/Anchor_Gschwind_Langnau-am-Albis_2026-04-09_DSCF0513_HDR-1-1536x1152.jpg 1536w, https:\/\/anchor-relocation.ch\/wp-content\/uploads\/2026\/04\/Anchor_Gschwind_Langnau-am-Albis_2026-04-09_DSCF0513_HDR-1-2048x1536.jpg 2048w, https:\/\/anchor-relocation.ch\/wp-content\/uploads\/2026\/04\/Anchor_Gschwind_Langnau-am-Albis_2026-04-09_DSCF0513_HDR-1-1500x1125.jpg 1500w, https:\/\/anchor-relocation.ch\/wp-content\/uploads\/2026\/04\/Anchor_Gschwind_Langnau-am-Albis_2026-04-09_DSCF0513_HDR-1-705x529.jpg 705w\" data-sizes=\"(max-width: 1030px) 100vw, 1030px\"  aria-label=\"Bild Anker &#8211; Langnau am Albis\"  id='av-masonry-1-item-7485' data-av-masonry-item='7485' class='av-masonry-entry isotope-item post-7485 attachment type-attachment status-inherit hentry  av-masonry-item-with-image' title=\"\" alt=\"\"    itemprop=\"thumbnailUrl\" ><div class='av-inner-masonry-sizer'><\/div><figure class='av-inner-masonry main_color'><div class=\"av-masonry-outerimage-container\"><div class='av-masonry-image-container'  ><img decoding=\"async\" width=\"2500\" height=\"1875\" fetchpriority=\"high\" class=\"wp-image-7485 avia-img-lazy-loading-not-7485\"  src=\"https:\/\/anchor-relocation.ch\/wp-content\/uploads\/2026\/04\/Anchor_Gschwind_Langnau-am-Albis_2026-04-09_DSCF0513_HDR-1.jpg\" title=\"\" alt=\"\" srcset=\"https:\/\/anchor-relocation.ch\/wp-content\/uploads\/2026\/04\/Anchor_Gschwind_Langnau-am-Albis_2026-04-09_DSCF0513_HDR-1.jpg 2500w, https:\/\/anchor-relocation.ch\/wp-content\/uploads\/2026\/04\/Anchor_Gschwind_Langnau-am-Albis_2026-04-09_DSCF0513_HDR-1-300x225.jpg 300w, https:\/\/anchor-relocation.ch\/wp-content\/uploads\/2026\/04\/Anchor_Gschwind_Langnau-am-Albis_2026-04-09_DSCF0513_HDR-1-1030x773.jpg 1030w, https:\/\/anchor-relocation.ch\/wp-content\/uploads\/2026\/04\/Anchor_Gschwind_Langnau-am-Albis_2026-04-09_DSCF0513_HDR-1-768x576.jpg 768w, https:\/\/anchor-relocation.ch\/wp-content\/uploads\/2026\/04\/Anchor_Gschwind_Langnau-am-Albis_2026-04-09_DSCF0513_HDR-1-1536x1152.jpg 1536w, https:\/\/anchor-relocation.ch\/wp-content\/uploads\/2026\/04\/Anchor_Gschwind_Langnau-am-Albis_2026-04-09_DSCF0513_HDR-1-2048x1536.jpg 2048w, https:\/\/anchor-relocation.ch\/wp-content\/uploads\/2026\/04\/Anchor_Gschwind_Langnau-am-Albis_2026-04-09_DSCF0513_HDR-1-1500x1125.jpg 1500w, https:\/\/anchor-relocation.ch\/wp-content\/uploads\/2026\/04\/Anchor_Gschwind_Langnau-am-Albis_2026-04-09_DSCF0513_HDR-1-705x529.jpg 705w\" sizes=\"(max-width: 2500px) 100vw, 2500px\" \/><\/div><\/div><\/figure><\/a><!--end av-masonry entry--><a href=\"https:\/\/anchor-relocation.ch\/wp-content\/uploads\/2026\/04\/Anchor_Gschwind_Langnau-am-Albis_2026-04-09_DSCF0427_HDR-1-773x1030.jpg\" data-srcset=\"https:\/\/anchor-relocation.ch\/wp-content\/uploads\/2026\/04\/Anchor_Gschwind_Langnau-am-Albis_2026-04-09_DSCF0427_HDR-1-773x1030.jpg 773w, https:\/\/anchor-relocation.ch\/wp-content\/uploads\/2026\/04\/Anchor_Gschwind_Langnau-am-Albis_2026-04-09_DSCF0427_HDR-1-225x300.jpg 225w, https:\/\/anchor-relocation.ch\/wp-content\/uploads\/2026\/04\/Anchor_Gschwind_Langnau-am-Albis_2026-04-09_DSCF0427_HDR-1-768x1024.jpg 768w, https:\/\/anchor-relocation.ch\/wp-content\/uploads\/2026\/04\/Anchor_Gschwind_Langnau-am-Albis_2026-04-09_DSCF0427_HDR-1-1152x1536.jpg 1152w, https:\/\/anchor-relocation.ch\/wp-content\/uploads\/2026\/04\/Anchor_Gschwind_Langnau-am-Albis_2026-04-09_DSCF0427_HDR-1-1536x2048.jpg 1536w, https:\/\/anchor-relocation.ch\/wp-content\/uploads\/2026\/04\/Anchor_Gschwind_Langnau-am-Albis_2026-04-09_DSCF0427_HDR-1-1125x1500.jpg 1125w, https:\/\/anchor-relocation.ch\/wp-content\/uploads\/2026\/04\/Anchor_Gschwind_Langnau-am-Albis_2026-04-09_DSCF0427_HDR-1-529x705.jpg 529w, https:\/\/anchor-relocation.ch\/wp-content\/uploads\/2026\/04\/Anchor_Gschwind_Langnau-am-Albis_2026-04-09_DSCF0427_HDR-1.jpg 1875w\" data-sizes=\"(max-width: 773px) 100vw, 773px\"  aria-label=\"Bild Anker &#8211; Langnau am Albis\"  id='av-masonry-1-item-7483' data-av-masonry-item='7483' class='av-masonry-entry isotope-item post-7483 attachment type-attachment status-inherit hentry  av-masonry-item-with-image' title=\"\" alt=\"\"    itemprop=\"thumbnailUrl\" ><div class='av-inner-masonry-sizer'><\/div><figure class='av-inner-masonry main_color'><div class=\"av-masonry-outerimage-container\"><div class='av-masonry-image-container'  ><img decoding=\"async\" width=\"1875\" height=\"2500\" fetchpriority=\"high\" class=\"wp-image-7483 avia-img-lazy-loading-not-7483\"  src=\"https:\/\/anchor-relocation.ch\/wp-content\/uploads\/2026\/04\/Anchor_Gschwind_Langnau-am-Albis_2026-04-09_DSCF0427_HDR-1.jpg\" title=\"\" alt=\"\" srcset=\"https:\/\/anchor-relocation.ch\/wp-content\/uploads\/2026\/04\/Anchor_Gschwind_Langnau-am-Albis_2026-04-09_DSCF0427_HDR-1.jpg 1875w, https:\/\/anchor-relocation.ch\/wp-content\/uploads\/2026\/04\/Anchor_Gschwind_Langnau-am-Albis_2026-04-09_DSCF0427_HDR-1-225x300.jpg 225w, https:\/\/anchor-relocation.ch\/wp-content\/uploads\/2026\/04\/Anchor_Gschwind_Langnau-am-Albis_2026-04-09_DSCF0427_HDR-1-773x1030.jpg 773w, https:\/\/anchor-relocation.ch\/wp-content\/uploads\/2026\/04\/Anchor_Gschwind_Langnau-am-Albis_2026-04-09_DSCF0427_HDR-1-768x1024.jpg 768w, https:\/\/anchor-relocation.ch\/wp-content\/uploads\/2026\/04\/Anchor_Gschwind_Langnau-am-Albis_2026-04-09_DSCF0427_HDR-1-1152x1536.jpg 1152w, https:\/\/anchor-relocation.ch\/wp-content\/uploads\/2026\/04\/Anchor_Gschwind_Langnau-am-Albis_2026-04-09_DSCF0427_HDR-1-1536x2048.jpg 1536w, https:\/\/anchor-relocation.ch\/wp-content\/uploads\/2026\/04\/Anchor_Gschwind_Langnau-am-Albis_2026-04-09_DSCF0427_HDR-1-1125x1500.jpg 1125w, https:\/\/anchor-relocation.ch\/wp-content\/uploads\/2026\/04\/Anchor_Gschwind_Langnau-am-Albis_2026-04-09_DSCF0427_HDR-1-529x705.jpg 529w\" sizes=\"(max-width: 1875px) 100vw, 1875px\" \/><\/div><\/div><\/figure><\/a><!--end av-masonry entry--><a href=\"https:\/\/anchor-relocation.ch\/wp-content\/uploads\/2026\/04\/Anchor_Gschwind_Langnau-am-Albis_2026-04-09_IMG_2686-1-579x1030.jpg\" data-srcset=\"https:\/\/anchor-relocation.ch\/wp-content\/uploads\/2026\/04\/Anchor_Gschwind_Langnau-am-Albis_2026-04-09_IMG_2686-1-579x1030.jpg 579w, https:\/\/anchor-relocation.ch\/wp-content\/uploads\/2026\/04\/Anchor_Gschwind_Langnau-am-Albis_2026-04-09_IMG_2686-1-169x300.jpg 169w, https:\/\/anchor-relocation.ch\/wp-content\/uploads\/2026\/04\/Anchor_Gschwind_Langnau-am-Albis_2026-04-09_IMG_2686-1-768x1366.jpg 768w, https:\/\/anchor-relocation.ch\/wp-content\/uploads\/2026\/04\/Anchor_Gschwind_Langnau-am-Albis_2026-04-09_IMG_2686-1-864x1536.jpg 864w, https:\/\/anchor-relocation.ch\/wp-content\/uploads\/2026\/04\/Anchor_Gschwind_Langnau-am-Albis_2026-04-09_IMG_2686-1-1152x2048.jpg 1152w, https:\/\/anchor-relocation.ch\/wp-content\/uploads\/2026\/04\/Anchor_Gschwind_Langnau-am-Albis_2026-04-09_IMG_2686-1-844x1500.jpg 844w, https:\/\/anchor-relocation.ch\/wp-content\/uploads\/2026\/04\/Anchor_Gschwind_Langnau-am-Albis_2026-04-09_IMG_2686-1-396x705.jpg 396w, https:\/\/anchor-relocation.ch\/wp-content\/uploads\/2026\/04\/Anchor_Gschwind_Langnau-am-Albis_2026-04-09_IMG_2686-1.jpg 1406w\" data-sizes=\"(max-width: 579px) 100vw, 579px\"  aria-label=\"Bild Anker &#8211; Langnau am Albis\"  id='av-masonry-1-item-7499' data-av-masonry-item='7499' class='av-masonry-entry isotope-item post-7499 attachment type-attachment status-inherit hentry  av-masonry-item-with-image' title=\"\" alt=\"\"    itemprop=\"thumbnailUrl\" ><div class='av-inner-masonry-sizer'><\/div><figure class='av-inner-masonry main_color'><div class=\"av-masonry-outerimage-container\"><div class='av-masonry-image-container'  ><img decoding=\"async\" width=\"1406\" height=\"2500\" fetchpriority=\"high\" class=\"wp-image-7499 avia-img-lazy-loading-not-7499\"  src=\"https:\/\/anchor-relocation.ch\/wp-content\/uploads\/2026\/04\/Anchor_Gschwind_Langnau-am-Albis_2026-04-09_IMG_2686-1.jpg\" title=\"\" alt=\"\" srcset=\"https:\/\/anchor-relocation.ch\/wp-content\/uploads\/2026\/04\/Anchor_Gschwind_Langnau-am-Albis_2026-04-09_IMG_2686-1.jpg 1406w, https:\/\/anchor-relocation.ch\/wp-content\/uploads\/2026\/04\/Anchor_Gschwind_Langnau-am-Albis_2026-04-09_IMG_2686-1-169x300.jpg 169w, https:\/\/anchor-relocation.ch\/wp-content\/uploads\/2026\/04\/Anchor_Gschwind_Langnau-am-Albis_2026-04-09_IMG_2686-1-579x1030.jpg 579w, https:\/\/anchor-relocation.ch\/wp-content\/uploads\/2026\/04\/Anchor_Gschwind_Langnau-am-Albis_2026-04-09_IMG_2686-1-768x1366.jpg 768w, https:\/\/anchor-relocation.ch\/wp-content\/uploads\/2026\/04\/Anchor_Gschwind_Langnau-am-Albis_2026-04-09_IMG_2686-1-864x1536.jpg 864w, https:\/\/anchor-relocation.ch\/wp-content\/uploads\/2026\/04\/Anchor_Gschwind_Langnau-am-Albis_2026-04-09_IMG_2686-1-1152x2048.jpg 1152w, https:\/\/anchor-relocation.ch\/wp-content\/uploads\/2026\/04\/Anchor_Gschwind_Langnau-am-Albis_2026-04-09_IMG_2686-1-844x1500.jpg 844w, https:\/\/anchor-relocation.ch\/wp-content\/uploads\/2026\/04\/Anchor_Gschwind_Langnau-am-Albis_2026-04-09_IMG_2686-1-396x705.jpg 396w\" sizes=\"(max-width: 1406px) 100vw, 1406px\" \/><\/div><\/div><\/figure><\/a><!--end av-masonry entry--><a href=\"https:\/\/anchor-relocation.ch\/wp-content\/uploads\/2026\/04\/Anchor_Gschwind_Langnau-am-Albis_2026-04-09_DSCF0594_HDR-1-773x1030.jpg\" data-srcset=\"https:\/\/anchor-relocation.ch\/wp-content\/uploads\/2026\/04\/Anchor_Gschwind_Langnau-am-Albis_2026-04-09_DSCF0594_HDR-1-773x1030.jpg 773w, https:\/\/anchor-relocation.ch\/wp-content\/uploads\/2026\/04\/Anchor_Gschwind_Langnau-am-Albis_2026-04-09_DSCF0594_HDR-1-225x300.jpg 225w, https:\/\/anchor-relocation.ch\/wp-content\/uploads\/2026\/04\/Anchor_Gschwind_Langnau-am-Albis_2026-04-09_DSCF0594_HDR-1-768x1024.jpg 768w, https:\/\/anchor-relocation.ch\/wp-content\/uploads\/2026\/04\/Anchor_Gschwind_Langnau-am-Albis_2026-04-09_DSCF0594_HDR-1-1152x1536.jpg 1152w, https:\/\/anchor-relocation.ch\/wp-content\/uploads\/2026\/04\/Anchor_Gschwind_Langnau-am-Albis_2026-04-09_DSCF0594_HDR-1-1536x2048.jpg 1536w, https:\/\/anchor-relocation.ch\/wp-content\/uploads\/2026\/04\/Anchor_Gschwind_Langnau-am-Albis_2026-04-09_DSCF0594_HDR-1-1125x1500.jpg 1125w, https:\/\/anchor-relocation.ch\/wp-content\/uploads\/2026\/04\/Anchor_Gschwind_Langnau-am-Albis_2026-04-09_DSCF0594_HDR-1-529x705.jpg 529w, https:\/\/anchor-relocation.ch\/wp-content\/uploads\/2026\/04\/Anchor_Gschwind_Langnau-am-Albis_2026-04-09_DSCF0594_HDR-1.jpg 1875w\" data-sizes=\"(max-width: 773px) 100vw, 773px\"  aria-label=\"Bild Anker &#8211; Langnau am Albis\"  id='av-masonry-1-item-7489' data-av-masonry-item='7489' class='av-masonry-entry isotope-item post-7489 attachment type-attachment status-inherit hentry  av-masonry-item-with-image' title=\"\" alt=\"\"    itemprop=\"thumbnailUrl\" ><div class='av-inner-masonry-sizer'><\/div><figure class='av-inner-masonry main_color'><div class=\"av-masonry-outerimage-container\"><div class='av-masonry-image-container'  ><img decoding=\"async\" width=\"1875\" height=\"2500\" fetchpriority=\"high\" class=\"wp-image-7489 avia-img-lazy-loading-not-7489\"  src=\"https:\/\/anchor-relocation.ch\/wp-content\/uploads\/2026\/04\/Anchor_Gschwind_Langnau-am-Albis_2026-04-09_DSCF0594_HDR-1.jpg\" title=\"\" alt=\"\" srcset=\"https:\/\/anchor-relocation.ch\/wp-content\/uploads\/2026\/04\/Anchor_Gschwind_Langnau-am-Albis_2026-04-09_DSCF0594_HDR-1.jpg 1875w, https:\/\/anchor-relocation.ch\/wp-content\/uploads\/2026\/04\/Anchor_Gschwind_Langnau-am-Albis_2026-04-09_DSCF0594_HDR-1-225x300.jpg 225w, https:\/\/anchor-relocation.ch\/wp-content\/uploads\/2026\/04\/Anchor_Gschwind_Langnau-am-Albis_2026-04-09_DSCF0594_HDR-1-773x1030.jpg 773w, https:\/\/anchor-relocation.ch\/wp-content\/uploads\/2026\/04\/Anchor_Gschwind_Langnau-am-Albis_2026-04-09_DSCF0594_HDR-1-768x1024.jpg 768w, https:\/\/anchor-relocation.ch\/wp-content\/uploads\/2026\/04\/Anchor_Gschwind_Langnau-am-Albis_2026-04-09_DSCF0594_HDR-1-1152x1536.jpg 1152w, https:\/\/anchor-relocation.ch\/wp-content\/uploads\/2026\/04\/Anchor_Gschwind_Langnau-am-Albis_2026-04-09_DSCF0594_HDR-1-1536x2048.jpg 1536w, https:\/\/anchor-relocation.ch\/wp-content\/uploads\/2026\/04\/Anchor_Gschwind_Langnau-am-Albis_2026-04-09_DSCF0594_HDR-1-1125x1500.jpg 1125w, https:\/\/anchor-relocation.ch\/wp-content\/uploads\/2026\/04\/Anchor_Gschwind_Langnau-am-Albis_2026-04-09_DSCF0594_HDR-1-529x705.jpg 529w\" sizes=\"(max-width: 1875px) 100vw, 1875px\" \/><\/div><\/div><\/figure><\/a><!--end av-masonry entry--><a href=\"https:\/\/anchor-relocation.ch\/wp-content\/uploads\/2026\/04\/Anchor_Gschwind_Langnau-am-Albis_2026-04-09_IMG_2555-1-579x1030.jpg\" data-srcset=\"https:\/\/anchor-relocation.ch\/wp-content\/uploads\/2026\/04\/Anchor_Gschwind_Langnau-am-Albis_2026-04-09_IMG_2555-1-579x1030.jpg 579w, https:\/\/anchor-relocation.ch\/wp-content\/uploads\/2026\/04\/Anchor_Gschwind_Langnau-am-Albis_2026-04-09_IMG_2555-1-169x300.jpg 169w, https:\/\/anchor-relocation.ch\/wp-content\/uploads\/2026\/04\/Anchor_Gschwind_Langnau-am-Albis_2026-04-09_IMG_2555-1-768x1366.jpg 768w, https:\/\/anchor-relocation.ch\/wp-content\/uploads\/2026\/04\/Anchor_Gschwind_Langnau-am-Albis_2026-04-09_IMG_2555-1-864x1536.jpg 864w, https:\/\/anchor-relocation.ch\/wp-content\/uploads\/2026\/04\/Anchor_Gschwind_Langnau-am-Albis_2026-04-09_IMG_2555-1-1152x2048.jpg 1152w, https:\/\/anchor-relocation.ch\/wp-content\/uploads\/2026\/04\/Anchor_Gschwind_Langnau-am-Albis_2026-04-09_IMG_2555-1-844x1500.jpg 844w, https:\/\/anchor-relocation.ch\/wp-content\/uploads\/2026\/04\/Anchor_Gschwind_Langnau-am-Albis_2026-04-09_IMG_2555-1-396x705.jpg 396w, https:\/\/anchor-relocation.ch\/wp-content\/uploads\/2026\/04\/Anchor_Gschwind_Langnau-am-Albis_2026-04-09_IMG_2555-1.jpg 1406w\" data-sizes=\"(max-width: 579px) 100vw, 579px\"  aria-label=\"Bild Anker &#8211; Langnau am Albis\"  id='av-masonry-1-item-7497' data-av-masonry-item='7497' class='av-masonry-entry isotope-item post-7497 attachment type-attachment status-inherit hentry  av-masonry-item-with-image' title=\"\" alt=\"\"    itemprop=\"thumbnailUrl\" ><div class='av-inner-masonry-sizer'><\/div><figure class='av-inner-masonry main_color'><div class=\"av-masonry-outerimage-container\"><div class='av-masonry-image-container'  ><img decoding=\"async\" width=\"1406\" height=\"2500\" fetchpriority=\"high\" class=\"wp-image-7497 avia-img-lazy-loading-not-7497\"  src=\"https:\/\/anchor-relocation.ch\/wp-content\/uploads\/2026\/04\/Anchor_Gschwind_Langnau-am-Albis_2026-04-09_IMG_2555-1.jpg\" title=\"\" alt=\"\" srcset=\"https:\/\/anchor-relocation.ch\/wp-content\/uploads\/2026\/04\/Anchor_Gschwind_Langnau-am-Albis_2026-04-09_IMG_2555-1.jpg 1406w, https:\/\/anchor-relocation.ch\/wp-content\/uploads\/2026\/04\/Anchor_Gschwind_Langnau-am-Albis_2026-04-09_IMG_2555-1-169x300.jpg 169w, https:\/\/anchor-relocation.ch\/wp-content\/uploads\/2026\/04\/Anchor_Gschwind_Langnau-am-Albis_2026-04-09_IMG_2555-1-579x1030.jpg 579w, https:\/\/anchor-relocation.ch\/wp-content\/uploads\/2026\/04\/Anchor_Gschwind_Langnau-am-Albis_2026-04-09_IMG_2555-1-768x1366.jpg 768w, https:\/\/anchor-relocation.ch\/wp-content\/uploads\/2026\/04\/Anchor_Gschwind_Langnau-am-Albis_2026-04-09_IMG_2555-1-864x1536.jpg 864w, https:\/\/anchor-relocation.ch\/wp-content\/uploads\/2026\/04\/Anchor_Gschwind_Langnau-am-Albis_2026-04-09_IMG_2555-1-1152x2048.jpg 1152w, https:\/\/anchor-relocation.ch\/wp-content\/uploads\/2026\/04\/Anchor_Gschwind_Langnau-am-Albis_2026-04-09_IMG_2555-1-844x1500.jpg 844w, https:\/\/anchor-relocation.ch\/wp-content\/uploads\/2026\/04\/Anchor_Gschwind_Langnau-am-Albis_2026-04-09_IMG_2555-1-396x705.jpg 396w\" sizes=\"(max-width: 1406px) 100vw, 1406px\" \/><\/div><\/div><\/figure><\/a><!--end av-masonry entry--><a href=\"https:\/\/anchor-relocation.ch\/wp-content\/uploads\/2026\/04\/Anchor_Gschwind_Langnau-am-Albis_2026-04-09_DSCF0576_HDR-1-773x1030.jpg\" data-srcset=\"https:\/\/anchor-relocation.ch\/wp-content\/uploads\/2026\/04\/Anchor_Gschwind_Langnau-am-Albis_2026-04-09_DSCF0576_HDR-1-773x1030.jpg 773w, https:\/\/anchor-relocation.ch\/wp-content\/uploads\/2026\/04\/Anchor_Gschwind_Langnau-am-Albis_2026-04-09_DSCF0576_HDR-1-225x300.jpg 225w, https:\/\/anchor-relocation.ch\/wp-content\/uploads\/2026\/04\/Anchor_Gschwind_Langnau-am-Albis_2026-04-09_DSCF0576_HDR-1-768x1024.jpg 768w, https:\/\/anchor-relocation.ch\/wp-content\/uploads\/2026\/04\/Anchor_Gschwind_Langnau-am-Albis_2026-04-09_DSCF0576_HDR-1-1152x1536.jpg 1152w, https:\/\/anchor-relocation.ch\/wp-content\/uploads\/2026\/04\/Anchor_Gschwind_Langnau-am-Albis_2026-04-09_DSCF0576_HDR-1-1536x2048.jpg 1536w, https:\/\/anchor-relocation.ch\/wp-content\/uploads\/2026\/04\/Anchor_Gschwind_Langnau-am-Albis_2026-04-09_DSCF0576_HDR-1-1125x1500.jpg 1125w, https:\/\/anchor-relocation.ch\/wp-content\/uploads\/2026\/04\/Anchor_Gschwind_Langnau-am-Albis_2026-04-09_DSCF0576_HDR-1-529x705.jpg 529w, https:\/\/anchor-relocation.ch\/wp-content\/uploads\/2026\/04\/Anchor_Gschwind_Langnau-am-Albis_2026-04-09_DSCF0576_HDR-1.jpg 1875w\" data-sizes=\"(max-width: 773px) 100vw, 773px\"  aria-label=\"Bild Anker &#8211; Langnau am Albis\"  id='av-masonry-1-item-7488' data-av-masonry-item='7488' class='av-masonry-entry isotope-item post-7488 attachment type-attachment status-inherit hentry  av-masonry-item-with-image' title=\"\" alt=\"\"    itemprop=\"thumbnailUrl\" ><div class='av-inner-masonry-sizer'><\/div><figure class='av-inner-masonry main_color'><div class=\"av-masonry-outerimage-container\"><div class='av-masonry-image-container'  ><img decoding=\"async\" width=\"1875\" height=\"2500\" fetchpriority=\"high\" class=\"wp-image-7488 avia-img-lazy-loading-not-7488\"  src=\"https:\/\/anchor-relocation.ch\/wp-content\/uploads\/2026\/04\/Anchor_Gschwind_Langnau-am-Albis_2026-04-09_DSCF0576_HDR-1.jpg\" title=\"\" alt=\"\" srcset=\"https:\/\/anchor-relocation.ch\/wp-content\/uploads\/2026\/04\/Anchor_Gschwind_Langnau-am-Albis_2026-04-09_DSCF0576_HDR-1.jpg 1875w, https:\/\/anchor-relocation.ch\/wp-content\/uploads\/2026\/04\/Anchor_Gschwind_Langnau-am-Albis_2026-04-09_DSCF0576_HDR-1-225x300.jpg 225w, https:\/\/anchor-relocation.ch\/wp-content\/uploads\/2026\/04\/Anchor_Gschwind_Langnau-am-Albis_2026-04-09_DSCF0576_HDR-1-773x1030.jpg 773w, https:\/\/anchor-relocation.ch\/wp-content\/uploads\/2026\/04\/Anchor_Gschwind_Langnau-am-Albis_2026-04-09_DSCF0576_HDR-1-768x1024.jpg 768w, https:\/\/anchor-relocation.ch\/wp-content\/uploads\/2026\/04\/Anchor_Gschwind_Langnau-am-Albis_2026-04-09_DSCF0576_HDR-1-1152x1536.jpg 1152w, https:\/\/anchor-relocation.ch\/wp-content\/uploads\/2026\/04\/Anchor_Gschwind_Langnau-am-Albis_2026-04-09_DSCF0576_HDR-1-1536x2048.jpg 1536w, https:\/\/anchor-relocation.ch\/wp-content\/uploads\/2026\/04\/Anchor_Gschwind_Langnau-am-Albis_2026-04-09_DSCF0576_HDR-1-1125x1500.jpg 1125w, https:\/\/anchor-relocation.ch\/wp-content\/uploads\/2026\/04\/Anchor_Gschwind_Langnau-am-Albis_2026-04-09_DSCF0576_HDR-1-529x705.jpg 529w\" sizes=\"(max-width: 1875px) 100vw, 1875px\" \/><\/div><\/div><\/figure><\/a><!--end av-masonry entry--><a href=\"https:\/\/anchor-relocation.ch\/wp-content\/uploads\/2026\/04\/Anchor_Gschwind_Langnau-am-Albis_2026-04-09_IMG_2768-1-579x1030.jpg\" data-srcset=\"https:\/\/anchor-relocation.ch\/wp-content\/uploads\/2026\/04\/Anchor_Gschwind_Langnau-am-Albis_2026-04-09_IMG_2768-1-579x1030.jpg 579w, https:\/\/anchor-relocation.ch\/wp-content\/uploads\/2026\/04\/Anchor_Gschwind_Langnau-am-Albis_2026-04-09_IMG_2768-1-169x300.jpg 169w, https:\/\/anchor-relocation.ch\/wp-content\/uploads\/2026\/04\/Anchor_Gschwind_Langnau-am-Albis_2026-04-09_IMG_2768-1-768x1366.jpg 768w, https:\/\/anchor-relocation.ch\/wp-content\/uploads\/2026\/04\/Anchor_Gschwind_Langnau-am-Albis_2026-04-09_IMG_2768-1-864x1536.jpg 864w, https:\/\/anchor-relocation.ch\/wp-content\/uploads\/2026\/04\/Anchor_Gschwind_Langnau-am-Albis_2026-04-09_IMG_2768-1-1152x2048.jpg 1152w, https:\/\/anchor-relocation.ch\/wp-content\/uploads\/2026\/04\/Anchor_Gschwind_Langnau-am-Albis_2026-04-09_IMG_2768-1-844x1500.jpg 844w, https:\/\/anchor-relocation.ch\/wp-content\/uploads\/2026\/04\/Anchor_Gschwind_Langnau-am-Albis_2026-04-09_IMG_2768-1-396x705.jpg 396w, https:\/\/anchor-relocation.ch\/wp-content\/uploads\/2026\/04\/Anchor_Gschwind_Langnau-am-Albis_2026-04-09_IMG_2768-1.jpg 1406w\" data-sizes=\"(max-width: 579px) 100vw, 579px\"  aria-label=\"Bild Anker &#8211; Langnau am Albis\"  id='av-masonry-1-item-7500' data-av-masonry-item='7500' class='av-masonry-entry isotope-item post-7500 attachment type-attachment status-inherit hentry  av-masonry-item-with-image' title=\"\" alt=\"\"    itemprop=\"thumbnailUrl\" ><div class='av-inner-masonry-sizer'><\/div><figure class='av-inner-masonry main_color'><div class=\"av-masonry-outerimage-container\"><div class='av-masonry-image-container'  ><img decoding=\"async\" width=\"1406\" height=\"2500\" fetchpriority=\"high\" class=\"wp-image-7500 avia-img-lazy-loading-not-7500\"  src=\"https:\/\/anchor-relocation.ch\/wp-content\/uploads\/2026\/04\/Anchor_Gschwind_Langnau-am-Albis_2026-04-09_IMG_2768-1.jpg\" title=\"\" alt=\"\" srcset=\"https:\/\/anchor-relocation.ch\/wp-content\/uploads\/2026\/04\/Anchor_Gschwind_Langnau-am-Albis_2026-04-09_IMG_2768-1.jpg 1406w, https:\/\/anchor-relocation.ch\/wp-content\/uploads\/2026\/04\/Anchor_Gschwind_Langnau-am-Albis_2026-04-09_IMG_2768-1-169x300.jpg 169w, https:\/\/anchor-relocation.ch\/wp-content\/uploads\/2026\/04\/Anchor_Gschwind_Langnau-am-Albis_2026-04-09_IMG_2768-1-579x1030.jpg 579w, https:\/\/anchor-relocation.ch\/wp-content\/uploads\/2026\/04\/Anchor_Gschwind_Langnau-am-Albis_2026-04-09_IMG_2768-1-768x1366.jpg 768w, https:\/\/anchor-relocation.ch\/wp-content\/uploads\/2026\/04\/Anchor_Gschwind_Langnau-am-Albis_2026-04-09_IMG_2768-1-864x1536.jpg 864w, https:\/\/anchor-relocation.ch\/wp-content\/uploads\/2026\/04\/Anchor_Gschwind_Langnau-am-Albis_2026-04-09_IMG_2768-1-1152x2048.jpg 1152w, https:\/\/anchor-relocation.ch\/wp-content\/uploads\/2026\/04\/Anchor_Gschwind_Langnau-am-Albis_2026-04-09_IMG_2768-1-844x1500.jpg 844w, https:\/\/anchor-relocation.ch\/wp-content\/uploads\/2026\/04\/Anchor_Gschwind_Langnau-am-Albis_2026-04-09_IMG_2768-1-396x705.jpg 396w\" sizes=\"(max-width: 1406px) 100vw, 1406px\" \/><\/div><\/div><\/figure><\/a><!--end av-masonry entry--><a href=\"https:\/\/anchor-relocation.ch\/wp-content\/uploads\/2026\/04\/Anchor_Gschwind_Langnau-am-Albis_2026-04-09_DSCF0681_HDR-1-773x1030.jpg\" data-srcset=\"https:\/\/anchor-relocation.ch\/wp-content\/uploads\/2026\/04\/Anchor_Gschwind_Langnau-am-Albis_2026-04-09_DSCF0681_HDR-1-773x1030.jpg 773w, https:\/\/anchor-relocation.ch\/wp-content\/uploads\/2026\/04\/Anchor_Gschwind_Langnau-am-Albis_2026-04-09_DSCF0681_HDR-1-225x300.jpg 225w, https:\/\/anchor-relocation.ch\/wp-content\/uploads\/2026\/04\/Anchor_Gschwind_Langnau-am-Albis_2026-04-09_DSCF0681_HDR-1-768x1024.jpg 768w, https:\/\/anchor-relocation.ch\/wp-content\/uploads\/2026\/04\/Anchor_Gschwind_Langnau-am-Albis_2026-04-09_DSCF0681_HDR-1-1152x1536.jpg 1152w, https:\/\/anchor-relocation.ch\/wp-content\/uploads\/2026\/04\/Anchor_Gschwind_Langnau-am-Albis_2026-04-09_DSCF0681_HDR-1-1536x2048.jpg 1536w, https:\/\/anchor-relocation.ch\/wp-content\/uploads\/2026\/04\/Anchor_Gschwind_Langnau-am-Albis_2026-04-09_DSCF0681_HDR-1-1125x1500.jpg 1125w, https:\/\/anchor-relocation.ch\/wp-content\/uploads\/2026\/04\/Anchor_Gschwind_Langnau-am-Albis_2026-04-09_DSCF0681_HDR-1-529x705.jpg 529w, https:\/\/anchor-relocation.ch\/wp-content\/uploads\/2026\/04\/Anchor_Gschwind_Langnau-am-Albis_2026-04-09_DSCF0681_HDR-1.jpg 1875w\" data-sizes=\"(max-width: 773px) 100vw, 773px\"  aria-label=\"Bild Anker &#8211; Langnau am Albis\"  id='av-masonry-1-item-7492' data-av-masonry-item='7492' class='av-masonry-entry isotope-item post-7492 attachment type-attachment status-inherit hentry  av-masonry-item-with-image' title=\"\" alt=\"\"    itemprop=\"thumbnailUrl\" ><div class='av-inner-masonry-sizer'><\/div><figure class='av-inner-masonry main_color'><div class=\"av-masonry-outerimage-container\"><div class='av-masonry-image-container'  ><img decoding=\"async\" width=\"1875\" height=\"2500\" fetchpriority=\"high\" class=\"wp-image-7492 avia-img-lazy-loading-not-7492\"  src=\"https:\/\/anchor-relocation.ch\/wp-content\/uploads\/2026\/04\/Anchor_Gschwind_Langnau-am-Albis_2026-04-09_DSCF0681_HDR-1.jpg\" title=\"\" alt=\"\" srcset=\"https:\/\/anchor-relocation.ch\/wp-content\/uploads\/2026\/04\/Anchor_Gschwind_Langnau-am-Albis_2026-04-09_DSCF0681_HDR-1.jpg 1875w, https:\/\/anchor-relocation.ch\/wp-content\/uploads\/2026\/04\/Anchor_Gschwind_Langnau-am-Albis_2026-04-09_DSCF0681_HDR-1-225x300.jpg 225w, https:\/\/anchor-relocation.ch\/wp-content\/uploads\/2026\/04\/Anchor_Gschwind_Langnau-am-Albis_2026-04-09_DSCF0681_HDR-1-773x1030.jpg 773w, https:\/\/anchor-relocation.ch\/wp-content\/uploads\/2026\/04\/Anchor_Gschwind_Langnau-am-Albis_2026-04-09_DSCF0681_HDR-1-768x1024.jpg 768w, https:\/\/anchor-relocation.ch\/wp-content\/uploads\/2026\/04\/Anchor_Gschwind_Langnau-am-Albis_2026-04-09_DSCF0681_HDR-1-1152x1536.jpg 1152w, https:\/\/anchor-relocation.ch\/wp-content\/uploads\/2026\/04\/Anchor_Gschwind_Langnau-am-Albis_2026-04-09_DSCF0681_HDR-1-1536x2048.jpg 1536w, https:\/\/anchor-relocation.ch\/wp-content\/uploads\/2026\/04\/Anchor_Gschwind_Langnau-am-Albis_2026-04-09_DSCF0681_HDR-1-1125x1500.jpg 1125w, https:\/\/anchor-relocation.ch\/wp-content\/uploads\/2026\/04\/Anchor_Gschwind_Langnau-am-Albis_2026-04-09_DSCF0681_HDR-1-529x705.jpg 529w\" sizes=\"(max-width: 1875px) 100vw, 1875px\" \/><\/div><\/div><\/figure><\/a><!--end av-masonry entry--><a href=\"https:\/\/anchor-relocation.ch\/wp-content\/uploads\/2026\/04\/Anchor_Gschwind_Langnau-am-Albis_2026-04-09_DSCF0648_HDR-1-773x1030.jpg\" data-srcset=\"https:\/\/anchor-relocation.ch\/wp-content\/uploads\/2026\/04\/Anchor_Gschwind_Langnau-am-Albis_2026-04-09_DSCF0648_HDR-1-773x1030.jpg 773w, https:\/\/anchor-relocation.ch\/wp-content\/uploads\/2026\/04\/Anchor_Gschwind_Langnau-am-Albis_2026-04-09_DSCF0648_HDR-1-225x300.jpg 225w, https:\/\/anchor-relocation.ch\/wp-content\/uploads\/2026\/04\/Anchor_Gschwind_Langnau-am-Albis_2026-04-09_DSCF0648_HDR-1-768x1024.jpg 768w, https:\/\/anchor-relocation.ch\/wp-content\/uploads\/2026\/04\/Anchor_Gschwind_Langnau-am-Albis_2026-04-09_DSCF0648_HDR-1-1152x1536.jpg 1152w, https:\/\/anchor-relocation.ch\/wp-content\/uploads\/2026\/04\/Anchor_Gschwind_Langnau-am-Albis_2026-04-09_DSCF0648_HDR-1-1536x2048.jpg 1536w, https:\/\/anchor-relocation.ch\/wp-content\/uploads\/2026\/04\/Anchor_Gschwind_Langnau-am-Albis_2026-04-09_DSCF0648_HDR-1-1125x1500.jpg 1125w, https:\/\/anchor-relocation.ch\/wp-content\/uploads\/2026\/04\/Anchor_Gschwind_Langnau-am-Albis_2026-04-09_DSCF0648_HDR-1-529x705.jpg 529w, https:\/\/anchor-relocation.ch\/wp-content\/uploads\/2026\/04\/Anchor_Gschwind_Langnau-am-Albis_2026-04-09_DSCF0648_HDR-1.jpg 1875w\" data-sizes=\"(max-width: 773px) 100vw, 773px\"  aria-label=\"Bild Anker &#8211; Langnau am Albis\"  id='av-masonry-1-item-7491' data-av-masonry-item='7491' class='av-masonry-entry isotope-item post-7491 attachment type-attachment status-inherit hentry  av-masonry-item-with-image' title=\"\" alt=\"\"    itemprop=\"thumbnailUrl\" ><div class='av-inner-masonry-sizer'><\/div><figure class='av-inner-masonry main_color'><div class=\"av-masonry-outerimage-container\"><div class='av-masonry-image-container'  ><img decoding=\"async\" width=\"1875\" height=\"2500\" fetchpriority=\"high\" class=\"wp-image-7491 avia-img-lazy-loading-not-7491\"  src=\"https:\/\/anchor-relocation.ch\/wp-content\/uploads\/2026\/04\/Anchor_Gschwind_Langnau-am-Albis_2026-04-09_DSCF0648_HDR-1.jpg\" title=\"\" alt=\"\" srcset=\"https:\/\/anchor-relocation.ch\/wp-content\/uploads\/2026\/04\/Anchor_Gschwind_Langnau-am-Albis_2026-04-09_DSCF0648_HDR-1.jpg 1875w, https:\/\/anchor-relocation.ch\/wp-content\/uploads\/2026\/04\/Anchor_Gschwind_Langnau-am-Albis_2026-04-09_DSCF0648_HDR-1-225x300.jpg 225w, https:\/\/anchor-relocation.ch\/wp-content\/uploads\/2026\/04\/Anchor_Gschwind_Langnau-am-Albis_2026-04-09_DSCF0648_HDR-1-773x1030.jpg 773w, https:\/\/anchor-relocation.ch\/wp-content\/uploads\/2026\/04\/Anchor_Gschwind_Langnau-am-Albis_2026-04-09_DSCF0648_HDR-1-768x1024.jpg 768w, https:\/\/anchor-relocation.ch\/wp-content\/uploads\/2026\/04\/Anchor_Gschwind_Langnau-am-Albis_2026-04-09_DSCF0648_HDR-1-1152x1536.jpg 1152w, https:\/\/anchor-relocation.ch\/wp-content\/uploads\/2026\/04\/Anchor_Gschwind_Langnau-am-Albis_2026-04-09_DSCF0648_HDR-1-1536x2048.jpg 1536w, https:\/\/anchor-relocation.ch\/wp-content\/uploads\/2026\/04\/Anchor_Gschwind_Langnau-am-Albis_2026-04-09_DSCF0648_HDR-1-1125x1500.jpg 1125w, https:\/\/anchor-relocation.ch\/wp-content\/uploads\/2026\/04\/Anchor_Gschwind_Langnau-am-Albis_2026-04-09_DSCF0648_HDR-1-529x705.jpg 529w\" sizes=\"(max-width: 1875px) 100vw, 1875px\" \/><\/div><\/div><\/figure><\/a><!--end av-masonry entry--><a href=\"https:\/\/anchor-relocation.ch\/wp-content\/uploads\/2026\/04\/Anchor_Gschwind_Langnau-am-Albis_2026-04-09_DSCF0699_HDR-1-1030x773.jpg\" data-srcset=\"https:\/\/anchor-relocation.ch\/wp-content\/uploads\/2026\/04\/Anchor_Gschwind_Langnau-am-Albis_2026-04-09_DSCF0699_HDR-1-1030x773.jpg 1030w, https:\/\/anchor-relocation.ch\/wp-content\/uploads\/2026\/04\/Anchor_Gschwind_Langnau-am-Albis_2026-04-09_DSCF0699_HDR-1-300x225.jpg 300w, https:\/\/anchor-relocation.ch\/wp-content\/uploads\/2026\/04\/Anchor_Gschwind_Langnau-am-Albis_2026-04-09_DSCF0699_HDR-1-768x576.jpg 768w, https:\/\/anchor-relocation.ch\/wp-content\/uploads\/2026\/04\/Anchor_Gschwind_Langnau-am-Albis_2026-04-09_DSCF0699_HDR-1-1536x1152.jpg 1536w, https:\/\/anchor-relocation.ch\/wp-content\/uploads\/2026\/04\/Anchor_Gschwind_Langnau-am-Albis_2026-04-09_DSCF0699_HDR-1-2048x1536.jpg 2048w, https:\/\/anchor-relocation.ch\/wp-content\/uploads\/2026\/04\/Anchor_Gschwind_Langnau-am-Albis_2026-04-09_DSCF0699_HDR-1-1500x1125.jpg 1500w, https:\/\/anchor-relocation.ch\/wp-content\/uploads\/2026\/04\/Anchor_Gschwind_Langnau-am-Albis_2026-04-09_DSCF0699_HDR-1-705x529.jpg 705w\" data-sizes=\"(max-width: 1030px) 100vw, 1030px\"  aria-label=\"Bild Anker &#8211; Langnau am Albis\"  id='av-masonry-1-item-7493' data-av-masonry-item='7493' class='av-masonry-entry isotope-item post-7493 attachment type-attachment status-inherit hentry  av-masonry-item-with-image' title=\"\" alt=\"\"    itemprop=\"thumbnailUrl\" ><div class='av-inner-masonry-sizer'><\/div><figure class='av-inner-masonry main_color'><div class=\"av-masonry-outerimage-container\"><div class='av-masonry-image-container'  ><img decoding=\"async\" width=\"2500\" height=\"1875\" fetchpriority=\"high\" class=\"wp-image-7493 avia-img-lazy-loading-not-7493\"  src=\"https:\/\/anchor-relocation.ch\/wp-content\/uploads\/2026\/04\/Anchor_Gschwind_Langnau-am-Albis_2026-04-09_DSCF0699_HDR-1.jpg\" title=\"\" alt=\"\" srcset=\"https:\/\/anchor-relocation.ch\/wp-content\/uploads\/2026\/04\/Anchor_Gschwind_Langnau-am-Albis_2026-04-09_DSCF0699_HDR-1.jpg 2500w, https:\/\/anchor-relocation.ch\/wp-content\/uploads\/2026\/04\/Anchor_Gschwind_Langnau-am-Albis_2026-04-09_DSCF0699_HDR-1-300x225.jpg 300w, https:\/\/anchor-relocation.ch\/wp-content\/uploads\/2026\/04\/Anchor_Gschwind_Langnau-am-Albis_2026-04-09_DSCF0699_HDR-1-1030x773.jpg 1030w, https:\/\/anchor-relocation.ch\/wp-content\/uploads\/2026\/04\/Anchor_Gschwind_Langnau-am-Albis_2026-04-09_DSCF0699_HDR-1-768x576.jpg 768w, https:\/\/anchor-relocation.ch\/wp-content\/uploads\/2026\/04\/Anchor_Gschwind_Langnau-am-Albis_2026-04-09_DSCF0699_HDR-1-1536x1152.jpg 1536w, https:\/\/anchor-relocation.ch\/wp-content\/uploads\/2026\/04\/Anchor_Gschwind_Langnau-am-Albis_2026-04-09_DSCF0699_HDR-1-2048x1536.jpg 2048w, https:\/\/anchor-relocation.ch\/wp-content\/uploads\/2026\/04\/Anchor_Gschwind_Langnau-am-Albis_2026-04-09_DSCF0699_HDR-1-1500x1125.jpg 1500w, https:\/\/anchor-relocation.ch\/wp-content\/uploads\/2026\/04\/Anchor_Gschwind_Langnau-am-Albis_2026-04-09_DSCF0699_HDR-1-705x529.jpg 705w\" sizes=\"(max-width: 2500px) 100vw, 2500px\" \/><\/div><\/div><\/figure><\/a><!--end av-masonry entry--><a href=\"https:\/\/anchor-relocation.ch\/wp-content\/uploads\/2026\/04\/Anchor_Gschwind_Langnau-am-Albis_2026-04-09_DSCF0636_HDR-1-773x1030.jpg\" data-srcset=\"https:\/\/anchor-relocation.ch\/wp-content\/uploads\/2026\/04\/Anchor_Gschwind_Langnau-am-Albis_2026-04-09_DSCF0636_HDR-1-773x1030.jpg 773w, https:\/\/anchor-relocation.ch\/wp-content\/uploads\/2026\/04\/Anchor_Gschwind_Langnau-am-Albis_2026-04-09_DSCF0636_HDR-1-225x300.jpg 225w, https:\/\/anchor-relocation.ch\/wp-content\/uploads\/2026\/04\/Anchor_Gschwind_Langnau-am-Albis_2026-04-09_DSCF0636_HDR-1-768x1024.jpg 768w, https:\/\/anchor-relocation.ch\/wp-content\/uploads\/2026\/04\/Anchor_Gschwind_Langnau-am-Albis_2026-04-09_DSCF0636_HDR-1-1152x1536.jpg 1152w, https:\/\/anchor-relocation.ch\/wp-content\/uploads\/2026\/04\/Anchor_Gschwind_Langnau-am-Albis_2026-04-09_DSCF0636_HDR-1-1536x2048.jpg 1536w, https:\/\/anchor-relocation.ch\/wp-content\/uploads\/2026\/04\/Anchor_Gschwind_Langnau-am-Albis_2026-04-09_DSCF0636_HDR-1-1125x1500.jpg 1125w, https:\/\/anchor-relocation.ch\/wp-content\/uploads\/2026\/04\/Anchor_Gschwind_Langnau-am-Albis_2026-04-09_DSCF0636_HDR-1-529x705.jpg 529w, https:\/\/anchor-relocation.ch\/wp-content\/uploads\/2026\/04\/Anchor_Gschwind_Langnau-am-Albis_2026-04-09_DSCF0636_HDR-1.jpg 1875w\" data-sizes=\"(max-width: 773px) 100vw, 773px\"  aria-label=\"Bild Anker &#8211; Langnau am Albis\"  id='av-masonry-1-item-7490' data-av-masonry-item='7490' class='av-masonry-entry isotope-item post-7490 attachment type-attachment status-inherit hentry  av-masonry-item-with-image' title=\"\" alt=\"\"    itemprop=\"thumbnailUrl\" ><div class='av-inner-masonry-sizer'><\/div><figure class='av-inner-masonry main_color'><div class=\"av-masonry-outerimage-container\"><div class='av-masonry-image-container'  ><img decoding=\"async\" width=\"1875\" height=\"2500\" fetchpriority=\"high\" class=\"wp-image-7490 avia-img-lazy-loading-not-7490\"  src=\"https:\/\/anchor-relocation.ch\/wp-content\/uploads\/2026\/04\/Anchor_Gschwind_Langnau-am-Albis_2026-04-09_DSCF0636_HDR-1.jpg\" title=\"\" alt=\"\" srcset=\"https:\/\/anchor-relocation.ch\/wp-content\/uploads\/2026\/04\/Anchor_Gschwind_Langnau-am-Albis_2026-04-09_DSCF0636_HDR-1.jpg 1875w, https:\/\/anchor-relocation.ch\/wp-content\/uploads\/2026\/04\/Anchor_Gschwind_Langnau-am-Albis_2026-04-09_DSCF0636_HDR-1-225x300.jpg 225w, https:\/\/anchor-relocation.ch\/wp-content\/uploads\/2026\/04\/Anchor_Gschwind_Langnau-am-Albis_2026-04-09_DSCF0636_HDR-1-773x1030.jpg 773w, https:\/\/anchor-relocation.ch\/wp-content\/uploads\/2026\/04\/Anchor_Gschwind_Langnau-am-Albis_2026-04-09_DSCF0636_HDR-1-768x1024.jpg 768w, https:\/\/anchor-relocation.ch\/wp-content\/uploads\/2026\/04\/Anchor_Gschwind_Langnau-am-Albis_2026-04-09_DSCF0636_HDR-1-1152x1536.jpg 1152w, https:\/\/anchor-relocation.ch\/wp-content\/uploads\/2026\/04\/Anchor_Gschwind_Langnau-am-Albis_2026-04-09_DSCF0636_HDR-1-1536x2048.jpg 1536w, https:\/\/anchor-relocation.ch\/wp-content\/uploads\/2026\/04\/Anchor_Gschwind_Langnau-am-Albis_2026-04-09_DSCF0636_HDR-1-1125x1500.jpg 1125w, https:\/\/anchor-relocation.ch\/wp-content\/uploads\/2026\/04\/Anchor_Gschwind_Langnau-am-Albis_2026-04-09_DSCF0636_HDR-1-529x705.jpg 529w\" sizes=\"(max-width: 1875px) 100vw, 1875px\" \/><\/div><\/div><\/figure><\/a><!--end av-masonry entry--><a href=\"https:\/\/anchor-relocation.ch\/wp-content\/uploads\/2026\/04\/Anchor_Gschwind_Langnau-am-Albis_2026-04-22_DSCF0948_HDR-4-1030x773.jpg\" data-srcset=\"https:\/\/anchor-relocation.ch\/wp-content\/uploads\/2026\/04\/Anchor_Gschwind_Langnau-am-Albis_2026-04-22_DSCF0948_HDR-4-1030x773.jpg 1030w, https:\/\/anchor-relocation.ch\/wp-content\/uploads\/2026\/04\/Anchor_Gschwind_Langnau-am-Albis_2026-04-22_DSCF0948_HDR-4-300x225.jpg 300w, https:\/\/anchor-relocation.ch\/wp-content\/uploads\/2026\/04\/Anchor_Gschwind_Langnau-am-Albis_2026-04-22_DSCF0948_HDR-4-768x576.jpg 768w, https:\/\/anchor-relocation.ch\/wp-content\/uploads\/2026\/04\/Anchor_Gschwind_Langnau-am-Albis_2026-04-22_DSCF0948_HDR-4-1536x1152.jpg 1536w, https:\/\/anchor-relocation.ch\/wp-content\/uploads\/2026\/04\/Anchor_Gschwind_Langnau-am-Albis_2026-04-22_DSCF0948_HDR-4-2048x1536.jpg 2048w, https:\/\/anchor-relocation.ch\/wp-content\/uploads\/2026\/04\/Anchor_Gschwind_Langnau-am-Albis_2026-04-22_DSCF0948_HDR-4-1500x1125.jpg 1500w, https:\/\/anchor-relocation.ch\/wp-content\/uploads\/2026\/04\/Anchor_Gschwind_Langnau-am-Albis_2026-04-22_DSCF0948_HDR-4-705x529.jpg 705w\" data-sizes=\"(max-width: 1030px) 100vw, 1030px\"  aria-label=\"Bild Anker &#8211; Langnau am Albis\"  id='av-masonry-1-item-7661' data-av-masonry-item='7661' class='av-masonry-entry isotope-item post-7661 attachment type-attachment status-inherit hentry  av-masonry-item-with-image' title=\"\" alt=\"\"    itemprop=\"thumbnailUrl\" ><div class='av-inner-masonry-sizer'><\/div><figure class='av-inner-masonry main_color'><div class=\"av-masonry-outerimage-container\"><div class='av-masonry-image-container'  ><img decoding=\"async\" width=\"2500\" height=\"1875\" fetchpriority=\"high\" class=\"wp-image-7661 avia-img-lazy-loading-not-7661\"  src=\"https:\/\/anchor-relocation.ch\/wp-content\/uploads\/2026\/04\/Anchor_Gschwind_Langnau-am-Albis_2026-04-22_DSCF0948_HDR-4.jpg\" title=\"\" alt=\"\" srcset=\"https:\/\/anchor-relocation.ch\/wp-content\/uploads\/2026\/04\/Anchor_Gschwind_Langnau-am-Albis_2026-04-22_DSCF0948_HDR-4.jpg 2500w, https:\/\/anchor-relocation.ch\/wp-content\/uploads\/2026\/04\/Anchor_Gschwind_Langnau-am-Albis_2026-04-22_DSCF0948_HDR-4-300x225.jpg 300w, https:\/\/anchor-relocation.ch\/wp-content\/uploads\/2026\/04\/Anchor_Gschwind_Langnau-am-Albis_2026-04-22_DSCF0948_HDR-4-1030x773.jpg 1030w, https:\/\/anchor-relocation.ch\/wp-content\/uploads\/2026\/04\/Anchor_Gschwind_Langnau-am-Albis_2026-04-22_DSCF0948_HDR-4-768x576.jpg 768w, https:\/\/anchor-relocation.ch\/wp-content\/uploads\/2026\/04\/Anchor_Gschwind_Langnau-am-Albis_2026-04-22_DSCF0948_HDR-4-1536x1152.jpg 1536w, https:\/\/anchor-relocation.ch\/wp-content\/uploads\/2026\/04\/Anchor_Gschwind_Langnau-am-Albis_2026-04-22_DSCF0948_HDR-4-2048x1536.jpg 2048w, https:\/\/anchor-relocation.ch\/wp-content\/uploads\/2026\/04\/Anchor_Gschwind_Langnau-am-Albis_2026-04-22_DSCF0948_HDR-4-1500x1125.jpg 1500w, https:\/\/anchor-relocation.ch\/wp-content\/uploads\/2026\/04\/Anchor_Gschwind_Langnau-am-Albis_2026-04-22_DSCF0948_HDR-4-705x529.jpg 705w\" sizes=\"(max-width: 2500px) 100vw, 2500px\" \/><\/div><\/div><\/figure><\/a><!--end av-masonry entry--><a href=\"https:\/\/anchor-relocation.ch\/wp-content\/uploads\/2026\/04\/Langnau-am-Albis-Waldmattstrasse-15-v2026-04-16_Page_19-1030x728.jpg\" data-srcset=\"https:\/\/anchor-relocation.ch\/wp-content\/uploads\/2026\/04\/Langnau-am-Albis-Waldmattstrasse-15-v2026-04-16_Page_19-1030x728.jpg 1030w, https:\/\/anchor-relocation.ch\/wp-content\/uploads\/2026\/04\/Langnau-am-Albis-Waldmattstrasse-15-v2026-04-16_Page_19-300x212.jpg 300w, https:\/\/anchor-relocation.ch\/wp-content\/uploads\/2026\/04\/Langnau-am-Albis-Waldmattstrasse-15-v2026-04-16_Page_19-768x543.jpg 768w, https:\/\/anchor-relocation.ch\/wp-content\/uploads\/2026\/04\/Langnau-am-Albis-Waldmattstrasse-15-v2026-04-16_Page_19-1536x1086.jpg 1536w, https:\/\/anchor-relocation.ch\/wp-content\/uploads\/2026\/04\/Langnau-am-Albis-Waldmattstrasse-15-v2026-04-16_Page_19-2048x1448.jpg 2048w, https:\/\/anchor-relocation.ch\/wp-content\/uploads\/2026\/04\/Langnau-am-Albis-Waldmattstrasse-15-v2026-04-16_Page_19-1500x1061.jpg 1500w, https:\/\/anchor-relocation.ch\/wp-content\/uploads\/2026\/04\/Langnau-am-Albis-Waldmattstrasse-15-v2026-04-16_Page_19-260x185.jpg 260w, https:\/\/anchor-relocation.ch\/wp-content\/uploads\/2026\/04\/Langnau-am-Albis-Waldmattstrasse-15-v2026-04-16_Page_19-705x499.jpg 705w\" data-sizes=\"(max-width: 1030px) 100vw, 1030px\"  aria-label=\"Bild Anker &#8211; Langnau am Albis\"  id='av-masonry-1-item-7396' data-av-masonry-item='7396' class='av-masonry-entry isotope-item post-7396 attachment type-attachment status-inherit hentry  av-masonry-item-with-image' title=\"\" alt=\"\"    itemprop=\"thumbnailUrl\" ><div class='av-inner-masonry-sizer'><\/div><figure class='av-inner-masonry main_color'><div class=\"av-masonry-outerimage-container\"><div class='av-masonry-image-container'  ><img decoding=\"async\" width=\"2339\" height=\"1654\" fetchpriority=\"high\" class=\"wp-image-7396 avia-img-lazy-loading-not-7396\"  src=\"https:\/\/anchor-relocation.ch\/wp-content\/uploads\/2026\/04\/Langnau-am-Albis-Waldmattstrasse-15-v2026-04-16_Page_19.jpg\" title=\"\" alt=\"\" srcset=\"https:\/\/anchor-relocation.ch\/wp-content\/uploads\/2026\/04\/Langnau-am-Albis-Waldmattstrasse-15-v2026-04-16_Page_19.jpg 2339w, https:\/\/anchor-relocation.ch\/wp-content\/uploads\/2026\/04\/Langnau-am-Albis-Waldmattstrasse-15-v2026-04-16_Page_19-300x212.jpg 300w, https:\/\/anchor-relocation.ch\/wp-content\/uploads\/2026\/04\/Langnau-am-Albis-Waldmattstrasse-15-v2026-04-16_Page_19-1030x728.jpg 1030w, https:\/\/anchor-relocation.ch\/wp-content\/uploads\/2026\/04\/Langnau-am-Albis-Waldmattstrasse-15-v2026-04-16_Page_19-768x543.jpg 768w, https:\/\/anchor-relocation.ch\/wp-content\/uploads\/2026\/04\/Langnau-am-Albis-Waldmattstrasse-15-v2026-04-16_Page_19-1536x1086.jpg 1536w, https:\/\/anchor-relocation.ch\/wp-content\/uploads\/2026\/04\/Langnau-am-Albis-Waldmattstrasse-15-v2026-04-16_Page_19-2048x1448.jpg 2048w, https:\/\/anchor-relocation.ch\/wp-content\/uploads\/2026\/04\/Langnau-am-Albis-Waldmattstrasse-15-v2026-04-16_Page_19-1500x1061.jpg 1500w, https:\/\/anchor-relocation.ch\/wp-content\/uploads\/2026\/04\/Langnau-am-Albis-Waldmattstrasse-15-v2026-04-16_Page_19-260x185.jpg 260w, https:\/\/anchor-relocation.ch\/wp-content\/uploads\/2026\/04\/Langnau-am-Albis-Waldmattstrasse-15-v2026-04-16_Page_19-705x499.jpg 705w\" sizes=\"(max-width: 2339px) 100vw, 2339px\" \/><\/div><\/div><\/figure><\/a><!--end av-masonry entry--><a href=\"https:\/\/anchor-relocation.ch\/wp-content\/uploads\/2026\/04\/Langnau-am-Albis-Waldmattstrasse-15-v2026-04-16_Page_20-1030x728.jpg\" data-srcset=\"https:\/\/anchor-relocation.ch\/wp-content\/uploads\/2026\/04\/Langnau-am-Albis-Waldmattstrasse-15-v2026-04-16_Page_20-1030x728.jpg 1030w, https:\/\/anchor-relocation.ch\/wp-content\/uploads\/2026\/04\/Langnau-am-Albis-Waldmattstrasse-15-v2026-04-16_Page_20-300x212.jpg 300w, https:\/\/anchor-relocation.ch\/wp-content\/uploads\/2026\/04\/Langnau-am-Albis-Waldmattstrasse-15-v2026-04-16_Page_20-768x543.jpg 768w, https:\/\/anchor-relocation.ch\/wp-content\/uploads\/2026\/04\/Langnau-am-Albis-Waldmattstrasse-15-v2026-04-16_Page_20-1536x1086.jpg 1536w, https:\/\/anchor-relocation.ch\/wp-content\/uploads\/2026\/04\/Langnau-am-Albis-Waldmattstrasse-15-v2026-04-16_Page_20-2048x1448.jpg 2048w, https:\/\/anchor-relocation.ch\/wp-content\/uploads\/2026\/04\/Langnau-am-Albis-Waldmattstrasse-15-v2026-04-16_Page_20-1500x1061.jpg 1500w, https:\/\/anchor-relocation.ch\/wp-content\/uploads\/2026\/04\/Langnau-am-Albis-Waldmattstrasse-15-v2026-04-16_Page_20-260x185.jpg 260w, https:\/\/anchor-relocation.ch\/wp-content\/uploads\/2026\/04\/Langnau-am-Albis-Waldmattstrasse-15-v2026-04-16_Page_20-705x499.jpg 705w\" data-sizes=\"(max-width: 1030px) 100vw, 1030px\"  aria-label=\"Bild Anker &#8211; Langnau am Albis\"  id='av-masonry-1-item-7397' data-av-masonry-item='7397' class='av-masonry-entry isotope-item post-7397 attachment type-attachment status-inherit hentry  av-masonry-item-with-image' title=\"\" alt=\"\"    itemprop=\"thumbnailUrl\" ><div class='av-inner-masonry-sizer'><\/div><figure class='av-inner-masonry main_color'><div class=\"av-masonry-outerimage-container\"><div class='av-masonry-image-container'  ><img decoding=\"async\" width=\"2339\" height=\"1654\" fetchpriority=\"high\" class=\"wp-image-7397 avia-img-lazy-loading-not-7397\"  src=\"https:\/\/anchor-relocation.ch\/wp-content\/uploads\/2026\/04\/Langnau-am-Albis-Waldmattstrasse-15-v2026-04-16_Page_20.jpg\" title=\"\" alt=\"\" srcset=\"https:\/\/anchor-relocation.ch\/wp-content\/uploads\/2026\/04\/Langnau-am-Albis-Waldmattstrasse-15-v2026-04-16_Page_20.jpg 2339w, https:\/\/anchor-relocation.ch\/wp-content\/uploads\/2026\/04\/Langnau-am-Albis-Waldmattstrasse-15-v2026-04-16_Page_20-300x212.jpg 300w, https:\/\/anchor-relocation.ch\/wp-content\/uploads\/2026\/04\/Langnau-am-Albis-Waldmattstrasse-15-v2026-04-16_Page_20-1030x728.jpg 1030w, https:\/\/anchor-relocation.ch\/wp-content\/uploads\/2026\/04\/Langnau-am-Albis-Waldmattstrasse-15-v2026-04-16_Page_20-768x543.jpg 768w, https:\/\/anchor-relocation.ch\/wp-content\/uploads\/2026\/04\/Langnau-am-Albis-Waldmattstrasse-15-v2026-04-16_Page_20-1536x1086.jpg 1536w, https:\/\/anchor-relocation.ch\/wp-content\/uploads\/2026\/04\/Langnau-am-Albis-Waldmattstrasse-15-v2026-04-16_Page_20-2048x1448.jpg 2048w, https:\/\/anchor-relocation.ch\/wp-content\/uploads\/2026\/04\/Langnau-am-Albis-Waldmattstrasse-15-v2026-04-16_Page_20-1500x1061.jpg 1500w, https:\/\/anchor-relocation.ch\/wp-content\/uploads\/2026\/04\/Langnau-am-Albis-Waldmattstrasse-15-v2026-04-16_Page_20-260x185.jpg 260w, https:\/\/anchor-relocation.ch\/wp-content\/uploads\/2026\/04\/Langnau-am-Albis-Waldmattstrasse-15-v2026-04-16_Page_20-705x499.jpg 705w\" sizes=\"(max-width: 2339px) 100vw, 2339px\" \/><\/div><\/div><\/figure><\/a><!--end av-masonry entry--><a href=\"https:\/\/anchor-relocation.ch\/wp-content\/uploads\/2026\/04\/Langnau-am-Albis-Waldmattstrasse-15-v2026-04-16_Page_21-1030x728.jpg\" data-srcset=\"https:\/\/anchor-relocation.ch\/wp-content\/uploads\/2026\/04\/Langnau-am-Albis-Waldmattstrasse-15-v2026-04-16_Page_21-1030x728.jpg 1030w, https:\/\/anchor-relocation.ch\/wp-content\/uploads\/2026\/04\/Langnau-am-Albis-Waldmattstrasse-15-v2026-04-16_Page_21-300x212.jpg 300w, https:\/\/anchor-relocation.ch\/wp-content\/uploads\/2026\/04\/Langnau-am-Albis-Waldmattstrasse-15-v2026-04-16_Page_21-768x543.jpg 768w, https:\/\/anchor-relocation.ch\/wp-content\/uploads\/2026\/04\/Langnau-am-Albis-Waldmattstrasse-15-v2026-04-16_Page_21-1536x1086.jpg 1536w, https:\/\/anchor-relocation.ch\/wp-content\/uploads\/2026\/04\/Langnau-am-Albis-Waldmattstrasse-15-v2026-04-16_Page_21-2048x1448.jpg 2048w, https:\/\/anchor-relocation.ch\/wp-content\/uploads\/2026\/04\/Langnau-am-Albis-Waldmattstrasse-15-v2026-04-16_Page_21-1500x1061.jpg 1500w, https:\/\/anchor-relocation.ch\/wp-content\/uploads\/2026\/04\/Langnau-am-Albis-Waldmattstrasse-15-v2026-04-16_Page_21-260x185.jpg 260w, https:\/\/anchor-relocation.ch\/wp-content\/uploads\/2026\/04\/Langnau-am-Albis-Waldmattstrasse-15-v2026-04-16_Page_21-705x499.jpg 705w\" data-sizes=\"(max-width: 1030px) 100vw, 1030px\"  aria-label=\"Bild Anker &#8211; Langnau am Albis\"  id='av-masonry-1-item-7398' data-av-masonry-item='7398' class='av-masonry-entry isotope-item post-7398 attachment type-attachment status-inherit hentry  av-masonry-item-with-image' title=\"\" alt=\"\"    itemprop=\"thumbnailUrl\" ><div class='av-inner-masonry-sizer'><\/div><figure class='av-inner-masonry main_color'><div class=\"av-masonry-outerimage-container\"><div class='av-masonry-image-container'  ><img decoding=\"async\" width=\"2339\" height=\"1654\" fetchpriority=\"high\" class=\"wp-image-7398 avia-img-lazy-loading-not-7398\"  src=\"https:\/\/anchor-relocation.ch\/wp-content\/uploads\/2026\/04\/Langnau-am-Albis-Waldmattstrasse-15-v2026-04-16_Page_21.jpg\" title=\"\" alt=\"\" srcset=\"https:\/\/anchor-relocation.ch\/wp-content\/uploads\/2026\/04\/Langnau-am-Albis-Waldmattstrasse-15-v2026-04-16_Page_21.jpg 2339w, https:\/\/anchor-relocation.ch\/wp-content\/uploads\/2026\/04\/Langnau-am-Albis-Waldmattstrasse-15-v2026-04-16_Page_21-300x212.jpg 300w, https:\/\/anchor-relocation.ch\/wp-content\/uploads\/2026\/04\/Langnau-am-Albis-Waldmattstrasse-15-v2026-04-16_Page_21-1030x728.jpg 1030w, https:\/\/anchor-relocation.ch\/wp-content\/uploads\/2026\/04\/Langnau-am-Albis-Waldmattstrasse-15-v2026-04-16_Page_21-768x543.jpg 768w, https:\/\/anchor-relocation.ch\/wp-content\/uploads\/2026\/04\/Langnau-am-Albis-Waldmattstrasse-15-v2026-04-16_Page_21-1536x1086.jpg 1536w, https:\/\/anchor-relocation.ch\/wp-content\/uploads\/2026\/04\/Langnau-am-Albis-Waldmattstrasse-15-v2026-04-16_Page_21-2048x1448.jpg 2048w, https:\/\/anchor-relocation.ch\/wp-content\/uploads\/2026\/04\/Langnau-am-Albis-Waldmattstrasse-15-v2026-04-16_Page_21-1500x1061.jpg 1500w, https:\/\/anchor-relocation.ch\/wp-content\/uploads\/2026\/04\/Langnau-am-Albis-Waldmattstrasse-15-v2026-04-16_Page_21-260x185.jpg 260w, https:\/\/anchor-relocation.ch\/wp-content\/uploads\/2026\/04\/Langnau-am-Albis-Waldmattstrasse-15-v2026-04-16_Page_21-705x499.jpg 705w\" sizes=\"(max-width: 2339px) 100vw, 2339px\" \/><\/div><\/div><\/figure><\/a><!--end av-masonry entry--><a href=\"https:\/\/anchor-relocation.ch\/wp-content\/uploads\/2026\/04\/Langnau-am-Albis-Waldmattstrasse-15-v2026-04-16_Page_22-1030x728.jpg\" data-srcset=\"https:\/\/anchor-relocation.ch\/wp-content\/uploads\/2026\/04\/Langnau-am-Albis-Waldmattstrasse-15-v2026-04-16_Page_22-1030x728.jpg 1030w, https:\/\/anchor-relocation.ch\/wp-content\/uploads\/2026\/04\/Langnau-am-Albis-Waldmattstrasse-15-v2026-04-16_Page_22-300x212.jpg 300w, https:\/\/anchor-relocation.ch\/wp-content\/uploads\/2026\/04\/Langnau-am-Albis-Waldmattstrasse-15-v2026-04-16_Page_22-768x543.jpg 768w, https:\/\/anchor-relocation.ch\/wp-content\/uploads\/2026\/04\/Langnau-am-Albis-Waldmattstrasse-15-v2026-04-16_Page_22-1536x1086.jpg 1536w, https:\/\/anchor-relocation.ch\/wp-content\/uploads\/2026\/04\/Langnau-am-Albis-Waldmattstrasse-15-v2026-04-16_Page_22-2048x1448.jpg 2048w, https:\/\/anchor-relocation.ch\/wp-content\/uploads\/2026\/04\/Langnau-am-Albis-Waldmattstrasse-15-v2026-04-16_Page_22-1500x1061.jpg 1500w, https:\/\/anchor-relocation.ch\/wp-content\/uploads\/2026\/04\/Langnau-am-Albis-Waldmattstrasse-15-v2026-04-16_Page_22-260x185.jpg 260w, https:\/\/anchor-relocation.ch\/wp-content\/uploads\/2026\/04\/Langnau-am-Albis-Waldmattstrasse-15-v2026-04-16_Page_22-705x499.jpg 705w\" data-sizes=\"(max-width: 1030px) 100vw, 1030px\"  aria-label=\"Bild Anker &#8211; Langnau am Albis\"  id='av-masonry-1-item-7399' data-av-masonry-item='7399' class='av-masonry-entry isotope-item post-7399 attachment type-attachment status-inherit hentry  av-masonry-item-with-image' title=\"\" alt=\"\"    itemprop=\"thumbnailUrl\" ><div class='av-inner-masonry-sizer'><\/div><figure class='av-inner-masonry main_color'><div class=\"av-masonry-outerimage-container\"><div class='av-masonry-image-container'  ><img decoding=\"async\" width=\"2339\" height=\"1654\" fetchpriority=\"high\" class=\"wp-image-7399 avia-img-lazy-loading-not-7399\"  src=\"https:\/\/anchor-relocation.ch\/wp-content\/uploads\/2026\/04\/Langnau-am-Albis-Waldmattstrasse-15-v2026-04-16_Page_22.jpg\" title=\"\" alt=\"\" srcset=\"https:\/\/anchor-relocation.ch\/wp-content\/uploads\/2026\/04\/Langnau-am-Albis-Waldmattstrasse-15-v2026-04-16_Page_22.jpg 2339w, https:\/\/anchor-relocation.ch\/wp-content\/uploads\/2026\/04\/Langnau-am-Albis-Waldmattstrasse-15-v2026-04-16_Page_22-300x212.jpg 300w, https:\/\/anchor-relocation.ch\/wp-content\/uploads\/2026\/04\/Langnau-am-Albis-Waldmattstrasse-15-v2026-04-16_Page_22-1030x728.jpg 1030w, https:\/\/anchor-relocation.ch\/wp-content\/uploads\/2026\/04\/Langnau-am-Albis-Waldmattstrasse-15-v2026-04-16_Page_22-768x543.jpg 768w, https:\/\/anchor-relocation.ch\/wp-content\/uploads\/2026\/04\/Langnau-am-Albis-Waldmattstrasse-15-v2026-04-16_Page_22-1536x1086.jpg 1536w, https:\/\/anchor-relocation.ch\/wp-content\/uploads\/2026\/04\/Langnau-am-Albis-Waldmattstrasse-15-v2026-04-16_Page_22-2048x1448.jpg 2048w, https:\/\/anchor-relocation.ch\/wp-content\/uploads\/2026\/04\/Langnau-am-Albis-Waldmattstrasse-15-v2026-04-16_Page_22-1500x1061.jpg 1500w, https:\/\/anchor-relocation.ch\/wp-content\/uploads\/2026\/04\/Langnau-am-Albis-Waldmattstrasse-15-v2026-04-16_Page_22-260x185.jpg 260w, https:\/\/anchor-relocation.ch\/wp-content\/uploads\/2026\/04\/Langnau-am-Albis-Waldmattstrasse-15-v2026-04-16_Page_22-705x499.jpg 705w\" sizes=\"(max-width: 2339px) 100vw, 2339px\" \/><\/div><\/div><\/figure><\/a><!--end av-masonry entry--><a href=\"https:\/\/anchor-relocation.ch\/wp-content\/uploads\/2026\/04\/Langnau-am-Albis-Waldmattstrasse-15-v2026-04-16_Page_23-1030x728.jpg\" data-srcset=\"https:\/\/anchor-relocation.ch\/wp-content\/uploads\/2026\/04\/Langnau-am-Albis-Waldmattstrasse-15-v2026-04-16_Page_23-1030x728.jpg 1030w, https:\/\/anchor-relocation.ch\/wp-content\/uploads\/2026\/04\/Langnau-am-Albis-Waldmattstrasse-15-v2026-04-16_Page_23-300x212.jpg 300w, https:\/\/anchor-relocation.ch\/wp-content\/uploads\/2026\/04\/Langnau-am-Albis-Waldmattstrasse-15-v2026-04-16_Page_23-768x543.jpg 768w, https:\/\/anchor-relocation.ch\/wp-content\/uploads\/2026\/04\/Langnau-am-Albis-Waldmattstrasse-15-v2026-04-16_Page_23-1536x1086.jpg 1536w, https:\/\/anchor-relocation.ch\/wp-content\/uploads\/2026\/04\/Langnau-am-Albis-Waldmattstrasse-15-v2026-04-16_Page_23-2048x1448.jpg 2048w, https:\/\/anchor-relocation.ch\/wp-content\/uploads\/2026\/04\/Langnau-am-Albis-Waldmattstrasse-15-v2026-04-16_Page_23-1500x1061.jpg 1500w, https:\/\/anchor-relocation.ch\/wp-content\/uploads\/2026\/04\/Langnau-am-Albis-Waldmattstrasse-15-v2026-04-16_Page_23-260x185.jpg 260w, https:\/\/anchor-relocation.ch\/wp-content\/uploads\/2026\/04\/Langnau-am-Albis-Waldmattstrasse-15-v2026-04-16_Page_23-705x499.jpg 705w\" data-sizes=\"(max-width: 1030px) 100vw, 1030px\"  aria-label=\"Bild Anker &#8211; Langnau am Albis\"  id='av-masonry-1-item-7400' data-av-masonry-item='7400' class='av-masonry-entry isotope-item post-7400 attachment type-attachment status-inherit hentry  av-masonry-item-with-image' title=\"\" alt=\"\"    itemprop=\"thumbnailUrl\" ><div class='av-inner-masonry-sizer'><\/div><figure class='av-inner-masonry main_color'><div class=\"av-masonry-outerimage-container\"><div class='av-masonry-image-container'  ><img decoding=\"async\" width=\"2339\" height=\"1654\" fetchpriority=\"high\" class=\"wp-image-7400 avia-img-lazy-loading-not-7400\"  src=\"https:\/\/anchor-relocation.ch\/wp-content\/uploads\/2026\/04\/Langnau-am-Albis-Waldmattstrasse-15-v2026-04-16_Page_23.jpg\" title=\"\" alt=\"\" srcset=\"https:\/\/anchor-relocation.ch\/wp-content\/uploads\/2026\/04\/Langnau-am-Albis-Waldmattstrasse-15-v2026-04-16_Page_23.jpg 2339w, https:\/\/anchor-relocation.ch\/wp-content\/uploads\/2026\/04\/Langnau-am-Albis-Waldmattstrasse-15-v2026-04-16_Page_23-300x212.jpg 300w, https:\/\/anchor-relocation.ch\/wp-content\/uploads\/2026\/04\/Langnau-am-Albis-Waldmattstrasse-15-v2026-04-16_Page_23-1030x728.jpg 1030w, https:\/\/anchor-relocation.ch\/wp-content\/uploads\/2026\/04\/Langnau-am-Albis-Waldmattstrasse-15-v2026-04-16_Page_23-768x543.jpg 768w, https:\/\/anchor-relocation.ch\/wp-content\/uploads\/2026\/04\/Langnau-am-Albis-Waldmattstrasse-15-v2026-04-16_Page_23-1536x1086.jpg 1536w, https:\/\/anchor-relocation.ch\/wp-content\/uploads\/2026\/04\/Langnau-am-Albis-Waldmattstrasse-15-v2026-04-16_Page_23-2048x1448.jpg 2048w, https:\/\/anchor-relocation.ch\/wp-content\/uploads\/2026\/04\/Langnau-am-Albis-Waldmattstrasse-15-v2026-04-16_Page_23-1500x1061.jpg 1500w, https:\/\/anchor-relocation.ch\/wp-content\/uploads\/2026\/04\/Langnau-am-Albis-Waldmattstrasse-15-v2026-04-16_Page_23-260x185.jpg 260w, https:\/\/anchor-relocation.ch\/wp-content\/uploads\/2026\/04\/Langnau-am-Albis-Waldmattstrasse-15-v2026-04-16_Page_23-705x499.jpg 705w\" sizes=\"(max-width: 2339px) 100vw, 2339px\" \/><\/div><\/div><\/figure><\/a><!--end av-masonry entry--><\/div><\/div><\/p>\n<\/div><\/div><\/div><div id='after_grid_row_1'  class='main_color av_default_container_wrap container_wrap fullsize'  ><div class='container av-section-cont-open' ><div class='template-page content  av-content-full alpha units'><div class='post-entry post-entry-type-page post-entry-7364'><div class='entry-content-wrapper clearfix'><\/p>\n","protected":false},"excerpt":{"rendered":"","protected":false},"author":2,"featured_media":7374,"comment_status":"closed","ping_status":"closed","sticky":false,"template":"","format":"standard","meta":{"footnotes":""},"categories":[26,178],"tags":[],"class_list":["post-7364","post","type-post","status-publish","format-standard","has-post-thumbnail","hentry","category-aktuelles","category-immobilien-zu-vermieten"],"yoast_head":"<!-- This site is optimized with the Yoast SEO Premium plugin v28.4 (Yoast SEO v28.4) - https:\/\/yoast.com\/product\/yoast-seo-premium-wordpress\/ -->\n<title>Vermietet - 8135 Langnau am Albis - 9,5 Zimmer (8 Schlafzimmer) Freistehendes Einfamilienhaus - Platz f\u00fcr Familie, Arbeit und das ganze Leben dazwischen &#8212; Anchor Relocation Services<\/title>\n<meta name=\"description\" content=\"Ger\u00e4umiges 9,5-Zimmer-Einfamilienhaus (8 Schlafzimmer) zur Miete in Langnau am Albis mit 350 m\u00b2 Bruttogeschossfl\u00e4che, grossem Garten, Terrasse und hervorragender Anbindung an Z\u00fcrich.\" \/>\n<meta name=\"robots\" content=\"index, follow, max-snippet:-1, max-image-preview:large, max-video-preview:-1\" \/>\n<link rel=\"canonical\" href=\"https:\/\/anchor-relocation.ch\/de\/zu-vermieten-8135-langnau-am-albis-9-5-zimmer-einfamilienhaus\/\" \/>\n<meta property=\"og:locale\" content=\"de_DE\" \/>\n<meta property=\"og:type\" content=\"article\" \/>\n<meta property=\"og:title\" content=\"Vermietet - 8135 Langnau am Albis - 9,5 Zimmer (8 Schlafzimmer) Freistehendes Einfamilienhaus - Platz f\u00fcr Familie, Arbeit und das ganze Leben dazwischen\" \/>\n<meta property=\"og:description\" content=\"Are you moving to Switzerland? Anchor Relocation is the first contact for expatriates from all over the world. We offer professional, efficient, in-depth and fully customised Home Search as well as Temporary Housing, Departure Support and many other services. How can we support you?\" \/>\n<meta property=\"og:url\" content=\"https:\/\/anchor-relocation.ch\/de\/zu-vermieten-8135-langnau-am-albis-9-5-zimmer-einfamilienhaus\/\" \/>\n<meta property=\"og:site_name\" content=\"Anchor Relocation Services\" \/>\n<meta property=\"article:published_time\" content=\"2026-04-16T19:56:29+00:00\" \/>\n<meta property=\"article:modified_time\" content=\"2026-07-15T07:44:51+00:00\" \/>\n<meta property=\"og:image\" content=\"https:\/\/anchor-relocation.ch\/wp-content\/uploads\/2026\/04\/Anchor_Gschwind_Langnau-am-Albis_2026-04-09_DSCF0399_HDR-1030x773.jpg\" \/>\n\t<meta property=\"og:image:width\" content=\"1030\" \/>\n\t<meta property=\"og:image:height\" content=\"773\" \/>\n\t<meta property=\"og:image:type\" content=\"image\/jpeg\" \/>\n<meta name=\"author\" content=\"cd2s\" \/>\n<meta name=\"twitter:card\" content=\"summary_large_image\" \/>\n<meta name=\"twitter:label1\" content=\"Written by\" \/>\n\t<meta name=\"twitter:data1\" content=\"cd2s\" \/>\n\t<meta name=\"twitter:label2\" content=\"Est. reading time\" \/>\n\t<meta name=\"twitter:data2\" content=\"8 minutes\" \/>\n<script type=\"application\/ld+json\" class=\"yoast-schema-graph\">{\"@context\":\"https:\\\/\\\/schema.org\",\"@graph\":[{\"@type\":\"Article\",\"@id\":\"https:\\\/\\\/anchor-relocation.ch\\\/de\\\/zu-vermieten-8135-langnau-am-albis-9-5-zimmer-einfamilienhaus\\\/#article\",\"isPartOf\":{\"@id\":\"https:\\\/\\\/anchor-relocation.ch\\\/de\\\/zu-vermieten-8135-langnau-am-albis-9-5-zimmer-einfamilienhaus\\\/\"},\"author\":{\"name\":\"cd2s\",\"@id\":\"https:\\\/\\\/anchor-relocation.ch\\\/de\\\/#\\\/schema\\\/person\\\/e44dbf33c25a80a1dafa3792d205ac96\"},\"headline\":\"Vermietet &#8211; 8135 Langnau am Albis &#8211; 9,5 Zimmer (8 Schlafzimmer) Freistehendes Einfamilienhaus &#8211; Platz f\u00fcr Familie, Arbeit und das ganze Leben dazwischen\",\"datePublished\":\"2026-04-16T19:56:29+00:00\",\"dateModified\":\"2026-07-15T07:44:51+00:00\",\"mainEntityOfPage\":{\"@id\":\"https:\\\/\\\/anchor-relocation.ch\\\/de\\\/zu-vermieten-8135-langnau-am-albis-9-5-zimmer-einfamilienhaus\\\/\"},\"wordCount\":2869,\"publisher\":{\"@id\":\"https:\\\/\\\/anchor-relocation.ch\\\/de\\\/#organization\"},\"image\":{\"@id\":\"https:\\\/\\\/anchor-relocation.ch\\\/de\\\/zu-vermieten-8135-langnau-am-albis-9-5-zimmer-einfamilienhaus\\\/#primaryimage\"},\"thumbnailUrl\":\"https:\\\/\\\/anchor-relocation.ch\\\/wp-content\\\/uploads\\\/2026\\\/04\\\/Anchor_Gschwind_Langnau-am-Albis_2026-04-09_DSCF0399_HDR.jpg\",\"articleSection\":[\"Aktuelles\",\"Immobilien zu vermieten\"],\"inLanguage\":\"de-DE\"},{\"@type\":\"WebPage\",\"@id\":\"https:\\\/\\\/anchor-relocation.ch\\\/de\\\/zu-vermieten-8135-langnau-am-albis-9-5-zimmer-einfamilienhaus\\\/\",\"url\":\"https:\\\/\\\/anchor-relocation.ch\\\/de\\\/zu-vermieten-8135-langnau-am-albis-9-5-zimmer-einfamilienhaus\\\/\",\"name\":\"Vermietet - 8135 Langnau am Albis - 9,5 Zimmer (8 Schlafzimmer) Freistehendes Einfamilienhaus - Platz f\u00fcr Familie, Arbeit und das ganze Leben dazwischen &#8212; Anchor Relocation Services\",\"isPartOf\":{\"@id\":\"https:\\\/\\\/anchor-relocation.ch\\\/de\\\/#website\"},\"primaryImageOfPage\":{\"@id\":\"https:\\\/\\\/anchor-relocation.ch\\\/de\\\/zu-vermieten-8135-langnau-am-albis-9-5-zimmer-einfamilienhaus\\\/#primaryimage\"},\"image\":{\"@id\":\"https:\\\/\\\/anchor-relocation.ch\\\/de\\\/zu-vermieten-8135-langnau-am-albis-9-5-zimmer-einfamilienhaus\\\/#primaryimage\"},\"thumbnailUrl\":\"https:\\\/\\\/anchor-relocation.ch\\\/wp-content\\\/uploads\\\/2026\\\/04\\\/Anchor_Gschwind_Langnau-am-Albis_2026-04-09_DSCF0399_HDR.jpg\",\"datePublished\":\"2026-04-16T19:56:29+00:00\",\"dateModified\":\"2026-07-15T07:44:51+00:00\",\"description\":\"Ger\u00e4umiges 9,5-Zimmer-Einfamilienhaus (8 Schlafzimmer) zur Miete in Langnau am Albis mit 350 m\u00b2 Bruttogeschossfl\u00e4che, grossem Garten, Terrasse und hervorragender Anbindung an Z\u00fcrich.\",\"breadcrumb\":{\"@id\":\"https:\\\/\\\/anchor-relocation.ch\\\/de\\\/zu-vermieten-8135-langnau-am-albis-9-5-zimmer-einfamilienhaus\\\/#breadcrumb\"},\"inLanguage\":\"de-DE\",\"potentialAction\":[{\"@type\":\"ReadAction\",\"target\":[\"https:\\\/\\\/anchor-relocation.ch\\\/de\\\/zu-vermieten-8135-langnau-am-albis-9-5-zimmer-einfamilienhaus\\\/\"]}]},{\"@type\":\"ImageObject\",\"inLanguage\":\"de-DE\",\"@id\":\"https:\\\/\\\/anchor-relocation.ch\\\/de\\\/zu-vermieten-8135-langnau-am-albis-9-5-zimmer-einfamilienhaus\\\/#primaryimage\",\"url\":\"https:\\\/\\\/anchor-relocation.ch\\\/wp-content\\\/uploads\\\/2026\\\/04\\\/Anchor_Gschwind_Langnau-am-Albis_2026-04-09_DSCF0399_HDR.jpg\",\"contentUrl\":\"https:\\\/\\\/anchor-relocation.ch\\\/wp-content\\\/uploads\\\/2026\\\/04\\\/Anchor_Gschwind_Langnau-am-Albis_2026-04-09_DSCF0399_HDR.jpg\",\"width\":2500,\"height\":1875,\"caption\":\"Leased \u2014 House\"},{\"@type\":\"BreadcrumbList\",\"@id\":\"https:\\\/\\\/anchor-relocation.ch\\\/de\\\/zu-vermieten-8135-langnau-am-albis-9-5-zimmer-einfamilienhaus\\\/#breadcrumb\",\"itemListElement\":[{\"@type\":\"ListItem\",\"position\":1,\"name\":\"Home\",\"item\":\"https:\\\/\\\/anchor-relocation.ch\\\/de\\\/home\\\/\"},{\"@type\":\"ListItem\",\"position\":2,\"name\":\"Vermietet &#8211; 8135 Langnau am Albis &#8211; 9,5 Zimmer (8 Schlafzimmer) Freistehendes Einfamilienhaus &#8211; Platz f\u00fcr Familie, Arbeit und das ganze Leben dazwischen\"}]},{\"@type\":\"WebSite\",\"@id\":\"https:\\\/\\\/anchor-relocation.ch\\\/de\\\/#website\",\"url\":\"https:\\\/\\\/anchor-relocation.ch\\\/de\\\/\",\"name\":\"Anchor Relocation Services\",\"description\":\"welcome home.\",\"publisher\":{\"@id\":\"https:\\\/\\\/anchor-relocation.ch\\\/de\\\/#organization\"},\"alternateName\":\"Relocation Services Zurich\",\"potentialAction\":[{\"@type\":\"SearchAction\",\"target\":{\"@type\":\"EntryPoint\",\"urlTemplate\":\"https:\\\/\\\/anchor-relocation.ch\\\/de\\\/?s={search_term_string}\"},\"query-input\":{\"@type\":\"PropertyValueSpecification\",\"valueRequired\":true,\"valueName\":\"search_term_string\"}}],\"inLanguage\":\"de-DE\"},{\"@type\":\"Organization\",\"@id\":\"https:\\\/\\\/anchor-relocation.ch\\\/de\\\/#organization\",\"name\":\"Anchor Relocation + Property Services\",\"url\":\"https:\\\/\\\/anchor-relocation.ch\\\/de\\\/\",\"logo\":{\"@type\":\"ImageObject\",\"inLanguage\":\"de-DE\",\"@id\":\"https:\\\/\\\/anchor-relocation.ch\\\/de\\\/#\\\/schema\\\/logo\\\/image\\\/\",\"url\":\"https:\\\/\\\/anchor-relocation.ch\\\/wp-content\\\/uploads\\\/2017\\\/01\\\/anchor_NoTagline_2016_2945U.png\",\"contentUrl\":\"https:\\\/\\\/anchor-relocation.ch\\\/wp-content\\\/uploads\\\/2017\\\/01\\\/anchor_NoTagline_2016_2945U.png\",\"width\":2961,\"height\":190,\"caption\":\"Anchor Relocation + Property Services\"},\"image\":{\"@id\":\"https:\\\/\\\/anchor-relocation.ch\\\/de\\\/#\\\/schema\\\/logo\\\/image\\\/\"}},{\"@type\":\"Person\",\"@id\":\"https:\\\/\\\/anchor-relocation.ch\\\/de\\\/#\\\/schema\\\/person\\\/e44dbf33c25a80a1dafa3792d205ac96\",\"name\":\"cd2s\",\"image\":{\"@type\":\"ImageObject\",\"inLanguage\":\"de-DE\",\"@id\":\"https:\\\/\\\/secure.gravatar.com\\\/avatar\\\/5d0fe13009dba9ab982f52abe74771dffee1bf00af91b29b8997003a872c07fe?s=96&d=mm&r=g\",\"url\":\"https:\\\/\\\/secure.gravatar.com\\\/avatar\\\/5d0fe13009dba9ab982f52abe74771dffee1bf00af91b29b8997003a872c07fe?s=96&d=mm&r=g\",\"contentUrl\":\"https:\\\/\\\/secure.gravatar.com\\\/avatar\\\/5d0fe13009dba9ab982f52abe74771dffee1bf00af91b29b8997003a872c07fe?s=96&d=mm&r=g\",\"caption\":\"cd2s\"}}]}<\/script>\n<!-- \/ Yoast SEO Premium plugin. -->","yoast_head_json":{"title":"Vermietet - 8135 Langnau am Albis - 9,5 Zimmer (8 Schlafzimmer) Freistehendes Einfamilienhaus - Platz f\u00fcr Familie, Arbeit und das ganze Leben dazwischen &#8212; Anchor Relocation Services","description":"Ger\u00e4umiges 9,5-Zimmer-Einfamilienhaus (8 Schlafzimmer) zur Miete in Langnau am Albis mit 350 m\u00b2 Bruttogeschossfl\u00e4che, grossem Garten, Terrasse und hervorragender Anbindung an Z\u00fcrich.","robots":{"index":"index","follow":"follow","max-snippet":"max-snippet:-1","max-image-preview":"max-image-preview:large","max-video-preview":"max-video-preview:-1"},"canonical":"https:\/\/anchor-relocation.ch\/de\/zu-vermieten-8135-langnau-am-albis-9-5-zimmer-einfamilienhaus\/","og_locale":"de_DE","og_type":"article","og_title":"Vermietet - 8135 Langnau am Albis - 9,5 Zimmer (8 Schlafzimmer) Freistehendes Einfamilienhaus - Platz f\u00fcr Familie, Arbeit und das ganze Leben dazwischen","og_description":"Are you moving to Switzerland? Anchor Relocation is the first contact for expatriates from all over the world. We offer professional, efficient, in-depth and fully customised Home Search as well as Temporary Housing, Departure Support and many other services. How can we support you?","og_url":"https:\/\/anchor-relocation.ch\/de\/zu-vermieten-8135-langnau-am-albis-9-5-zimmer-einfamilienhaus\/","og_site_name":"Anchor Relocation Services","article_published_time":"2026-04-16T19:56:29+00:00","article_modified_time":"2026-07-15T07:44:51+00:00","og_image":[{"width":1030,"height":773,"url":"https:\/\/anchor-relocation.ch\/wp-content\/uploads\/2026\/04\/Anchor_Gschwind_Langnau-am-Albis_2026-04-09_DSCF0399_HDR-1030x773.jpg","type":"image\/jpeg"}],"author":"cd2s","twitter_card":"summary_large_image","twitter_misc":{"Written by":"cd2s","Est. reading time":"8 minutes"},"schema":{"@context":"https:\/\/schema.org","@graph":[{"@type":"Article","@id":"https:\/\/anchor-relocation.ch\/de\/zu-vermieten-8135-langnau-am-albis-9-5-zimmer-einfamilienhaus\/#article","isPartOf":{"@id":"https:\/\/anchor-relocation.ch\/de\/zu-vermieten-8135-langnau-am-albis-9-5-zimmer-einfamilienhaus\/"},"author":{"name":"cd2s","@id":"https:\/\/anchor-relocation.ch\/de\/#\/schema\/person\/e44dbf33c25a80a1dafa3792d205ac96"},"headline":"Vermietet &#8211; 8135 Langnau am Albis &#8211; 9,5 Zimmer (8 Schlafzimmer) Freistehendes Einfamilienhaus &#8211; Platz f\u00fcr Familie, Arbeit und das ganze Leben dazwischen","datePublished":"2026-04-16T19:56:29+00:00","dateModified":"2026-07-15T07:44:51+00:00","mainEntityOfPage":{"@id":"https:\/\/anchor-relocation.ch\/de\/zu-vermieten-8135-langnau-am-albis-9-5-zimmer-einfamilienhaus\/"},"wordCount":2869,"publisher":{"@id":"https:\/\/anchor-relocation.ch\/de\/#organization"},"image":{"@id":"https:\/\/anchor-relocation.ch\/de\/zu-vermieten-8135-langnau-am-albis-9-5-zimmer-einfamilienhaus\/#primaryimage"},"thumbnailUrl":"https:\/\/anchor-relocation.ch\/wp-content\/uploads\/2026\/04\/Anchor_Gschwind_Langnau-am-Albis_2026-04-09_DSCF0399_HDR.jpg","articleSection":["Aktuelles","Immobilien zu vermieten"],"inLanguage":"de-DE"},{"@type":"WebPage","@id":"https:\/\/anchor-relocation.ch\/de\/zu-vermieten-8135-langnau-am-albis-9-5-zimmer-einfamilienhaus\/","url":"https:\/\/anchor-relocation.ch\/de\/zu-vermieten-8135-langnau-am-albis-9-5-zimmer-einfamilienhaus\/","name":"Vermietet - 8135 Langnau am Albis - 9,5 Zimmer (8 Schlafzimmer) Freistehendes Einfamilienhaus - Platz f\u00fcr Familie, Arbeit und das ganze Leben dazwischen &#8212; Anchor Relocation Services","isPartOf":{"@id":"https:\/\/anchor-relocation.ch\/de\/#website"},"primaryImageOfPage":{"@id":"https:\/\/anchor-relocation.ch\/de\/zu-vermieten-8135-langnau-am-albis-9-5-zimmer-einfamilienhaus\/#primaryimage"},"image":{"@id":"https:\/\/anchor-relocation.ch\/de\/zu-vermieten-8135-langnau-am-albis-9-5-zimmer-einfamilienhaus\/#primaryimage"},"thumbnailUrl":"https:\/\/anchor-relocation.ch\/wp-content\/uploads\/2026\/04\/Anchor_Gschwind_Langnau-am-Albis_2026-04-09_DSCF0399_HDR.jpg","datePublished":"2026-04-16T19:56:29+00:00","dateModified":"2026-07-15T07:44:51+00:00","description":"Ger\u00e4umiges 9,5-Zimmer-Einfamilienhaus (8 Schlafzimmer) zur Miete in Langnau am Albis mit 350 m\u00b2 Bruttogeschossfl\u00e4che, grossem Garten, Terrasse und hervorragender Anbindung an Z\u00fcrich.","breadcrumb":{"@id":"https:\/\/anchor-relocation.ch\/de\/zu-vermieten-8135-langnau-am-albis-9-5-zimmer-einfamilienhaus\/#breadcrumb"},"inLanguage":"de-DE","potentialAction":[{"@type":"ReadAction","target":["https:\/\/anchor-relocation.ch\/de\/zu-vermieten-8135-langnau-am-albis-9-5-zimmer-einfamilienhaus\/"]}]},{"@type":"ImageObject","inLanguage":"de-DE","@id":"https:\/\/anchor-relocation.ch\/de\/zu-vermieten-8135-langnau-am-albis-9-5-zimmer-einfamilienhaus\/#primaryimage","url":"https:\/\/anchor-relocation.ch\/wp-content\/uploads\/2026\/04\/Anchor_Gschwind_Langnau-am-Albis_2026-04-09_DSCF0399_HDR.jpg","contentUrl":"https:\/\/anchor-relocation.ch\/wp-content\/uploads\/2026\/04\/Anchor_Gschwind_Langnau-am-Albis_2026-04-09_DSCF0399_HDR.jpg","width":2500,"height":1875,"caption":"Leased \u2014 House"},{"@type":"BreadcrumbList","@id":"https:\/\/anchor-relocation.ch\/de\/zu-vermieten-8135-langnau-am-albis-9-5-zimmer-einfamilienhaus\/#breadcrumb","itemListElement":[{"@type":"ListItem","position":1,"name":"Home","item":"https:\/\/anchor-relocation.ch\/de\/home\/"},{"@type":"ListItem","position":2,"name":"Vermietet &#8211; 8135 Langnau am Albis &#8211; 9,5 Zimmer (8 Schlafzimmer) Freistehendes Einfamilienhaus &#8211; Platz f\u00fcr Familie, Arbeit und das ganze Leben dazwischen"}]},{"@type":"WebSite","@id":"https:\/\/anchor-relocation.ch\/de\/#website","url":"https:\/\/anchor-relocation.ch\/de\/","name":"Anchor Relocation Services","description":"welcome home.","publisher":{"@id":"https:\/\/anchor-relocation.ch\/de\/#organization"},"alternateName":"Relocation Services Zurich","potentialAction":[{"@type":"SearchAction","target":{"@type":"EntryPoint","urlTemplate":"https:\/\/anchor-relocation.ch\/de\/?s={search_term_string}"},"query-input":{"@type":"PropertyValueSpecification","valueRequired":true,"valueName":"search_term_string"}}],"inLanguage":"de-DE"},{"@type":"Organization","@id":"https:\/\/anchor-relocation.ch\/de\/#organization","name":"Anchor Relocation + Property Services","url":"https:\/\/anchor-relocation.ch\/de\/","logo":{"@type":"ImageObject","inLanguage":"de-DE","@id":"https:\/\/anchor-relocation.ch\/de\/#\/schema\/logo\/image\/","url":"https:\/\/anchor-relocation.ch\/wp-content\/uploads\/2017\/01\/anchor_NoTagline_2016_2945U.png","contentUrl":"https:\/\/anchor-relocation.ch\/wp-content\/uploads\/2017\/01\/anchor_NoTagline_2016_2945U.png","width":2961,"height":190,"caption":"Anchor Relocation + Property Services"},"image":{"@id":"https:\/\/anchor-relocation.ch\/de\/#\/schema\/logo\/image\/"}},{"@type":"Person","@id":"https:\/\/anchor-relocation.ch\/de\/#\/schema\/person\/e44dbf33c25a80a1dafa3792d205ac96","name":"cd2s","image":{"@type":"ImageObject","inLanguage":"de-DE","@id":"https:\/\/secure.gravatar.com\/avatar\/5d0fe13009dba9ab982f52abe74771dffee1bf00af91b29b8997003a872c07fe?s=96&d=mm&r=g","url":"https:\/\/secure.gravatar.com\/avatar\/5d0fe13009dba9ab982f52abe74771dffee1bf00af91b29b8997003a872c07fe?s=96&d=mm&r=g","contentUrl":"https:\/\/secure.gravatar.com\/avatar\/5d0fe13009dba9ab982f52abe74771dffee1bf00af91b29b8997003a872c07fe?s=96&d=mm&r=g","caption":"cd2s"}}]}},"_links":{"self":[{"href":"https:\/\/anchor-relocation.ch\/de\/wp-json\/wp\/v2\/posts\/7364","targetHints":{"allow":["GET"]}}],"collection":[{"href":"https:\/\/anchor-relocation.ch\/de\/wp-json\/wp\/v2\/posts"}],"about":[{"href":"https:\/\/anchor-relocation.ch\/de\/wp-json\/wp\/v2\/types\/post"}],"author":[{"embeddable":true,"href":"https:\/\/anchor-relocation.ch\/de\/wp-json\/wp\/v2\/users\/2"}],"replies":[{"embeddable":true,"href":"https:\/\/anchor-relocation.ch\/de\/wp-json\/wp\/v2\/comments?post=7364"}],"version-history":[{"count":89,"href":"https:\/\/anchor-relocation.ch\/de\/wp-json\/wp\/v2\/posts\/7364\/revisions"}],"predecessor-version":[{"id":7849,"href":"https:\/\/anchor-relocation.ch\/de\/wp-json\/wp\/v2\/posts\/7364\/revisions\/7849"}],"wp:featuredmedia":[{"embeddable":true,"href":"https:\/\/anchor-relocation.ch\/de\/wp-json\/wp\/v2\/media\/7374"}],"wp:attachment":[{"href":"https:\/\/anchor-relocation.ch\/de\/wp-json\/wp\/v2\/media?parent=7364"}],"wp:term":[{"taxonomy":"category","embeddable":true,"href":"https:\/\/anchor-relocation.ch\/de\/wp-json\/wp\/v2\/categories?post=7364"},{"taxonomy":"post_tag","embeddable":true,"href":"https:\/\/anchor-relocation.ch\/de\/wp-json\/wp\/v2\/tags?post=7364"}],"curies":[{"name":"wp","href":"https:\/\/api.w.org\/{rel}","templated":true}]}}